{"id":43584,"date":"2026-08-31T10:30:12","date_gmt":"2026-08-31T13:30:12","guid":{"rendered":"https:\/\/larealidaddelaplata.com.ar\/?p=43584"},"modified":"2026-08-31T10:30:14","modified_gmt":"2026-08-31T13:30:14","slug":"tras-el-apagon-que-dejo-a-65-mil-usuarios-sin-luz-aumenta-la-tarifa-electrica-en-la-plata","status":"publish","type":"post","link":"https:\/\/larealidaddelaplata.com.ar\/index.php\/2026\/08\/31\/tras-el-apagon-que-dejo-a-65-mil-usuarios-sin-luz-aumenta-la-tarifa-electrica-en-la-plata\/","title":{"rendered":"Tras el apag\u00f3n que dej\u00f3 a 65 mil usuarios sin luz, aumenta la tarifa el\u00e9ctrica en La Plata"},"content":{"rendered":"\n<p class=\"wp-block-paragraph\">La Provincia de Buenos Aires aprob\u00f3 una nueva actualizaci\u00f3n de las tarifas el\u00e9ctricas que comenzar\u00e1 a impactar en las facturas correspondientes a septiembre. El ajuste alcanza a las distribuidoras EDELAP, EDEA, EDEN y EDES y tambi\u00e9n a unas 200 cooperativas el\u00e9ctricas del interior bonaerense.<\/p>\n\n\n\n<p class=\"wp-block-paragraph\">La medida fue oficializada este lunes mediante la Resoluci\u00f3n 682\/2026 del Ministerio de Infraestructura y Servicios P\u00fablicos. Los incrementos oscilar\u00e1n entre el 1% y el 2,4% y alcanzar\u00e1n tanto al cargo fijo como al componente variable de las facturas.<\/p>\n\n\n\n<p class=\"wp-block-paragraph\">El aumento surge de la combinaci\u00f3n de una suba del 5,6% en el precio mayorista de la energ\u00eda dispuesta por el Gobierno nacional y un incremento del 1,8% en el valor agregado de distribuci\u00f3n (VAD) correspondiente a septiembre.<\/p>\n\n\n\n<h3 class=\"wp-block-heading\">Cu\u00e1nto pagar\u00e1n los usuarios<\/h3>\n\n\n\n<p class=\"wp-block-paragraph\">De acuerdo con los valores oficiales, un usuario residencial <strong>sin subsidios<\/strong> que consume unos 150 kWh mensuales pasar\u00e1 de pagar alrededor de <strong>$55.550 a $56.900<\/strong>, impuestos incluidos.<\/p>\n\n\n\n<p class=\"wp-block-paragraph\">Para quienes mantienen subsidios, una factura de similares caracter\u00edsticas pasar\u00e1 de <strong>$37.500 a $38.000<\/strong> mensuales.<\/p>\n\n\n\n<p class=\"wp-block-paragraph\">Seg\u00fan explic\u00f3 el Gobierno bonaerense, aproximadamente el 40% de la factura corresponde al costo nacional de la energ\u00eda, el 33% a los ingresos de las distribuidoras y el 27% restante a impuestos nacionales y provinciales.<\/p>\n\n\n\n<h3 class=\"wp-block-heading\">Bonificaci\u00f3n para los afectados por el apag\u00f3n de La Plata<\/h3>\n\n\n\n<p class=\"wp-block-paragraph\">La resoluci\u00f3n tambi\u00e9n contempla una medida espec\u00edfica para los usuarios de EDELAP afectados por la salida de servicio de la Estaci\u00f3n Transformadora Tolosa, ocurrida el 17 de agosto y que dej\u00f3 sin suministro a unos <strong>65.000 usuarios<\/strong>.<\/p>\n\n\n\n<p class=\"wp-block-paragraph\">La empresa deber\u00e1 aplicar en la pr\u00f3xima factura una <strong>bonificaci\u00f3n equivalente al 20% de los conceptos el\u00e9ctricos por cada 24 horas sin servicio<\/strong>.<\/p>\n\n\n\n<p class=\"wp-block-paragraph\">Cuando el corte no coincida exactamente con per\u00edodos de 24 horas, el descuento se calcular\u00e1 a raz\u00f3n de <strong>0,8% por cada hora sin suministro<\/strong>, hasta la restituci\u00f3n normal del servicio.<\/p>\n\n\n\n<p class=\"wp-block-paragraph\">Adem\u00e1s, EDELAP deber\u00e1 agilizar el tratamiento de los reclamos por da\u00f1os ocasionados durante el prolongado apag\u00f3n.<\/p>\n\n\n\n<p class=\"wp-block-paragraph\">De esta manera, mientras las tarifas el\u00e9ctricas vuelven a incrementarse en septiembre, los usuarios platenses que padecieron los cortes m\u00e1s extensos tendr\u00e1n un descuento espec\u00edfico en sus pr\u00f3ximas facturas.<\/p>\n","protected":false},"excerpt":{"rendered":"<p>La Provincia de Buenos Aires aprob\u00f3 una nueva actualizaci\u00f3n de las tarifas el\u00e9ctricas que comenzar\u00e1 a impactar en las facturas correspondientes a septiembre. El ajuste alcanza a las distribuidoras EDELAP, EDEA, EDEN y EDES y tambi\u00e9n a unas 200 cooperativas el\u00e9ctricas del interior bonaerense. La medida fue oficializada este lunes mediante la Resoluci\u00f3n 682\/2026 del Ministerio de Infraestructura y Servicios P\u00fablicos. Los incrementos oscilar\u00e1n entre el 1% y el 2,4%&hellip;<\/p>\n","protected":false},"author":3,"featured_media":21646,"comment_status":"open","ping_status":"open","sticky":false,"template":"","format":"standard","meta":{"_acf_changed":false,"footnotes":""},"categories":[2],"tags":[],"class_list":["post-43584","post","type-post","status-publish","format-standard","has-post-thumbnail","hentry","category-provincia"],"acf":[],"aioseo_notices":[],"aioseo_head":"\n\t\t<!-- All in One SEO 5.0.1.1 - aioseo.com -->\n\t<meta name=\"description\" content=\"La Provincia de Buenos Aires aprob\u00f3 una nueva actualizaci\u00f3n de las tarifas el\u00e9ctricas que comenzar\u00e1 a impactar en las facturas correspondientes a septiembre. El ajuste alcanza a las distribuidoras EDELAP, EDEA, EDEN y EDES y tambi\u00e9n a unas 200 cooperativas el\u00e9ctricas del interior bonaerense. La medida fue oficializada este lunes mediante la Resoluci\u00f3n 682\/2026 del\" \/>\n\t<meta name=\"robots\" content=\"max-snippet:-1, max-image-preview:large, max-video-preview:-1\" \/>\n\t<meta name=\"author\" content=\"Riso\"\/>\n\t<link rel=\"canonical\" href=\"https:\/\/larealidaddelaplata.com.ar\/index.php\/2026\/08\/31\/tras-el-apagon-que-dejo-a-65-mil-usuarios-sin-luz-aumenta-la-tarifa-electrica-en-la-plata\/\" \/>\n\t<meta name=\"generator\" content=\"All in One SEO (AIOSEO) 5.0.1.1\" \/>\n\t\t<script type=\"application\/ld+json\" class=\"aioseo-schema\">\n\t\t\t{\"@context\":\"https:\\\/\\\/schema.org\",\"@graph\":[{\"@type\":\"Article\",\"@id\":\"https:\\\/\\\/larealidaddelaplata.com.ar\\\/index.php\\\/2026\\\/08\\\/31\\\/tras-el-apagon-que-dejo-a-65-mil-usuarios-sin-luz-aumenta-la-tarifa-electrica-en-la-plata\\\/#article\",\"name\":\"Tras el apag\\u00f3n que dej\\u00f3 a 65 mil usuarios sin luz, aumenta la tarifa el\\u00e9ctrica en La Plata | larealidaddelaplata.com.ar\",\"headline\":\"Tras el apag\\u00f3n que dej\\u00f3 a 65 mil usuarios sin luz, aumenta la tarifa el\\u00e9ctrica en La Plata\",\"author\":{\"@id\":\"https:\\\/\\\/larealidaddelaplata.com.ar\\\/index.php\\\/author\\\/riso\\\/#author\"},\"publisher\":{\"@id\":\"https:\\\/\\\/larealidaddelaplata.com.ar\\\/#organization\"},\"image\":{\"@type\":\"ImageObject\",\"url\":\"https:\\\/\\\/larealidaddelaplata.com.ar\\\/wp-content\\\/uploads\\\/2022\\\/06\\\/Edelap-cortes-reclamos-servicios-de-luz.jpg\",\"width\":425,\"height\":240},\"datePublished\":\"2026-08-31T10:30:12-03:00\",\"dateModified\":\"2026-08-31T10:30:14-03:00\",\"inLanguage\":\"es-AR\",\"mainEntityOfPage\":{\"@id\":\"https:\\\/\\\/larealidaddelaplata.com.ar\\\/index.php\\\/2026\\\/08\\\/31\\\/tras-el-apagon-que-dejo-a-65-mil-usuarios-sin-luz-aumenta-la-tarifa-electrica-en-la-plata\\\/#webpage\"},\"isPartOf\":{\"@id\":\"https:\\\/\\\/larealidaddelaplata.com.ar\\\/index.php\\\/2026\\\/08\\\/31\\\/tras-el-apagon-que-dejo-a-65-mil-usuarios-sin-luz-aumenta-la-tarifa-electrica-en-la-plata\\\/#webpage\"},\"articleSection\":\"Provincia\"},{\"@type\":\"BreadcrumbList\",\"@id\":\"https:\\\/\\\/larealidaddelaplata.com.ar\\\/index.php\\\/2026\\\/08\\\/31\\\/tras-el-apagon-que-dejo-a-65-mil-usuarios-sin-luz-aumenta-la-tarifa-electrica-en-la-plata\\\/#breadcrumblist\",\"itemListElement\":[{\"@type\":\"ListItem\",\"@id\":\"https:\\\/\\\/larealidaddelaplata.com.ar#listItem\",\"position\":1,\"name\":\"Home\",\"item\":\"https:\\\/\\\/larealidaddelaplata.com.ar\",\"nextItem\":{\"@type\":\"ListItem\",\"@id\":\"https:\\\/\\\/larealidaddelaplata.com.ar\\\/index.php\\\/category\\\/provincia\\\/#listItem\",\"name\":\"Provincia\"}},{\"@type\":\"ListItem\",\"@id\":\"https:\\\/\\\/larealidaddelaplata.com.ar\\\/index.php\\\/category\\\/provincia\\\/#listItem\",\"position\":2,\"name\":\"Provincia\",\"item\":\"https:\\\/\\\/larealidaddelaplata.com.ar\\\/index.php\\\/category\\\/provincia\\\/\",\"nextItem\":{\"@type\":\"ListItem\",\"@id\":\"https:\\\/\\\/larealidaddelaplata.com.ar\\\/index.php\\\/2026\\\/08\\\/31\\\/tras-el-apagon-que-dejo-a-65-mil-usuarios-sin-luz-aumenta-la-tarifa-electrica-en-la-plata\\\/#listItem\",\"name\":\"Tras el apag\\u00f3n que dej\\u00f3 a 65 mil usuarios sin luz, aumenta la tarifa el\\u00e9ctrica en La Plata\"},\"previousItem\":{\"@type\":\"ListItem\",\"@id\":\"https:\\\/\\\/larealidaddelaplata.com.ar#listItem\",\"name\":\"Home\"}},{\"@type\":\"ListItem\",\"@id\":\"https:\\\/\\\/larealidaddelaplata.com.ar\\\/index.php\\\/2026\\\/08\\\/31\\\/tras-el-apagon-que-dejo-a-65-mil-usuarios-sin-luz-aumenta-la-tarifa-electrica-en-la-plata\\\/#listItem\",\"position\":3,\"name\":\"Tras el apag\\u00f3n que dej\\u00f3 a 65 mil usuarios sin luz, aumenta la tarifa el\\u00e9ctrica en La Plata\",\"previousItem\":{\"@type\":\"ListItem\",\"@id\":\"https:\\\/\\\/larealidaddelaplata.com.ar\\\/index.php\\\/category\\\/provincia\\\/#listItem\",\"name\":\"Provincia\"}}]},{\"@type\":\"Organization\",\"@id\":\"https:\\\/\\\/larealidaddelaplata.com.ar\\\/#organization\",\"name\":\"La Realidad de La Plata\",\"description\":\"Tu portal de noticias sobre la realidad la Provincia de Buenos Aires y La Plata\",\"url\":\"https:\\\/\\\/larealidaddelaplata.com.ar\\\/\",\"logo\":{\"@type\":\"ImageObject\",\"url\":\"https:\\\/\\\/larealidaddelaplata.com.ar\\\/wp-content\\\/uploads\\\/2021\\\/01\\\/cropped-Diseno-sin-titulo-1-1.png\",\"@id\":\"https:\\\/\\\/larealidaddelaplata.com.ar\\\/index.php\\\/2026\\\/08\\\/31\\\/tras-el-apagon-que-dejo-a-65-mil-usuarios-sin-luz-aumenta-la-tarifa-electrica-en-la-plata\\\/#organizationLogo\",\"width\":1920,\"height\":355},\"image\":{\"@id\":\"https:\\\/\\\/larealidaddelaplata.com.ar\\\/index.php\\\/2026\\\/08\\\/31\\\/tras-el-apagon-que-dejo-a-65-mil-usuarios-sin-luz-aumenta-la-tarifa-electrica-en-la-plata\\\/#organizationLogo\"}},{\"@type\":\"Person\",\"@id\":\"https:\\\/\\\/larealidaddelaplata.com.ar\\\/index.php\\\/author\\\/riso\\\/#author\",\"url\":\"https:\\\/\\\/larealidaddelaplata.com.ar\\\/index.php\\\/author\\\/riso\\\/\",\"name\":\"Riso\",\"image\":{\"@type\":\"ImageObject\",\"@id\":\"https:\\\/\\\/larealidaddelaplata.com.ar\\\/index.php\\\/2026\\\/08\\\/31\\\/tras-el-apagon-que-dejo-a-65-mil-usuarios-sin-luz-aumenta-la-tarifa-electrica-en-la-plata\\\/#authorImage\",\"url\":\"https:\\\/\\\/secure.gravatar.com\\\/avatar\\\/b8a29b1cb80c18109fbc4f4f76150b29d5a28fa492bc41c870351ccfbbabbeef?s=96&d=mm&r=g\",\"width\":96,\"height\":96,\"caption\":\"Riso\"}},{\"@type\":\"WebPage\",\"@id\":\"https:\\\/\\\/larealidaddelaplata.com.ar\\\/index.php\\\/2026\\\/08\\\/31\\\/tras-el-apagon-que-dejo-a-65-mil-usuarios-sin-luz-aumenta-la-tarifa-electrica-en-la-plata\\\/#webpage\",\"url\":\"https:\\\/\\\/larealidaddelaplata.com.ar\\\/index.php\\\/2026\\\/08\\\/31\\\/tras-el-apagon-que-dejo-a-65-mil-usuarios-sin-luz-aumenta-la-tarifa-electrica-en-la-plata\\\/\",\"name\":\"Tras el apag\\u00f3n que dej\\u00f3 a 65 mil usuarios sin luz, aumenta la tarifa el\\u00e9ctrica en La Plata | larealidaddelaplata.com.ar\",\"description\":\"La Provincia de Buenos Aires aprob\\u00f3 una nueva actualizaci\\u00f3n de las tarifas el\\u00e9ctricas que comenzar\\u00e1 a impactar en las facturas correspondientes a septiembre. El ajuste alcanza a las distribuidoras EDELAP, EDEA, EDEN y EDES y tambi\\u00e9n a unas 200 cooperativas el\\u00e9ctricas del interior bonaerense. La medida fue oficializada este lunes mediante la Resoluci\\u00f3n 682\\\/2026 del\",\"inLanguage\":\"es-AR\",\"isPartOf\":{\"@id\":\"https:\\\/\\\/larealidaddelaplata.com.ar\\\/#website\"},\"breadcrumb\":{\"@id\":\"https:\\\/\\\/larealidaddelaplata.com.ar\\\/index.php\\\/2026\\\/08\\\/31\\\/tras-el-apagon-que-dejo-a-65-mil-usuarios-sin-luz-aumenta-la-tarifa-electrica-en-la-plata\\\/#breadcrumblist\"},\"author\":{\"@id\":\"https:\\\/\\\/larealidaddelaplata.com.ar\\\/index.php\\\/author\\\/riso\\\/#author\"},\"creator\":{\"@id\":\"https:\\\/\\\/larealidaddelaplata.com.ar\\\/index.php\\\/author\\\/riso\\\/#author\"},\"image\":{\"@type\":\"ImageObject\",\"url\":\"https:\\\/\\\/larealidaddelaplata.com.ar\\\/wp-content\\\/uploads\\\/2022\\\/06\\\/Edelap-cortes-reclamos-servicios-de-luz.jpg\",\"@id\":\"https:\\\/\\\/larealidaddelaplata.com.ar\\\/index.php\\\/2026\\\/08\\\/31\\\/tras-el-apagon-que-dejo-a-65-mil-usuarios-sin-luz-aumenta-la-tarifa-electrica-en-la-plata\\\/#mainImage\",\"width\":425,\"height\":240},\"primaryImageOfPage\":{\"@id\":\"https:\\\/\\\/larealidaddelaplata.com.ar\\\/index.php\\\/2026\\\/08\\\/31\\\/tras-el-apagon-que-dejo-a-65-mil-usuarios-sin-luz-aumenta-la-tarifa-electrica-en-la-plata\\\/#mainImage\"},\"datePublished\":\"2026-08-31T10:30:12-03:00\",\"dateModified\":\"2026-08-31T10:30:14-03:00\"},{\"@type\":\"WebSite\",\"@id\":\"https:\\\/\\\/larealidaddelaplata.com.ar\\\/#website\",\"url\":\"https:\\\/\\\/larealidaddelaplata.com.ar\\\/\",\"name\":\"La Realidad de La Plata\",\"description\":\"Tu portal de noticias sobre la realidad la Provincia de Buenos Aires y La Plata\",\"inLanguage\":\"es-AR\",\"publisher\":{\"@id\":\"https:\\\/\\\/larealidaddelaplata.com.ar\\\/#organization\"}}]}\n\t\t<\/script>\n\t\t<!-- All in One SEO -->\n\n","aioseo_head_json":{"title":"Tras el apag\u00f3n que dej\u00f3 a 65 mil usuarios sin luz, aumenta la tarifa el\u00e9ctrica en La Plata | larealidaddelaplata.com.ar","description":"La Provincia de Buenos Aires aprob\u00f3 una nueva actualizaci\u00f3n de las tarifas el\u00e9ctricas que comenzar\u00e1 a impactar en las facturas correspondientes a septiembre. El ajuste alcanza a las distribuidoras EDELAP, EDEA, EDEN y EDES y tambi\u00e9n a unas 200 cooperativas el\u00e9ctricas del interior bonaerense. La medida fue oficializada este lunes mediante la Resoluci\u00f3n 682\/2026 del","canonical_url":"https:\/\/larealidaddelaplata.com.ar\/index.php\/2026\/08\/31\/tras-el-apagon-que-dejo-a-65-mil-usuarios-sin-luz-aumenta-la-tarifa-electrica-en-la-plata\/","robots":"max-snippet:-1, max-image-preview:large, max-video-preview:-1","keywords":"","webmasterTools":{"miscellaneous":""},"schema":{"@context":"https:\/\/schema.org","@graph":[{"@type":"Article","@id":"https:\/\/larealidaddelaplata.com.ar\/index.php\/2026\/08\/31\/tras-el-apagon-que-dejo-a-65-mil-usuarios-sin-luz-aumenta-la-tarifa-electrica-en-la-plata\/#article","name":"Tras el apag\u00f3n que dej\u00f3 a 65 mil usuarios sin luz, aumenta la tarifa el\u00e9ctrica en La Plata | larealidaddelaplata.com.ar","headline":"Tras el apag\u00f3n que dej\u00f3 a 65 mil usuarios sin luz, aumenta la tarifa el\u00e9ctrica en La Plata","author":{"@id":"https:\/\/larealidaddelaplata.com.ar\/index.php\/author\/riso\/#author"},"publisher":{"@id":"https:\/\/larealidaddelaplata.com.ar\/#organization"},"image":{"@type":"ImageObject","url":"https:\/\/larealidaddelaplata.com.ar\/wp-content\/uploads\/2022\/06\/Edelap-cortes-reclamos-servicios-de-luz.jpg","width":425,"height":240},"datePublished":"2026-08-31T10:30:12-03:00","dateModified":"2026-08-31T10:30:14-03:00","inLanguage":"es-AR","mainEntityOfPage":{"@id":"https:\/\/larealidaddelaplata.com.ar\/index.php\/2026\/08\/31\/tras-el-apagon-que-dejo-a-65-mil-usuarios-sin-luz-aumenta-la-tarifa-electrica-en-la-plata\/#webpage"},"isPartOf":{"@id":"https:\/\/larealidaddelaplata.com.ar\/index.php\/2026\/08\/31\/tras-el-apagon-que-dejo-a-65-mil-usuarios-sin-luz-aumenta-la-tarifa-electrica-en-la-plata\/#webpage"},"articleSection":"Provincia"},{"@type":"BreadcrumbList","@id":"https:\/\/larealidaddelaplata.com.ar\/index.php\/2026\/08\/31\/tras-el-apagon-que-dejo-a-65-mil-usuarios-sin-luz-aumenta-la-tarifa-electrica-en-la-plata\/#breadcrumblist","itemListElement":[{"@type":"ListItem","@id":"https:\/\/larealidaddelaplata.com.ar#listItem","position":1,"name":"Home","item":"https:\/\/larealidaddelaplata.com.ar","nextItem":{"@type":"ListItem","@id":"https:\/\/larealidaddelaplata.com.ar\/index.php\/category\/provincia\/#listItem","name":"Provincia"}},{"@type":"ListItem","@id":"https:\/\/larealidaddelaplata.com.ar\/index.php\/category\/provincia\/#listItem","position":2,"name":"Provincia","item":"https:\/\/larealidaddelaplata.com.ar\/index.php\/category\/provincia\/","nextItem":{"@type":"ListItem","@id":"https:\/\/larealidaddelaplata.com.ar\/index.php\/2026\/08\/31\/tras-el-apagon-que-dejo-a-65-mil-usuarios-sin-luz-aumenta-la-tarifa-electrica-en-la-plata\/#listItem","name":"Tras el apag\u00f3n que dej\u00f3 a 65 mil usuarios sin luz, aumenta la tarifa el\u00e9ctrica en La Plata"},"previousItem":{"@type":"ListItem","@id":"https:\/\/larealidaddelaplata.com.ar#listItem","name":"Home"}},{"@type":"ListItem","@id":"https:\/\/larealidaddelaplata.com.ar\/index.php\/2026\/08\/31\/tras-el-apagon-que-dejo-a-65-mil-usuarios-sin-luz-aumenta-la-tarifa-electrica-en-la-plata\/#listItem","position":3,"name":"Tras el apag\u00f3n que dej\u00f3 a 65 mil usuarios sin luz, aumenta la tarifa el\u00e9ctrica en La Plata","previousItem":{"@type":"ListItem","@id":"https:\/\/larealidaddelaplata.com.ar\/index.php\/category\/provincia\/#listItem","name":"Provincia"}}]},{"@type":"Organization","@id":"https:\/\/larealidaddelaplata.com.ar\/#organization","name":"La Realidad de La Plata","description":"Tu portal de noticias sobre la realidad la Provincia de Buenos Aires y La Plata","url":"https:\/\/larealidaddelaplata.com.ar\/","logo":{"@type":"ImageObject","url":"https:\/\/larealidaddelaplata.com.ar\/wp-content\/uploads\/2021\/01\/cropped-Diseno-sin-titulo-1-1.png","@id":"https:\/\/larealidaddelaplata.com.ar\/index.php\/2026\/08\/31\/tras-el-apagon-que-dejo-a-65-mil-usuarios-sin-luz-aumenta-la-tarifa-electrica-en-la-plata\/#organizationLogo","width":1920,"height":355},"image":{"@id":"https:\/\/larealidaddelaplata.com.ar\/index.php\/2026\/08\/31\/tras-el-apagon-que-dejo-a-65-mil-usuarios-sin-luz-aumenta-la-tarifa-electrica-en-la-plata\/#organizationLogo"}},{"@type":"Person","@id":"https:\/\/larealidaddelaplata.com.ar\/index.php\/author\/riso\/#author","url":"https:\/\/larealidaddelaplata.com.ar\/index.php\/author\/riso\/","name":"Riso","image":{"@type":"ImageObject","@id":"https:\/\/larealidaddelaplata.com.ar\/index.php\/2026\/08\/31\/tras-el-apagon-que-dejo-a-65-mil-usuarios-sin-luz-aumenta-la-tarifa-electrica-en-la-plata\/#authorImage","url":"https:\/\/secure.gravatar.com\/avatar\/b8a29b1cb80c18109fbc4f4f76150b29d5a28fa492bc41c870351ccfbbabbeef?s=96&d=mm&r=g","width":96,"height":96,"caption":"Riso"}},{"@type":"WebPage","@id":"https:\/\/larealidaddelaplata.com.ar\/index.php\/2026\/08\/31\/tras-el-apagon-que-dejo-a-65-mil-usuarios-sin-luz-aumenta-la-tarifa-electrica-en-la-plata\/#webpage","url":"https:\/\/larealidaddelaplata.com.ar\/index.php\/2026\/08\/31\/tras-el-apagon-que-dejo-a-65-mil-usuarios-sin-luz-aumenta-la-tarifa-electrica-en-la-plata\/","name":"Tras el apag\u00f3n que dej\u00f3 a 65 mil usuarios sin luz, aumenta la tarifa el\u00e9ctrica en La Plata | larealidaddelaplata.com.ar","description":"La Provincia de Buenos Aires aprob\u00f3 una nueva actualizaci\u00f3n de las tarifas el\u00e9ctricas que comenzar\u00e1 a impactar en las facturas correspondientes a septiembre. El ajuste alcanza a las distribuidoras EDELAP, EDEA, EDEN y EDES y tambi\u00e9n a unas 200 cooperativas el\u00e9ctricas del interior bonaerense. La medida fue oficializada este lunes mediante la Resoluci\u00f3n 682\/2026 del","inLanguage":"es-AR","isPartOf":{"@id":"https:\/\/larealidaddelaplata.com.ar\/#website"},"breadcrumb":{"@id":"https:\/\/larealidaddelaplata.com.ar\/index.php\/2026\/08\/31\/tras-el-apagon-que-dejo-a-65-mil-usuarios-sin-luz-aumenta-la-tarifa-electrica-en-la-plata\/#breadcrumblist"},"author":{"@id":"https:\/\/larealidaddelaplata.com.ar\/index.php\/author\/riso\/#author"},"creator":{"@id":"https:\/\/larealidaddelaplata.com.ar\/index.php\/author\/riso\/#author"},"image":{"@type":"ImageObject","url":"https:\/\/larealidaddelaplata.com.ar\/wp-content\/uploads\/2022\/06\/Edelap-cortes-reclamos-servicios-de-luz.jpg","@id":"https:\/\/larealidaddelaplata.com.ar\/index.php\/2026\/08\/31\/tras-el-apagon-que-dejo-a-65-mil-usuarios-sin-luz-aumenta-la-tarifa-electrica-en-la-plata\/#mainImage","width":425,"height":240},"primaryImageOfPage":{"@id":"https:\/\/larealidaddelaplata.com.ar\/index.php\/2026\/08\/31\/tras-el-apagon-que-dejo-a-65-mil-usuarios-sin-luz-aumenta-la-tarifa-electrica-en-la-plata\/#mainImage"},"datePublished":"2026-08-31T10:30:12-03:00","dateModified":"2026-08-31T10:30:14-03:00"},{"@type":"WebSite","@id":"https:\/\/larealidaddelaplata.com.ar\/#website","url":"https:\/\/larealidaddelaplata.com.ar\/","name":"La Realidad de La Plata","description":"Tu portal de noticias sobre la realidad la Provincia de Buenos Aires y La Plata","inLanguage":"es-AR","publisher":{"@id":"https:\/\/larealidaddelaplata.com.ar\/#organization"}}]}},"aioseo_meta_data":{"post_id":"43584","title":null,"description":null,"keywords":null,"keyphrases":{"focus":{"keyphrase":"","score":0,"analysis":{"keyphraseInTitle":{"score":0,"maxScore":9,"error":1}}},"additional":[]},"primary_term":null,"canonical_url":null,"og_title":null,"og_description":null,"og_object_type":"default","og_image_type":"default","og_image_url":null,"og_image_width":null,"og_image_height":null,"og_image_custom_url":null,"og_image_custom_fields":null,"og_video":"","og_custom_url":null,"og_article_section":null,"og_article_tags":null,"twitter_use_og":false,"twitter_card":"default","twitter_image_type":"default","twitter_image_url":null,"twitter_image_custom_url":null,"twitter_image_custom_fields":null,"twitter_title":null,"twitter_description":null,"schema":{"blockGraphs":[],"customGraphs":[],"default":{"data":{"Article":[],"Course":[],"Dataset":[],"FAQPage":[],"Movie":[],"Person":[],"Product":[],"ProductReview":[],"Car":[],"Recipe":[],"Service":[],"SoftwareApplication":[],"WebPage":[]},"graphName":"Article","isEnabled":true},"graphs":[]},"schema_type":"default","schema_type_options":null,"pillar_content":false,"robots_default":true,"robots_noindex":false,"robots_noarchive":false,"robots_nosnippet":false,"robots_nofollow":false,"robots_noimageindex":false,"robots_noodp":false,"robots_notranslate":false,"robots_max_snippet":"-1","robots_max_videopreview":"-1","robots_max_imagepreview":"large","priority":null,"frequency":"default","location":null,"local_seo":null,"breadcrumb_settings":null,"limit_modified_date":false,"ai":{"faqs":[],"keyPoints":[],"schemas":[],"titles":[],"descriptions":[],"socialPosts":{"email":{"subject":"","preview":"","content":""},"linkedin":[],"twitter":[],"facebook":[],"instagram":[]}},"created":"2026-08-31 13:28:02","updated":"2026-08-31 13:30:16","seo_analyzer_scan_date":null,"focus_keyword":null,"additional_keywords":null,"truseo_locale":null},"_links":{"self":[{"href":"https:\/\/larealidaddelaplata.com.ar\/index.php\/wp-json\/wp\/v2\/posts\/43584","targetHints":{"allow":["GET"]}}],"collection":[{"href":"https:\/\/larealidaddelaplata.com.ar\/index.php\/wp-json\/wp\/v2\/posts"}],"about":[{"href":"https:\/\/larealidaddelaplata.com.ar\/index.php\/wp-json\/wp\/v2\/types\/post"}],"author":[{"embeddable":true,"href":"https:\/\/larealidaddelaplata.com.ar\/index.php\/wp-json\/wp\/v2\/users\/3"}],"replies":[{"embeddable":true,"href":"https:\/\/larealidaddelaplata.com.ar\/index.php\/wp-json\/wp\/v2\/comments?post=43584"}],"version-history":[{"count":1,"href":"https:\/\/larealidaddelaplata.com.ar\/index.php\/wp-json\/wp\/v2\/posts\/43584\/revisions"}],"predecessor-version":[{"id":43585,"href":"https:\/\/larealidaddelaplata.com.ar\/index.php\/wp-json\/wp\/v2\/posts\/43584\/revisions\/43585"}],"wp:featuredmedia":[{"embeddable":true,"href":"https:\/\/larealidaddelaplata.com.ar\/index.php\/wp-json\/wp\/v2\/media\/21646"}],"wp:attachment":[{"href":"https:\/\/larealidaddelaplata.com.ar\/index.php\/wp-json\/wp\/v2\/media?parent=43584"}],"wp:term":[{"taxonomy":"category","embeddable":true,"href":"https:\/\/larealidaddelaplata.com.ar\/index.php\/wp-json\/wp\/v2\/categories?post=43584"},{"taxonomy":"post_tag","embeddable":true,"href":"https:\/\/larealidaddelaplata.com.ar\/index.php\/wp-json\/wp\/v2\/tags?post=43584"}],"curies":[{"name":"wp","href":"https:\/\/api.w.org\/{rel}","templated":true}]}}