{"id":43586,"date":"2026-08-31T10:39:15","date_gmt":"2026-08-31T13:39:15","guid":{"rendered":"https:\/\/larealidaddelaplata.com.ar\/?p=43586"},"modified":"2026-08-31T10:39:19","modified_gmt":"2026-08-31T13:39:19","slug":"estudiantes-recibe-a-newells-old-boys-en-la-plata-con-la-tabla-anual-como-objetivo","status":"publish","type":"post","link":"https:\/\/larealidaddelaplata.com.ar\/index.php\/2026\/08\/31\/estudiantes-recibe-a-newells-old-boys-en-la-plata-con-la-tabla-anual-como-objetivo\/","title":{"rendered":"Estudiantes recibe a Newell\u2019s Old Boys en La Plata con la tabla anual como objetivo"},"content":{"rendered":"\n<p class=\"wp-block-paragraph\"><strong>Estudiantes tendr\u00e1 este lunes una nueva oportunidad para sumar en el Torneo Clausura cuando reciba a<\/strong>\u00a0<strong>Newell\u2019s desde las 19 en La Plata<\/strong>. El encuentro corresponde a la s\u00e9ptima fecha de la Zona A y se disputar\u00e1 en el estadio Jorge Luis Hirschi. Juan Pafundi ser\u00e1 el \u00e1rbitro y Sebasti\u00e1n Habib estar\u00e1 a cargo del VAR.<\/p>\n\n\n\n<p class=\"wp-block-paragraph\"><strong>La jornada tambi\u00e9n representa una nueva presentaci\u00f3n del Pincha despu\u00e9s de su recorrido reciente en la Copa Argentina.&nbsp;<\/strong>El equipo platense elimin\u00f3 a&nbsp;<strong>Barracas Central<\/strong>&nbsp;y consigui\u00f3 el pase a la pr\u00f3xima instancia. All\u00ed deber\u00e1 medirse con Platense, aunque antes tendr\u00e1 que concentrarse nuevamente en el campeonato local.<\/p>\n\n\n\n<p class=\"wp-block-paragraph\"><strong>El antecedente inmediato de Estudiantes en el Clausura fue una derrota frente a Sarmiento en Jun\u00edn.\u00a0<\/strong>Ese resultado dej\u00f3 pendiente una recuperaci\u00f3n en el torneo. El partido de esta noche le permitir\u00e1 volver a jugar ante su p\u00fablico con la posibilidad de sumar unidades para la tabla anual.<\/p>\n\n\n\n<p class=\"wp-block-paragraph\">Newell\u2019s llegar\u00e1 a La Plata con una racha reciente que intentar\u00e1 prolongar lejos de Rosario.&nbsp;<strong>La Lepra gan\u00f3 sus dos \u00faltimos partidos<\/strong>, ambos como local. Ahora buscar\u00e1 conseguir un resultado positivo como visitante antes de afrontar el cl\u00e1sico frente a Rosario Central.<\/p>\n\n\n\n<p class=\"wp-block-paragraph\"><strong>El conjunto dirigido por Alexander Medina tendr\u00e1 entre sus titulares a&nbsp;Fernando Muslera<\/strong>&nbsp;en el arco. La defensa estar\u00e1 compuesta por Eric Meza, Santiago N\u00fa\u00f1ez, Tom\u00e1s Palacios y Gast\u00f3n Benedetti. Ezequiel Piovi y Alexis Castro ocupar\u00e1n el mediocampo, mientras que Fabricio P\u00e9rez, Joaqu\u00edn Correa, Joaqu\u00edn Tobio Burgos y Guido Carrillo completar\u00e1n la formaci\u00f3n.<\/p>\n\n\n\n<p class=\"wp-block-paragraph\"><strong>Por el lado rosarino, Josu\u00e9 Reinatti ser\u00e1 el arquero elegido por Frank Dar\u00edo Kudelka.&nbsp;<\/strong>Mart\u00edn Ortega, Lautaro Giannetti, Nicol\u00e1s Goitea y Jer\u00f3nimo Russo formar\u00e1n la \u00faltima l\u00ednea. Rodrigo Herrera o Jer\u00f3nimo G\u00f3mez Mattar, Luca Regiardo y Facundo Guch estar\u00e1n en la mitad de la cancha, con Walter Mazzantti, Mat\u00edas C\u00f3ccaro y Walter N\u00fa\u00f1ez como opciones ofensivas.<\/p>\n\n\n\n<p class=\"wp-block-paragraph\"><strong>El cruce tendr\u00e1 adem\u00e1s varios elementos que pueden incidir en el desarrollo del partido.<\/strong>&nbsp;Estudiantes llega con el desgaste propio de su participaci\u00f3n en dos competencias. Newell\u2019s, en cambio, intentar\u00e1 sostener una din\u00e1mica positiva que hasta ahora consigui\u00f3 construir principalmente en su estadio.<\/p>\n\n\n\n<p class=\"wp-block-paragraph\">La disputa por los puntos adquiere relevancia por la ubicaci\u00f3n de ambos equipos en el recorrido de la temporada.&nbsp;<strong>Estudiantes necesita sumar para acercarse a los puestos que otorgan una mejor posici\u00f3n en la tabla anual<\/strong>. Newell\u2019s buscar\u00e1 aprovechar su momento para conseguir una victoria fuera de Rosario.<\/p>\n\n\n\n<p class=\"wp-block-paragraph\"><strong>El encuentro comenzar\u00e1 a las 19 en el Jorge Luis Hirschi.&nbsp;TNT Sports transmitir\u00e1 el partido<\/strong>, mientras que Juan Pafundi estar\u00e1 acompa\u00f1ado por Sebasti\u00e1n Habib desde el VAR. La jornada cerrar\u00e1 con Estudiantes intentando recuperar terreno en el Clausura y Newell\u2019s buscando prolongar su racha positiva.<\/p>\n\n\n\n<p class=\"wp-block-paragraph\"><\/p>\n","protected":false},"excerpt":{"rendered":"<p>Estudiantes tendr\u00e1 este lunes una nueva oportunidad para sumar en el Torneo Clausura cuando reciba a\u00a0Newell\u2019s desde las 19 en La Plata. El encuentro corresponde a la s\u00e9ptima fecha de la Zona A y se disputar\u00e1 en el estadio Jorge Luis Hirschi. Juan Pafundi ser\u00e1 el \u00e1rbitro y Sebasti\u00e1n Habib estar\u00e1 a cargo del VAR. La jornada tambi\u00e9n representa una nueva presentaci\u00f3n del Pincha despu\u00e9s de su recorrido reciente en&hellip;<\/p>\n","protected":false},"author":3,"featured_media":42693,"comment_status":"open","ping_status":"open","sticky":false,"template":"","format":"standard","meta":{"_acf_changed":false,"footnotes":""},"categories":[2],"tags":[],"class_list":["post-43586","post","type-post","status-publish","format-standard","has-post-thumbnail","hentry","category-provincia"],"acf":[],"aioseo_notices":[],"aioseo_head":"\n\t\t<!-- All in One SEO 5.0.1.1 - aioseo.com -->\n\t<meta name=\"description\" content=\"Estudiantes tendr\u00e1 este lunes una nueva oportunidad para sumar en el Torneo Clausura cuando reciba a Newell\u2019s desde las 19 en La Plata. El encuentro corresponde a la s\u00e9ptima fecha de la Zona A y se disputar\u00e1 en el estadio Jorge Luis Hirschi. Juan Pafundi ser\u00e1 el \u00e1rbitro y Sebasti\u00e1n Habib estar\u00e1 a cargo del VAR.\" \/>\n\t<meta name=\"robots\" content=\"max-snippet:-1, max-image-preview:large, max-video-preview:-1\" \/>\n\t<meta name=\"author\" content=\"Riso\"\/>\n\t<link rel=\"canonical\" href=\"https:\/\/larealidaddelaplata.com.ar\/index.php\/2026\/08\/31\/estudiantes-recibe-a-newells-old-boys-en-la-plata-con-la-tabla-anual-como-objetivo\/\" \/>\n\t<meta name=\"generator\" content=\"All in One SEO (AIOSEO) 5.0.1.1\" \/>\n\t\t<script type=\"application\/ld+json\" class=\"aioseo-schema\">\n\t\t\t{\"@context\":\"https:\\\/\\\/schema.org\",\"@graph\":[{\"@type\":\"Article\",\"@id\":\"https:\\\/\\\/larealidaddelaplata.com.ar\\\/index.php\\\/2026\\\/08\\\/31\\\/estudiantes-recibe-a-newells-old-boys-en-la-plata-con-la-tabla-anual-como-objetivo\\\/#article\",\"name\":\"Estudiantes recibe a Newell\\u2019s Old Boys en La Plata con la tabla anual como objetivo | larealidaddelaplata.com.ar\",\"headline\":\"Estudiantes recibe a Newell\\u2019s Old Boys en La Plata con la tabla anual como objetivo\",\"author\":{\"@id\":\"https:\\\/\\\/larealidaddelaplata.com.ar\\\/index.php\\\/author\\\/riso\\\/#author\"},\"publisher\":{\"@id\":\"https:\\\/\\\/larealidaddelaplata.com.ar\\\/#organization\"},\"image\":{\"@type\":\"ImageObject\",\"url\":\"https:\\\/\\\/larealidaddelaplata.com.ar\\\/wp-content\\\/uploads\\\/2026\\\/05\\\/UNO-hinchada-estudiantes.jpg\",\"width\":1600,\"height\":1200},\"datePublished\":\"2026-08-31T10:39:15-03:00\",\"dateModified\":\"2026-08-31T10:39:19-03:00\",\"inLanguage\":\"es-AR\",\"mainEntityOfPage\":{\"@id\":\"https:\\\/\\\/larealidaddelaplata.com.ar\\\/index.php\\\/2026\\\/08\\\/31\\\/estudiantes-recibe-a-newells-old-boys-en-la-plata-con-la-tabla-anual-como-objetivo\\\/#webpage\"},\"isPartOf\":{\"@id\":\"https:\\\/\\\/larealidaddelaplata.com.ar\\\/index.php\\\/2026\\\/08\\\/31\\\/estudiantes-recibe-a-newells-old-boys-en-la-plata-con-la-tabla-anual-como-objetivo\\\/#webpage\"},\"articleSection\":\"Provincia\"},{\"@type\":\"BreadcrumbList\",\"@id\":\"https:\\\/\\\/larealidaddelaplata.com.ar\\\/index.php\\\/2026\\\/08\\\/31\\\/estudiantes-recibe-a-newells-old-boys-en-la-plata-con-la-tabla-anual-como-objetivo\\\/#breadcrumblist\",\"itemListElement\":[{\"@type\":\"ListItem\",\"@id\":\"https:\\\/\\\/larealidaddelaplata.com.ar#listItem\",\"position\":1,\"name\":\"Home\",\"item\":\"https:\\\/\\\/larealidaddelaplata.com.ar\",\"nextItem\":{\"@type\":\"ListItem\",\"@id\":\"https:\\\/\\\/larealidaddelaplata.com.ar\\\/index.php\\\/category\\\/provincia\\\/#listItem\",\"name\":\"Provincia\"}},{\"@type\":\"ListItem\",\"@id\":\"https:\\\/\\\/larealidaddelaplata.com.ar\\\/index.php\\\/category\\\/provincia\\\/#listItem\",\"position\":2,\"name\":\"Provincia\",\"item\":\"https:\\\/\\\/larealidaddelaplata.com.ar\\\/index.php\\\/category\\\/provincia\\\/\",\"nextItem\":{\"@type\":\"ListItem\",\"@id\":\"https:\\\/\\\/larealidaddelaplata.com.ar\\\/index.php\\\/2026\\\/08\\\/31\\\/estudiantes-recibe-a-newells-old-boys-en-la-plata-con-la-tabla-anual-como-objetivo\\\/#listItem\",\"name\":\"Estudiantes recibe a Newell\\u2019s Old Boys en La Plata con la tabla anual como objetivo\"},\"previousItem\":{\"@type\":\"ListItem\",\"@id\":\"https:\\\/\\\/larealidaddelaplata.com.ar#listItem\",\"name\":\"Home\"}},{\"@type\":\"ListItem\",\"@id\":\"https:\\\/\\\/larealidaddelaplata.com.ar\\\/index.php\\\/2026\\\/08\\\/31\\\/estudiantes-recibe-a-newells-old-boys-en-la-plata-con-la-tabla-anual-como-objetivo\\\/#listItem\",\"position\":3,\"name\":\"Estudiantes recibe a Newell\\u2019s Old Boys en La Plata con la tabla anual como objetivo\",\"previousItem\":{\"@type\":\"ListItem\",\"@id\":\"https:\\\/\\\/larealidaddelaplata.com.ar\\\/index.php\\\/category\\\/provincia\\\/#listItem\",\"name\":\"Provincia\"}}]},{\"@type\":\"Organization\",\"@id\":\"https:\\\/\\\/larealidaddelaplata.com.ar\\\/#organization\",\"name\":\"La Realidad de La Plata\",\"description\":\"Tu portal de noticias sobre la realidad la Provincia de Buenos Aires y La Plata\",\"url\":\"https:\\\/\\\/larealidaddelaplata.com.ar\\\/\",\"logo\":{\"@type\":\"ImageObject\",\"url\":\"https:\\\/\\\/larealidaddelaplata.com.ar\\\/wp-content\\\/uploads\\\/2021\\\/01\\\/cropped-Diseno-sin-titulo-1-1.png\",\"@id\":\"https:\\\/\\\/larealidaddelaplata.com.ar\\\/index.php\\\/2026\\\/08\\\/31\\\/estudiantes-recibe-a-newells-old-boys-en-la-plata-con-la-tabla-anual-como-objetivo\\\/#organizationLogo\",\"width\":1920,\"height\":355},\"image\":{\"@id\":\"https:\\\/\\\/larealidaddelaplata.com.ar\\\/index.php\\\/2026\\\/08\\\/31\\\/estudiantes-recibe-a-newells-old-boys-en-la-plata-con-la-tabla-anual-como-objetivo\\\/#organizationLogo\"}},{\"@type\":\"Person\",\"@id\":\"https:\\\/\\\/larealidaddelaplata.com.ar\\\/index.php\\\/author\\\/riso\\\/#author\",\"url\":\"https:\\\/\\\/larealidaddelaplata.com.ar\\\/index.php\\\/author\\\/riso\\\/\",\"name\":\"Riso\",\"image\":{\"@type\":\"ImageObject\",\"@id\":\"https:\\\/\\\/larealidaddelaplata.com.ar\\\/index.php\\\/2026\\\/08\\\/31\\\/estudiantes-recibe-a-newells-old-boys-en-la-plata-con-la-tabla-anual-como-objetivo\\\/#authorImage\",\"url\":\"https:\\\/\\\/secure.gravatar.com\\\/avatar\\\/b8a29b1cb80c18109fbc4f4f76150b29d5a28fa492bc41c870351ccfbbabbeef?s=96&d=mm&r=g\",\"width\":96,\"height\":96,\"caption\":\"Riso\"}},{\"@type\":\"WebPage\",\"@id\":\"https:\\\/\\\/larealidaddelaplata.com.ar\\\/index.php\\\/2026\\\/08\\\/31\\\/estudiantes-recibe-a-newells-old-boys-en-la-plata-con-la-tabla-anual-como-objetivo\\\/#webpage\",\"url\":\"https:\\\/\\\/larealidaddelaplata.com.ar\\\/index.php\\\/2026\\\/08\\\/31\\\/estudiantes-recibe-a-newells-old-boys-en-la-plata-con-la-tabla-anual-como-objetivo\\\/\",\"name\":\"Estudiantes recibe a Newell\\u2019s Old Boys en La Plata con la tabla anual como objetivo | larealidaddelaplata.com.ar\",\"description\":\"Estudiantes tendr\\u00e1 este lunes una nueva oportunidad para sumar en el Torneo Clausura cuando reciba a Newell\\u2019s desde las 19 en La Plata. El encuentro corresponde a la s\\u00e9ptima fecha de la Zona A y se disputar\\u00e1 en el estadio Jorge Luis Hirschi. Juan Pafundi ser\\u00e1 el \\u00e1rbitro y Sebasti\\u00e1n Habib estar\\u00e1 a cargo del VAR.\",\"inLanguage\":\"es-AR\",\"isPartOf\":{\"@id\":\"https:\\\/\\\/larealidaddelaplata.com.ar\\\/#website\"},\"breadcrumb\":{\"@id\":\"https:\\\/\\\/larealidaddelaplata.com.ar\\\/index.php\\\/2026\\\/08\\\/31\\\/estudiantes-recibe-a-newells-old-boys-en-la-plata-con-la-tabla-anual-como-objetivo\\\/#breadcrumblist\"},\"author\":{\"@id\":\"https:\\\/\\\/larealidaddelaplata.com.ar\\\/index.php\\\/author\\\/riso\\\/#author\"},\"creator\":{\"@id\":\"https:\\\/\\\/larealidaddelaplata.com.ar\\\/index.php\\\/author\\\/riso\\\/#author\"},\"image\":{\"@type\":\"ImageObject\",\"url\":\"https:\\\/\\\/larealidaddelaplata.com.ar\\\/wp-content\\\/uploads\\\/2026\\\/05\\\/UNO-hinchada-estudiantes.jpg\",\"@id\":\"https:\\\/\\\/larealidaddelaplata.com.ar\\\/index.php\\\/2026\\\/08\\\/31\\\/estudiantes-recibe-a-newells-old-boys-en-la-plata-con-la-tabla-anual-como-objetivo\\\/#mainImage\",\"width\":1600,\"height\":1200},\"primaryImageOfPage\":{\"@id\":\"https:\\\/\\\/larealidaddelaplata.com.ar\\\/index.php\\\/2026\\\/08\\\/31\\\/estudiantes-recibe-a-newells-old-boys-en-la-plata-con-la-tabla-anual-como-objetivo\\\/#mainImage\"},\"datePublished\":\"2026-08-31T10:39:15-03:00\",\"dateModified\":\"2026-08-31T10:39:19-03:00\"},{\"@type\":\"WebSite\",\"@id\":\"https:\\\/\\\/larealidaddelaplata.com.ar\\\/#website\",\"url\":\"https:\\\/\\\/larealidaddelaplata.com.ar\\\/\",\"name\":\"La Realidad de La Plata\",\"description\":\"Tu portal de noticias sobre la realidad la Provincia de Buenos Aires y La Plata\",\"inLanguage\":\"es-AR\",\"publisher\":{\"@id\":\"https:\\\/\\\/larealidaddelaplata.com.ar\\\/#organization\"}}]}\n\t\t<\/script>\n\t\t<!-- All in One SEO -->\n\n","aioseo_head_json":{"title":"Estudiantes recibe a Newell\u2019s Old Boys en La Plata con la tabla anual como objetivo | larealidaddelaplata.com.ar","description":"Estudiantes tendr\u00e1 este lunes una nueva oportunidad para sumar en el Torneo Clausura cuando reciba a Newell\u2019s desde las 19 en La Plata. El encuentro corresponde a la s\u00e9ptima fecha de la Zona A y se disputar\u00e1 en el estadio Jorge Luis Hirschi. Juan Pafundi ser\u00e1 el \u00e1rbitro y Sebasti\u00e1n Habib estar\u00e1 a cargo del VAR.","canonical_url":"https:\/\/larealidaddelaplata.com.ar\/index.php\/2026\/08\/31\/estudiantes-recibe-a-newells-old-boys-en-la-plata-con-la-tabla-anual-como-objetivo\/","robots":"max-snippet:-1, max-image-preview:large, max-video-preview:-1","keywords":"","webmasterTools":{"miscellaneous":""},"schema":{"@context":"https:\/\/schema.org","@graph":[{"@type":"Article","@id":"https:\/\/larealidaddelaplata.com.ar\/index.php\/2026\/08\/31\/estudiantes-recibe-a-newells-old-boys-en-la-plata-con-la-tabla-anual-como-objetivo\/#article","name":"Estudiantes recibe a Newell\u2019s Old Boys en La Plata con la tabla anual como objetivo | larealidaddelaplata.com.ar","headline":"Estudiantes recibe a Newell\u2019s Old Boys en La Plata con la tabla anual como objetivo","author":{"@id":"https:\/\/larealidaddelaplata.com.ar\/index.php\/author\/riso\/#author"},"publisher":{"@id":"https:\/\/larealidaddelaplata.com.ar\/#organization"},"image":{"@type":"ImageObject","url":"https:\/\/larealidaddelaplata.com.ar\/wp-content\/uploads\/2026\/05\/UNO-hinchada-estudiantes.jpg","width":1600,"height":1200},"datePublished":"2026-08-31T10:39:15-03:00","dateModified":"2026-08-31T10:39:19-03:00","inLanguage":"es-AR","mainEntityOfPage":{"@id":"https:\/\/larealidaddelaplata.com.ar\/index.php\/2026\/08\/31\/estudiantes-recibe-a-newells-old-boys-en-la-plata-con-la-tabla-anual-como-objetivo\/#webpage"},"isPartOf":{"@id":"https:\/\/larealidaddelaplata.com.ar\/index.php\/2026\/08\/31\/estudiantes-recibe-a-newells-old-boys-en-la-plata-con-la-tabla-anual-como-objetivo\/#webpage"},"articleSection":"Provincia"},{"@type":"BreadcrumbList","@id":"https:\/\/larealidaddelaplata.com.ar\/index.php\/2026\/08\/31\/estudiantes-recibe-a-newells-old-boys-en-la-plata-con-la-tabla-anual-como-objetivo\/#breadcrumblist","itemListElement":[{"@type":"ListItem","@id":"https:\/\/larealidaddelaplata.com.ar#listItem","position":1,"name":"Home","item":"https:\/\/larealidaddelaplata.com.ar","nextItem":{"@type":"ListItem","@id":"https:\/\/larealidaddelaplata.com.ar\/index.php\/category\/provincia\/#listItem","name":"Provincia"}},{"@type":"ListItem","@id":"https:\/\/larealidaddelaplata.com.ar\/index.php\/category\/provincia\/#listItem","position":2,"name":"Provincia","item":"https:\/\/larealidaddelaplata.com.ar\/index.php\/category\/provincia\/","nextItem":{"@type":"ListItem","@id":"https:\/\/larealidaddelaplata.com.ar\/index.php\/2026\/08\/31\/estudiantes-recibe-a-newells-old-boys-en-la-plata-con-la-tabla-anual-como-objetivo\/#listItem","name":"Estudiantes recibe a Newell\u2019s Old Boys en La Plata con la tabla anual como objetivo"},"previousItem":{"@type":"ListItem","@id":"https:\/\/larealidaddelaplata.com.ar#listItem","name":"Home"}},{"@type":"ListItem","@id":"https:\/\/larealidaddelaplata.com.ar\/index.php\/2026\/08\/31\/estudiantes-recibe-a-newells-old-boys-en-la-plata-con-la-tabla-anual-como-objetivo\/#listItem","position":3,"name":"Estudiantes recibe a Newell\u2019s Old Boys en La Plata con la tabla anual como objetivo","previousItem":{"@type":"ListItem","@id":"https:\/\/larealidaddelaplata.com.ar\/index.php\/category\/provincia\/#listItem","name":"Provincia"}}]},{"@type":"Organization","@id":"https:\/\/larealidaddelaplata.com.ar\/#organization","name":"La Realidad de La Plata","description":"Tu portal de noticias sobre la realidad la Provincia de Buenos Aires y La Plata","url":"https:\/\/larealidaddelaplata.com.ar\/","logo":{"@type":"ImageObject","url":"https:\/\/larealidaddelaplata.com.ar\/wp-content\/uploads\/2021\/01\/cropped-Diseno-sin-titulo-1-1.png","@id":"https:\/\/larealidaddelaplata.com.ar\/index.php\/2026\/08\/31\/estudiantes-recibe-a-newells-old-boys-en-la-plata-con-la-tabla-anual-como-objetivo\/#organizationLogo","width":1920,"height":355},"image":{"@id":"https:\/\/larealidaddelaplata.com.ar\/index.php\/2026\/08\/31\/estudiantes-recibe-a-newells-old-boys-en-la-plata-con-la-tabla-anual-como-objetivo\/#organizationLogo"}},{"@type":"Person","@id":"https:\/\/larealidaddelaplata.com.ar\/index.php\/author\/riso\/#author","url":"https:\/\/larealidaddelaplata.com.ar\/index.php\/author\/riso\/","name":"Riso","image":{"@type":"ImageObject","@id":"https:\/\/larealidaddelaplata.com.ar\/index.php\/2026\/08\/31\/estudiantes-recibe-a-newells-old-boys-en-la-plata-con-la-tabla-anual-como-objetivo\/#authorImage","url":"https:\/\/secure.gravatar.com\/avatar\/b8a29b1cb80c18109fbc4f4f76150b29d5a28fa492bc41c870351ccfbbabbeef?s=96&d=mm&r=g","width":96,"height":96,"caption":"Riso"}},{"@type":"WebPage","@id":"https:\/\/larealidaddelaplata.com.ar\/index.php\/2026\/08\/31\/estudiantes-recibe-a-newells-old-boys-en-la-plata-con-la-tabla-anual-como-objetivo\/#webpage","url":"https:\/\/larealidaddelaplata.com.ar\/index.php\/2026\/08\/31\/estudiantes-recibe-a-newells-old-boys-en-la-plata-con-la-tabla-anual-como-objetivo\/","name":"Estudiantes recibe a Newell\u2019s Old Boys en La Plata con la tabla anual como objetivo | larealidaddelaplata.com.ar","description":"Estudiantes tendr\u00e1 este lunes una nueva oportunidad para sumar en el Torneo Clausura cuando reciba a Newell\u2019s desde las 19 en La Plata. El encuentro corresponde a la s\u00e9ptima fecha de la Zona A y se disputar\u00e1 en el estadio Jorge Luis Hirschi. Juan Pafundi ser\u00e1 el \u00e1rbitro y Sebasti\u00e1n Habib estar\u00e1 a cargo del VAR.","inLanguage":"es-AR","isPartOf":{"@id":"https:\/\/larealidaddelaplata.com.ar\/#website"},"breadcrumb":{"@id":"https:\/\/larealidaddelaplata.com.ar\/index.php\/2026\/08\/31\/estudiantes-recibe-a-newells-old-boys-en-la-plata-con-la-tabla-anual-como-objetivo\/#breadcrumblist"},"author":{"@id":"https:\/\/larealidaddelaplata.com.ar\/index.php\/author\/riso\/#author"},"creator":{"@id":"https:\/\/larealidaddelaplata.com.ar\/index.php\/author\/riso\/#author"},"image":{"@type":"ImageObject","url":"https:\/\/larealidaddelaplata.com.ar\/wp-content\/uploads\/2026\/05\/UNO-hinchada-estudiantes.jpg","@id":"https:\/\/larealidaddelaplata.com.ar\/index.php\/2026\/08\/31\/estudiantes-recibe-a-newells-old-boys-en-la-plata-con-la-tabla-anual-como-objetivo\/#mainImage","width":1600,"height":1200},"primaryImageOfPage":{"@id":"https:\/\/larealidaddelaplata.com.ar\/index.php\/2026\/08\/31\/estudiantes-recibe-a-newells-old-boys-en-la-plata-con-la-tabla-anual-como-objetivo\/#mainImage"},"datePublished":"2026-08-31T10:39:15-03:00","dateModified":"2026-08-31T10:39:19-03:00"},{"@type":"WebSite","@id":"https:\/\/larealidaddelaplata.com.ar\/#website","url":"https:\/\/larealidaddelaplata.com.ar\/","name":"La Realidad de La Plata","description":"Tu portal de noticias sobre la realidad la Provincia de Buenos Aires y La Plata","inLanguage":"es-AR","publisher":{"@id":"https:\/\/larealidaddelaplata.com.ar\/#organization"}}]}},"aioseo_meta_data":{"post_id":"43586","title":null,"description":null,"keywords":null,"keyphrases":{"focus":{"keyphrase":"","score":0,"analysis":{"keyphraseInTitle":{"score":0,"maxScore":9,"error":1}}},"additional":[]},"primary_term":null,"canonical_url":null,"og_title":null,"og_description":null,"og_object_type":"default","og_image_type":"default","og_image_url":null,"og_image_width":null,"og_image_height":null,"og_image_custom_url":null,"og_image_custom_fields":null,"og_video":"","og_custom_url":null,"og_article_section":null,"og_article_tags":null,"twitter_use_og":false,"twitter_card":"default","twitter_image_type":"default","twitter_image_url":null,"twitter_image_custom_url":null,"twitter_image_custom_fields":null,"twitter_title":null,"twitter_description":null,"schema":{"blockGraphs":[],"customGraphs":[],"default":{"data":{"Article":[],"Course":[],"Dataset":[],"FAQPage":[],"Movie":[],"Person":[],"Product":[],"ProductReview":[],"Car":[],"Recipe":[],"Service":[],"SoftwareApplication":[],"WebPage":[]},"graphName":"Article","isEnabled":true},"graphs":[]},"schema_type":"default","schema_type_options":null,"pillar_content":false,"robots_default":true,"robots_noindex":false,"robots_noarchive":false,"robots_nosnippet":false,"robots_nofollow":false,"robots_noimageindex":false,"robots_noodp":false,"robots_notranslate":false,"robots_max_snippet":"-1","robots_max_videopreview":"-1","robots_max_imagepreview":"large","priority":null,"frequency":"default","location":null,"local_seo":null,"breadcrumb_settings":null,"limit_modified_date":false,"ai":{"faqs":[],"keyPoints":[],"schemas":[],"titles":[],"descriptions":[],"socialPosts":{"email":{"subject":"","preview":"","content":""},"linkedin":[],"twitter":[],"facebook":[],"instagram":[]}},"created":"2026-08-31 13:36:34","updated":"2026-08-31 13:39:20","seo_analyzer_scan_date":null,"focus_keyword":null,"additional_keywords":null,"truseo_locale":null},"_links":{"self":[{"href":"https:\/\/larealidaddelaplata.com.ar\/index.php\/wp-json\/wp\/v2\/posts\/43586","targetHints":{"allow":["GET"]}}],"collection":[{"href":"https:\/\/larealidaddelaplata.com.ar\/index.php\/wp-json\/wp\/v2\/posts"}],"about":[{"href":"https:\/\/larealidaddelaplata.com.ar\/index.php\/wp-json\/wp\/v2\/types\/post"}],"author":[{"embeddable":true,"href":"https:\/\/larealidaddelaplata.com.ar\/index.php\/wp-json\/wp\/v2\/users\/3"}],"replies":[{"embeddable":true,"href":"https:\/\/larealidaddelaplata.com.ar\/index.php\/wp-json\/wp\/v2\/comments?post=43586"}],"version-history":[{"count":1,"href":"https:\/\/larealidaddelaplata.com.ar\/index.php\/wp-json\/wp\/v2\/posts\/43586\/revisions"}],"predecessor-version":[{"id":43587,"href":"https:\/\/larealidaddelaplata.com.ar\/index.php\/wp-json\/wp\/v2\/posts\/43586\/revisions\/43587"}],"wp:featuredmedia":[{"embeddable":true,"href":"https:\/\/larealidaddelaplata.com.ar\/index.php\/wp-json\/wp\/v2\/media\/42693"}],"wp:attachment":[{"href":"https:\/\/larealidaddelaplata.com.ar\/index.php\/wp-json\/wp\/v2\/media?parent=43586"}],"wp:term":[{"taxonomy":"category","embeddable":true,"href":"https:\/\/larealidaddelaplata.com.ar\/index.php\/wp-json\/wp\/v2\/categories?post=43586"},{"taxonomy":"post_tag","embeddable":true,"href":"https:\/\/larealidaddelaplata.com.ar\/index.php\/wp-json\/wp\/v2\/tags?post=43586"}],"curies":[{"name":"wp","href":"https:\/\/api.w.org\/{rel}","templated":true}]}}