{"id":43588,"date":"2026-08-31T15:51:33","date_gmt":"2026-08-31T18:51:33","guid":{"rendered":"https:\/\/larealidaddelaplata.com.ar\/?p=43588"},"modified":"2026-08-31T15:51:37","modified_gmt":"2026-08-31T18:51:37","slug":"conmocion-mundial-lionel-messi-anuncio-su-retiro-definitivo-de-la-seleccion-argentina","status":"publish","type":"post","link":"https:\/\/larealidaddelaplata.com.ar\/index.php\/2026\/08\/31\/conmocion-mundial-lionel-messi-anuncio-su-retiro-definitivo-de-la-seleccion-argentina\/","title":{"rendered":"Conmoci\u00f3n mundial: Lionel Messi anunci\u00f3 su retiro definitivo de la Selecci\u00f3n Argentina"},"content":{"rendered":"\n<p class=\"wp-block-paragraph\">El mundo del f\u00fatbol recibi\u00f3 una de las noticias m\u00e1s dif\u00edciles de asimilar. A trav\u00e9s de un sentido mensaje en su cuenta oficial de Instagram, Lionel Messi confirm\u00f3 que le pone punto final a su glorioso ciclo en la Selecci\u00f3n Argentina, una determinaci\u00f3n que confes\u00f3 tomar con un profundo dolor en el alma.<\/p>\n\n\n\n<p class=\"wp-block-paragraph\">Seg\u00fan detall\u00f3 el propio astro rosarino, el texto publicado hab\u00eda sido redactado originalmente el pasado 21 de julio, apenas 48 horas despu\u00e9s de haberse consagrado en la \u00faltima final disputada con el equipo. Sin embargo, un evento personal reciente termin\u00f3 por acelerar y ratificar su postura de dar un paso al costado. &#8220;Hoy despu\u00e9s de lo de mi pap\u00e1, estoy m\u00e1s convencido que antes&#8221;, sentenci\u00f3 el \u00eddolo para explicar el desencadenante de la publicaci\u00f3n.<\/p>\n\n\n\n<p class=\"wp-block-paragraph\">En su extensa y conmovedora carta, el m\u00e1ximo referente de la historia albiceleste expres\u00f3 su enorme gratitud hacia los hinchas por el apoyo incondicional a lo largo de dos d\u00e9cadas defendiendo al pa\u00eds. A la hora de argumentar los motivos netamente deportivos, Messi fue tajante y sincero: &#8220;Me vaci\u00e9, ya no tengo m\u00e1s para dar y aparte vienen chicos muy grandes atr\u00e1s que merecen estar&#8221;, dejando en claro que considera que es el momento ideal para darle paso a la nueva generaci\u00f3n.<\/p>\n\n\n\n<p class=\"wp-block-paragraph\">A modo de cierre, el diez destac\u00f3 su amor inquebrantable por los colores y agradeci\u00f3 a cada uno de los compa\u00f1eros, entrenadores y dirigentes con los que comparti\u00f3 plantel a lo largo de los a\u00f1os. A partir de ahora, prometi\u00f3 seguir acompa\u00f1ando a la Selecci\u00f3n, pero desde afuera: &#8220;Me voy con la tranquilidad y el orgullo de haberles regalado momentos so\u00f1ados. Gracias a Dios por hacerme argentino&#8221;.<\/p>\n","protected":false},"excerpt":{"rendered":"<p>El mundo del f\u00fatbol recibi\u00f3 una de las noticias m\u00e1s dif\u00edciles de asimilar. A trav\u00e9s de un sentido mensaje en su cuenta oficial de Instagram, Lionel Messi confirm\u00f3 que le pone punto final a su glorioso ciclo en la Selecci\u00f3n Argentina, una determinaci\u00f3n que confes\u00f3 tomar con un profundo dolor en el alma. Seg\u00fan detall\u00f3 el propio astro rosarino, el texto publicado hab\u00eda sido redactado originalmente el pasado 21 de&hellip;<\/p>\n","protected":false},"author":6,"featured_media":43589,"comment_status":"open","ping_status":"open","sticky":false,"template":"","format":"standard","meta":{"_acf_changed":false,"footnotes":""},"categories":[2],"tags":[],"class_list":["post-43588","post","type-post","status-publish","format-standard","has-post-thumbnail","hentry","category-provincia"],"acf":[],"aioseo_notices":[],"aioseo_head":"\n\t\t<!-- All in One SEO 5.0.1.1 - aioseo.com -->\n\t<meta name=\"description\" content=\"El mundo del f\u00fatbol recibi\u00f3 una de las noticias m\u00e1s dif\u00edciles de asimilar. A trav\u00e9s de un sentido mensaje en su cuenta oficial de Instagram, Lionel Messi confirm\u00f3 que le pone punto final a su glorioso ciclo en la Selecci\u00f3n Argentina, una determinaci\u00f3n que confes\u00f3 tomar con un profundo dolor en el alma. Seg\u00fan detall\u00f3\" \/>\n\t<meta name=\"robots\" content=\"max-snippet:-1, max-image-preview:large, max-video-preview:-1\" \/>\n\t<meta name=\"author\" content=\"Julian I\"\/>\n\t<link rel=\"canonical\" href=\"https:\/\/larealidaddelaplata.com.ar\/index.php\/2026\/08\/31\/conmocion-mundial-lionel-messi-anuncio-su-retiro-definitivo-de-la-seleccion-argentina\/\" \/>\n\t<meta name=\"generator\" content=\"All in One SEO (AIOSEO) 5.0.1.1\" \/>\n\t\t<script type=\"application\/ld+json\" class=\"aioseo-schema\">\n\t\t\t{\"@context\":\"https:\\\/\\\/schema.org\",\"@graph\":[{\"@type\":\"Article\",\"@id\":\"https:\\\/\\\/larealidaddelaplata.com.ar\\\/index.php\\\/2026\\\/08\\\/31\\\/conmocion-mundial-lionel-messi-anuncio-su-retiro-definitivo-de-la-seleccion-argentina\\\/#article\",\"name\":\"Conmoci\\u00f3n mundial: Lionel Messi anunci\\u00f3 su retiro definitivo de la Selecci\\u00f3n Argentina | larealidaddelaplata.com.ar\",\"headline\":\"Conmoci\\u00f3n mundial: Lionel Messi anunci\\u00f3 su retiro definitivo de la Selecci\\u00f3n Argentina\",\"author\":{\"@id\":\"https:\\\/\\\/larealidaddelaplata.com.ar\\\/index.php\\\/author\\\/julian_ibarrola\\\/#author\"},\"publisher\":{\"@id\":\"https:\\\/\\\/larealidaddelaplata.com.ar\\\/#organization\"},\"image\":{\"@type\":\"ImageObject\",\"url\":\"https:\\\/\\\/larealidaddelaplata.com.ar\\\/wp-content\\\/uploads\\\/2026\\\/08\\\/messi-anuncio-que-se-retira-de-la-seleccion-3MFXOOOQG5AW5G7AEJGELK2B4M.JPG-e1788202281944.avif\",\"width\":800,\"height\":533},\"datePublished\":\"2026-08-31T15:51:33-03:00\",\"dateModified\":\"2026-08-31T15:51:37-03:00\",\"inLanguage\":\"es-AR\",\"mainEntityOfPage\":{\"@id\":\"https:\\\/\\\/larealidaddelaplata.com.ar\\\/index.php\\\/2026\\\/08\\\/31\\\/conmocion-mundial-lionel-messi-anuncio-su-retiro-definitivo-de-la-seleccion-argentina\\\/#webpage\"},\"isPartOf\":{\"@id\":\"https:\\\/\\\/larealidaddelaplata.com.ar\\\/index.php\\\/2026\\\/08\\\/31\\\/conmocion-mundial-lionel-messi-anuncio-su-retiro-definitivo-de-la-seleccion-argentina\\\/#webpage\"},\"articleSection\":\"Provincia\"},{\"@type\":\"BreadcrumbList\",\"@id\":\"https:\\\/\\\/larealidaddelaplata.com.ar\\\/index.php\\\/2026\\\/08\\\/31\\\/conmocion-mundial-lionel-messi-anuncio-su-retiro-definitivo-de-la-seleccion-argentina\\\/#breadcrumblist\",\"itemListElement\":[{\"@type\":\"ListItem\",\"@id\":\"https:\\\/\\\/larealidaddelaplata.com.ar#listItem\",\"position\":1,\"name\":\"Home\",\"item\":\"https:\\\/\\\/larealidaddelaplata.com.ar\",\"nextItem\":{\"@type\":\"ListItem\",\"@id\":\"https:\\\/\\\/larealidaddelaplata.com.ar\\\/index.php\\\/category\\\/provincia\\\/#listItem\",\"name\":\"Provincia\"}},{\"@type\":\"ListItem\",\"@id\":\"https:\\\/\\\/larealidaddelaplata.com.ar\\\/index.php\\\/category\\\/provincia\\\/#listItem\",\"position\":2,\"name\":\"Provincia\",\"item\":\"https:\\\/\\\/larealidaddelaplata.com.ar\\\/index.php\\\/category\\\/provincia\\\/\",\"nextItem\":{\"@type\":\"ListItem\",\"@id\":\"https:\\\/\\\/larealidaddelaplata.com.ar\\\/index.php\\\/2026\\\/08\\\/31\\\/conmocion-mundial-lionel-messi-anuncio-su-retiro-definitivo-de-la-seleccion-argentina\\\/#listItem\",\"name\":\"Conmoci\\u00f3n mundial: Lionel Messi anunci\\u00f3 su retiro definitivo de la Selecci\\u00f3n Argentina\"},\"previousItem\":{\"@type\":\"ListItem\",\"@id\":\"https:\\\/\\\/larealidaddelaplata.com.ar#listItem\",\"name\":\"Home\"}},{\"@type\":\"ListItem\",\"@id\":\"https:\\\/\\\/larealidaddelaplata.com.ar\\\/index.php\\\/2026\\\/08\\\/31\\\/conmocion-mundial-lionel-messi-anuncio-su-retiro-definitivo-de-la-seleccion-argentina\\\/#listItem\",\"position\":3,\"name\":\"Conmoci\\u00f3n mundial: Lionel Messi anunci\\u00f3 su retiro definitivo de la Selecci\\u00f3n Argentina\",\"previousItem\":{\"@type\":\"ListItem\",\"@id\":\"https:\\\/\\\/larealidaddelaplata.com.ar\\\/index.php\\\/category\\\/provincia\\\/#listItem\",\"name\":\"Provincia\"}}]},{\"@type\":\"Organization\",\"@id\":\"https:\\\/\\\/larealidaddelaplata.com.ar\\\/#organization\",\"name\":\"La Realidad de La Plata\",\"description\":\"Tu portal de noticias sobre la realidad la Provincia de Buenos Aires y La Plata\",\"url\":\"https:\\\/\\\/larealidaddelaplata.com.ar\\\/\",\"logo\":{\"@type\":\"ImageObject\",\"url\":\"https:\\\/\\\/larealidaddelaplata.com.ar\\\/wp-content\\\/uploads\\\/2021\\\/01\\\/cropped-Diseno-sin-titulo-1-1.png\",\"@id\":\"https:\\\/\\\/larealidaddelaplata.com.ar\\\/index.php\\\/2026\\\/08\\\/31\\\/conmocion-mundial-lionel-messi-anuncio-su-retiro-definitivo-de-la-seleccion-argentina\\\/#organizationLogo\",\"width\":1920,\"height\":355},\"image\":{\"@id\":\"https:\\\/\\\/larealidaddelaplata.com.ar\\\/index.php\\\/2026\\\/08\\\/31\\\/conmocion-mundial-lionel-messi-anuncio-su-retiro-definitivo-de-la-seleccion-argentina\\\/#organizationLogo\"}},{\"@type\":\"Person\",\"@id\":\"https:\\\/\\\/larealidaddelaplata.com.ar\\\/index.php\\\/author\\\/julian_ibarrola\\\/#author\",\"url\":\"https:\\\/\\\/larealidaddelaplata.com.ar\\\/index.php\\\/author\\\/julian_ibarrola\\\/\",\"name\":\"Julian I\",\"image\":{\"@type\":\"ImageObject\",\"@id\":\"https:\\\/\\\/larealidaddelaplata.com.ar\\\/index.php\\\/2026\\\/08\\\/31\\\/conmocion-mundial-lionel-messi-anuncio-su-retiro-definitivo-de-la-seleccion-argentina\\\/#authorImage\",\"url\":\"https:\\\/\\\/secure.gravatar.com\\\/avatar\\\/7771209082b3e5bb400c4977362cbab150b08c7199fffcd6a227c0b2fbe17c9c?s=96&d=mm&r=g\",\"width\":96,\"height\":96,\"caption\":\"Julian I\"}},{\"@type\":\"WebPage\",\"@id\":\"https:\\\/\\\/larealidaddelaplata.com.ar\\\/index.php\\\/2026\\\/08\\\/31\\\/conmocion-mundial-lionel-messi-anuncio-su-retiro-definitivo-de-la-seleccion-argentina\\\/#webpage\",\"url\":\"https:\\\/\\\/larealidaddelaplata.com.ar\\\/index.php\\\/2026\\\/08\\\/31\\\/conmocion-mundial-lionel-messi-anuncio-su-retiro-definitivo-de-la-seleccion-argentina\\\/\",\"name\":\"Conmoci\\u00f3n mundial: Lionel Messi anunci\\u00f3 su retiro definitivo de la Selecci\\u00f3n Argentina | larealidaddelaplata.com.ar\",\"description\":\"El mundo del f\\u00fatbol recibi\\u00f3 una de las noticias m\\u00e1s dif\\u00edciles de asimilar. A trav\\u00e9s de un sentido mensaje en su cuenta oficial de Instagram, Lionel Messi confirm\\u00f3 que le pone punto final a su glorioso ciclo en la Selecci\\u00f3n Argentina, una determinaci\\u00f3n que confes\\u00f3 tomar con un profundo dolor en el alma. Seg\\u00fan detall\\u00f3\",\"inLanguage\":\"es-AR\",\"isPartOf\":{\"@id\":\"https:\\\/\\\/larealidaddelaplata.com.ar\\\/#website\"},\"breadcrumb\":{\"@id\":\"https:\\\/\\\/larealidaddelaplata.com.ar\\\/index.php\\\/2026\\\/08\\\/31\\\/conmocion-mundial-lionel-messi-anuncio-su-retiro-definitivo-de-la-seleccion-argentina\\\/#breadcrumblist\"},\"author\":{\"@id\":\"https:\\\/\\\/larealidaddelaplata.com.ar\\\/index.php\\\/author\\\/julian_ibarrola\\\/#author\"},\"creator\":{\"@id\":\"https:\\\/\\\/larealidaddelaplata.com.ar\\\/index.php\\\/author\\\/julian_ibarrola\\\/#author\"},\"image\":{\"@type\":\"ImageObject\",\"url\":\"https:\\\/\\\/larealidaddelaplata.com.ar\\\/wp-content\\\/uploads\\\/2026\\\/08\\\/messi-anuncio-que-se-retira-de-la-seleccion-3MFXOOOQG5AW5G7AEJGELK2B4M.JPG-e1788202281944.avif\",\"@id\":\"https:\\\/\\\/larealidaddelaplata.com.ar\\\/index.php\\\/2026\\\/08\\\/31\\\/conmocion-mundial-lionel-messi-anuncio-su-retiro-definitivo-de-la-seleccion-argentina\\\/#mainImage\",\"width\":800,\"height\":533},\"primaryImageOfPage\":{\"@id\":\"https:\\\/\\\/larealidaddelaplata.com.ar\\\/index.php\\\/2026\\\/08\\\/31\\\/conmocion-mundial-lionel-messi-anuncio-su-retiro-definitivo-de-la-seleccion-argentina\\\/#mainImage\"},\"datePublished\":\"2026-08-31T15:51:33-03:00\",\"dateModified\":\"2026-08-31T15:51:37-03:00\"},{\"@type\":\"WebSite\",\"@id\":\"https:\\\/\\\/larealidaddelaplata.com.ar\\\/#website\",\"url\":\"https:\\\/\\\/larealidaddelaplata.com.ar\\\/\",\"name\":\"La Realidad de La Plata\",\"description\":\"Tu portal de noticias sobre la realidad la Provincia de Buenos Aires y La Plata\",\"inLanguage\":\"es-AR\",\"publisher\":{\"@id\":\"https:\\\/\\\/larealidaddelaplata.com.ar\\\/#organization\"}}]}\n\t\t<\/script>\n\t\t<!-- All in One SEO -->\n\n","aioseo_head_json":{"title":"Conmoci\u00f3n mundial: Lionel Messi anunci\u00f3 su retiro definitivo de la Selecci\u00f3n Argentina | larealidaddelaplata.com.ar","description":"El mundo del f\u00fatbol recibi\u00f3 una de las noticias m\u00e1s dif\u00edciles de asimilar. A trav\u00e9s de un sentido mensaje en su cuenta oficial de Instagram, Lionel Messi confirm\u00f3 que le pone punto final a su glorioso ciclo en la Selecci\u00f3n Argentina, una determinaci\u00f3n que confes\u00f3 tomar con un profundo dolor en el alma. Seg\u00fan detall\u00f3","canonical_url":"https:\/\/larealidaddelaplata.com.ar\/index.php\/2026\/08\/31\/conmocion-mundial-lionel-messi-anuncio-su-retiro-definitivo-de-la-seleccion-argentina\/","robots":"max-snippet:-1, max-image-preview:large, max-video-preview:-1","keywords":"","webmasterTools":{"miscellaneous":""},"schema":{"@context":"https:\/\/schema.org","@graph":[{"@type":"Article","@id":"https:\/\/larealidaddelaplata.com.ar\/index.php\/2026\/08\/31\/conmocion-mundial-lionel-messi-anuncio-su-retiro-definitivo-de-la-seleccion-argentina\/#article","name":"Conmoci\u00f3n mundial: Lionel Messi anunci\u00f3 su retiro definitivo de la Selecci\u00f3n Argentina | larealidaddelaplata.com.ar","headline":"Conmoci\u00f3n mundial: Lionel Messi anunci\u00f3 su retiro definitivo de la Selecci\u00f3n Argentina","author":{"@id":"https:\/\/larealidaddelaplata.com.ar\/index.php\/author\/julian_ibarrola\/#author"},"publisher":{"@id":"https:\/\/larealidaddelaplata.com.ar\/#organization"},"image":{"@type":"ImageObject","url":"https:\/\/larealidaddelaplata.com.ar\/wp-content\/uploads\/2026\/08\/messi-anuncio-que-se-retira-de-la-seleccion-3MFXOOOQG5AW5G7AEJGELK2B4M.JPG-e1788202281944.avif","width":800,"height":533},"datePublished":"2026-08-31T15:51:33-03:00","dateModified":"2026-08-31T15:51:37-03:00","inLanguage":"es-AR","mainEntityOfPage":{"@id":"https:\/\/larealidaddelaplata.com.ar\/index.php\/2026\/08\/31\/conmocion-mundial-lionel-messi-anuncio-su-retiro-definitivo-de-la-seleccion-argentina\/#webpage"},"isPartOf":{"@id":"https:\/\/larealidaddelaplata.com.ar\/index.php\/2026\/08\/31\/conmocion-mundial-lionel-messi-anuncio-su-retiro-definitivo-de-la-seleccion-argentina\/#webpage"},"articleSection":"Provincia"},{"@type":"BreadcrumbList","@id":"https:\/\/larealidaddelaplata.com.ar\/index.php\/2026\/08\/31\/conmocion-mundial-lionel-messi-anuncio-su-retiro-definitivo-de-la-seleccion-argentina\/#breadcrumblist","itemListElement":[{"@type":"ListItem","@id":"https:\/\/larealidaddelaplata.com.ar#listItem","position":1,"name":"Home","item":"https:\/\/larealidaddelaplata.com.ar","nextItem":{"@type":"ListItem","@id":"https:\/\/larealidaddelaplata.com.ar\/index.php\/category\/provincia\/#listItem","name":"Provincia"}},{"@type":"ListItem","@id":"https:\/\/larealidaddelaplata.com.ar\/index.php\/category\/provincia\/#listItem","position":2,"name":"Provincia","item":"https:\/\/larealidaddelaplata.com.ar\/index.php\/category\/provincia\/","nextItem":{"@type":"ListItem","@id":"https:\/\/larealidaddelaplata.com.ar\/index.php\/2026\/08\/31\/conmocion-mundial-lionel-messi-anuncio-su-retiro-definitivo-de-la-seleccion-argentina\/#listItem","name":"Conmoci\u00f3n mundial: Lionel Messi anunci\u00f3 su retiro definitivo de la Selecci\u00f3n Argentina"},"previousItem":{"@type":"ListItem","@id":"https:\/\/larealidaddelaplata.com.ar#listItem","name":"Home"}},{"@type":"ListItem","@id":"https:\/\/larealidaddelaplata.com.ar\/index.php\/2026\/08\/31\/conmocion-mundial-lionel-messi-anuncio-su-retiro-definitivo-de-la-seleccion-argentina\/#listItem","position":3,"name":"Conmoci\u00f3n mundial: Lionel Messi anunci\u00f3 su retiro definitivo de la Selecci\u00f3n Argentina","previousItem":{"@type":"ListItem","@id":"https:\/\/larealidaddelaplata.com.ar\/index.php\/category\/provincia\/#listItem","name":"Provincia"}}]},{"@type":"Organization","@id":"https:\/\/larealidaddelaplata.com.ar\/#organization","name":"La Realidad de La Plata","description":"Tu portal de noticias sobre la realidad la Provincia de Buenos Aires y La Plata","url":"https:\/\/larealidaddelaplata.com.ar\/","logo":{"@type":"ImageObject","url":"https:\/\/larealidaddelaplata.com.ar\/wp-content\/uploads\/2021\/01\/cropped-Diseno-sin-titulo-1-1.png","@id":"https:\/\/larealidaddelaplata.com.ar\/index.php\/2026\/08\/31\/conmocion-mundial-lionel-messi-anuncio-su-retiro-definitivo-de-la-seleccion-argentina\/#organizationLogo","width":1920,"height":355},"image":{"@id":"https:\/\/larealidaddelaplata.com.ar\/index.php\/2026\/08\/31\/conmocion-mundial-lionel-messi-anuncio-su-retiro-definitivo-de-la-seleccion-argentina\/#organizationLogo"}},{"@type":"Person","@id":"https:\/\/larealidaddelaplata.com.ar\/index.php\/author\/julian_ibarrola\/#author","url":"https:\/\/larealidaddelaplata.com.ar\/index.php\/author\/julian_ibarrola\/","name":"Julian I","image":{"@type":"ImageObject","@id":"https:\/\/larealidaddelaplata.com.ar\/index.php\/2026\/08\/31\/conmocion-mundial-lionel-messi-anuncio-su-retiro-definitivo-de-la-seleccion-argentina\/#authorImage","url":"https:\/\/secure.gravatar.com\/avatar\/7771209082b3e5bb400c4977362cbab150b08c7199fffcd6a227c0b2fbe17c9c?s=96&d=mm&r=g","width":96,"height":96,"caption":"Julian I"}},{"@type":"WebPage","@id":"https:\/\/larealidaddelaplata.com.ar\/index.php\/2026\/08\/31\/conmocion-mundial-lionel-messi-anuncio-su-retiro-definitivo-de-la-seleccion-argentina\/#webpage","url":"https:\/\/larealidaddelaplata.com.ar\/index.php\/2026\/08\/31\/conmocion-mundial-lionel-messi-anuncio-su-retiro-definitivo-de-la-seleccion-argentina\/","name":"Conmoci\u00f3n mundial: Lionel Messi anunci\u00f3 su retiro definitivo de la Selecci\u00f3n Argentina | larealidaddelaplata.com.ar","description":"El mundo del f\u00fatbol recibi\u00f3 una de las noticias m\u00e1s dif\u00edciles de asimilar. A trav\u00e9s de un sentido mensaje en su cuenta oficial de Instagram, Lionel Messi confirm\u00f3 que le pone punto final a su glorioso ciclo en la Selecci\u00f3n Argentina, una determinaci\u00f3n que confes\u00f3 tomar con un profundo dolor en el alma. Seg\u00fan detall\u00f3","inLanguage":"es-AR","isPartOf":{"@id":"https:\/\/larealidaddelaplata.com.ar\/#website"},"breadcrumb":{"@id":"https:\/\/larealidaddelaplata.com.ar\/index.php\/2026\/08\/31\/conmocion-mundial-lionel-messi-anuncio-su-retiro-definitivo-de-la-seleccion-argentina\/#breadcrumblist"},"author":{"@id":"https:\/\/larealidaddelaplata.com.ar\/index.php\/author\/julian_ibarrola\/#author"},"creator":{"@id":"https:\/\/larealidaddelaplata.com.ar\/index.php\/author\/julian_ibarrola\/#author"},"image":{"@type":"ImageObject","url":"https:\/\/larealidaddelaplata.com.ar\/wp-content\/uploads\/2026\/08\/messi-anuncio-que-se-retira-de-la-seleccion-3MFXOOOQG5AW5G7AEJGELK2B4M.JPG-e1788202281944.avif","@id":"https:\/\/larealidaddelaplata.com.ar\/index.php\/2026\/08\/31\/conmocion-mundial-lionel-messi-anuncio-su-retiro-definitivo-de-la-seleccion-argentina\/#mainImage","width":800,"height":533},"primaryImageOfPage":{"@id":"https:\/\/larealidaddelaplata.com.ar\/index.php\/2026\/08\/31\/conmocion-mundial-lionel-messi-anuncio-su-retiro-definitivo-de-la-seleccion-argentina\/#mainImage"},"datePublished":"2026-08-31T15:51:33-03:00","dateModified":"2026-08-31T15:51:37-03:00"},{"@type":"WebSite","@id":"https:\/\/larealidaddelaplata.com.ar\/#website","url":"https:\/\/larealidaddelaplata.com.ar\/","name":"La Realidad de La Plata","description":"Tu portal de noticias sobre la realidad la Provincia de Buenos Aires y La Plata","inLanguage":"es-AR","publisher":{"@id":"https:\/\/larealidaddelaplata.com.ar\/#organization"}}]}},"aioseo_meta_data":{"post_id":"43588","title":null,"description":null,"keywords":null,"keyphrases":{"focus":{"keyphrase":"","score":0,"analysis":{"keyphraseInTitle":{"score":0,"maxScore":9,"error":1}}},"additional":[]},"primary_term":null,"canonical_url":null,"og_title":null,"og_description":null,"og_object_type":"default","og_image_type":"default","og_image_url":null,"og_image_width":null,"og_image_height":null,"og_image_custom_url":null,"og_image_custom_fields":null,"og_video":"","og_custom_url":null,"og_article_section":null,"og_article_tags":null,"twitter_use_og":false,"twitter_card":"default","twitter_image_type":"default","twitter_image_url":null,"twitter_image_custom_url":null,"twitter_image_custom_fields":null,"twitter_title":null,"twitter_description":null,"schema":{"blockGraphs":[],"customGraphs":[],"default":{"data":{"Article":[],"Course":[],"Dataset":[],"FAQPage":[],"Movie":[],"Person":[],"Product":[],"ProductReview":[],"Car":[],"Recipe":[],"Service":[],"SoftwareApplication":[],"WebPage":[]},"graphName":"Article","isEnabled":true},"graphs":[]},"schema_type":"default","schema_type_options":null,"pillar_content":false,"robots_default":true,"robots_noindex":false,"robots_noarchive":false,"robots_nosnippet":false,"robots_nofollow":false,"robots_noimageindex":false,"robots_noodp":false,"robots_notranslate":false,"robots_max_snippet":"-1","robots_max_videopreview":"-1","robots_max_imagepreview":"large","priority":null,"frequency":"default","location":null,"local_seo":null,"breadcrumb_settings":null,"limit_modified_date":false,"ai":{"faqs":[],"keyPoints":[],"schemas":[],"titles":[],"descriptions":[],"socialPosts":{"email":{"subject":"","preview":"","content":""},"linkedin":[],"twitter":[],"facebook":[],"instagram":[]}},"created":"2026-08-31 18:35:10","updated":"2026-08-31 18:51:38","seo_analyzer_scan_date":null,"focus_keyword":null,"additional_keywords":null,"truseo_locale":null},"_links":{"self":[{"href":"https:\/\/larealidaddelaplata.com.ar\/index.php\/wp-json\/wp\/v2\/posts\/43588","targetHints":{"allow":["GET"]}}],"collection":[{"href":"https:\/\/larealidaddelaplata.com.ar\/index.php\/wp-json\/wp\/v2\/posts"}],"about":[{"href":"https:\/\/larealidaddelaplata.com.ar\/index.php\/wp-json\/wp\/v2\/types\/post"}],"author":[{"embeddable":true,"href":"https:\/\/larealidaddelaplata.com.ar\/index.php\/wp-json\/wp\/v2\/users\/6"}],"replies":[{"embeddable":true,"href":"https:\/\/larealidaddelaplata.com.ar\/index.php\/wp-json\/wp\/v2\/comments?post=43588"}],"version-history":[{"count":1,"href":"https:\/\/larealidaddelaplata.com.ar\/index.php\/wp-json\/wp\/v2\/posts\/43588\/revisions"}],"predecessor-version":[{"id":43590,"href":"https:\/\/larealidaddelaplata.com.ar\/index.php\/wp-json\/wp\/v2\/posts\/43588\/revisions\/43590"}],"wp:featuredmedia":[{"embeddable":true,"href":"https:\/\/larealidaddelaplata.com.ar\/index.php\/wp-json\/wp\/v2\/media\/43589"}],"wp:attachment":[{"href":"https:\/\/larealidaddelaplata.com.ar\/index.php\/wp-json\/wp\/v2\/media?parent=43588"}],"wp:term":[{"taxonomy":"category","embeddable":true,"href":"https:\/\/larealidaddelaplata.com.ar\/index.php\/wp-json\/wp\/v2\/categories?post=43588"},{"taxonomy":"post_tag","embeddable":true,"href":"https:\/\/larealidaddelaplata.com.ar\/index.php\/wp-json\/wp\/v2\/tags?post=43588"}],"curies":[{"name":"wp","href":"https:\/\/api.w.org\/{rel}","templated":true}]}}