{"id":43591,"date":"2026-08-31T15:55:02","date_gmt":"2026-08-31T18:55:02","guid":{"rendered":"https:\/\/larealidaddelaplata.com.ar\/?p=43591"},"modified":"2026-08-31T15:55:05","modified_gmt":"2026-08-31T18:55:05","slug":"el-municipio-acerca-nuevas-jornadas-gratuitas-de-salud-a-los-barrios-platenses","status":"publish","type":"post","link":"https:\/\/larealidaddelaplata.com.ar\/index.php\/2026\/08\/31\/el-municipio-acerca-nuevas-jornadas-gratuitas-de-salud-a-los-barrios-platenses\/","title":{"rendered":"El Municipio acerca nuevas jornadas gratuitas de salud a los barrios platenses"},"content":{"rendered":"\n<p class=\"wp-block-paragraph\">Con el fin de ampliar y facilitar el acceso a la salud p\u00fablica, promover la prevenci\u00f3n y brindar herramientas para el cuidado integral de la comunidad, la Municipalidad de La Plata realizar\u00e1 nuevas jornadas sanitarias en distintos barrios del partido.<\/p>\n\n\n\n<p class=\"wp-block-paragraph\">Las actividades de la Secretar\u00eda de Salud contemplar\u00e1n jornadas del programa Cuidar el Juego para j\u00f3venes deportistas, con vacunaci\u00f3n de calendario, controles odontol\u00f3gicos y de presi\u00f3n arterial, evaluaciones de peso, talla y agudeza visual y electrocardiogramas. Tambi\u00e9n se desarrollar\u00e1n propuestas del programa Salud Escolar con controles pedi\u00e1tricos, bucodentales, visuales y vacunaci\u00f3n.<\/p>\n\n\n\n<p class=\"wp-block-paragraph\">Adem\u00e1s, se realizar\u00e1n jornadas integrales de salud, acciones de salud sexual con toma de PAP y testeos de HPV, VIH y s\u00edfilis, orientaci\u00f3n en salud mental, talleres de alimentaci\u00f3n saludable y propuestas de prevenci\u00f3n y promoci\u00f3n de la salud. Tambi\u00e9n se llevar\u00e1 adelante un Taller de Prevenci\u00f3n de Suicidios junto a la Mesa Local de Ni\u00f1ez y Adolescencia de Los Hornos.<\/p>\n\n\n\n<p class=\"wp-block-paragraph\">Las actividades se desarrollar\u00e1n en Villa Elvira, San Carlos, Los Hornos, Tolosa, El Rinc\u00f3n, Gonnet, Gorina y Altos de San Lorenzo. En paralelo, la Municipalidad continuar\u00e1 aplicando vacunas de calendario y de campa\u00f1a en los Centros de Atenci\u00f3n Primaria de la Salud (CAPS).<\/p>\n\n\n\n<p class=\"wp-block-paragraph\">EL CRONOGRAMA COMPLETO<\/p>\n\n\n\n<p class=\"wp-block-paragraph\">La agenda comenz\u00f3 este lunes en Villa Elvira, donde hubo operativos Cuidar el Juego con vacunaci\u00f3n de calendario, controles odontol\u00f3gicos y de presi\u00f3n arterial, evaluaciones de peso, talla y agudeza visual y electrocardiogramas.<\/p>\n\n\n\n<p class=\"wp-block-paragraph\">MARTES 1 \u2013 DE 14:00 A 15:00<br>CAPS N\u00b0 33 &#8211; 520 y 142, San Carlos<\/p>\n\n\n\n<p class=\"wp-block-paragraph\">Visita guiada para alumnos y alumnas de sala de 5 a\u00f1os del Jard\u00edn de Infantes N\u00b0 928, destinada a conocer el centro de salud y su funcionamiento.<\/p>\n\n\n\n<p class=\"wp-block-paragraph\">MARTES 1 \u2013 14:00<br>Escuela Primaria N\u00b0 21 &#8211; 62 entre 139 y 140, Los Hornos<\/p>\n\n\n\n<p class=\"wp-block-paragraph\">Taller de Prevenci\u00f3n de Suicidios junto a la Mesa Local de Ni\u00f1ez y Adolescencia de Los Hornos.<\/p>\n\n\n\n<p class=\"wp-block-paragraph\">MI\u00c9RCOLES 2 \u2013 DE 10:00 A 13:00<br>Club Amanecer Abuelos &#8211; 4 bis entre 612 y 613, Villa Elvira<\/p>\n\n\n\n<p class=\"wp-block-paragraph\">Jornada integral de salud con vacunaci\u00f3n, controles de salud, llenado de planillas de ANSES y entrega de folleter\u00eda informativa.<\/p>\n\n\n\n<p class=\"wp-block-paragraph\">MI\u00c9RCOLES 2 \u2013 DE 9:00 A 12:00<br>Club IRIS &#8211; 143 y 517, San Carlos<\/p>\n\n\n\n<p class=\"wp-block-paragraph\">Jornada del programa Cuidar el Juego destinada a jugadores y jugadoras de 6 a 18 a\u00f1os de la instituci\u00f3n con vacunaci\u00f3n de calendario, controles odontol\u00f3gicos y de presi\u00f3n arterial, evaluaciones de peso, talla y agudeza visual y electrocardiogramas.<\/p>\n\n\n\n<p class=\"wp-block-paragraph\">MI\u00c9RCOLES 2 \u2013 DE 9:00 A 12:30<br>CAPS N\u00b0 15 &#8211; 520 y 118, Tolosa<\/p>\n\n\n\n<p class=\"wp-block-paragraph\">Jornada de salud sexual con asesor\u00eda, toma de PAP y testeos de HPV, VIH y s\u00edfilis, orientaci\u00f3n en salud mental, ronda de mujeres, taller de alimentaci\u00f3n saludable, consultas odontol\u00f3gicas, atenci\u00f3n m\u00e9dica para ni\u00f1eces y personas adultas y vacunaci\u00f3n.<\/p>\n\n\n\n<p class=\"wp-block-paragraph\">MI\u00c9RCOLES 2 \u2013 DE 13:00 A 14:00<br>Jard\u00edn N\u00b0 960 &#8211; 443 y 24, El Rinc\u00f3n<\/p>\n\n\n\n<p class=\"wp-block-paragraph\">Taller sobre l\u00edmites destinado a madres, padres y referentes afectivos de ni\u00f1os y ni\u00f1as que asisten a la \u00faltima sala del jard\u00edn.<\/p>\n\n\n\n<p class=\"wp-block-paragraph\">JUEVES 3 \u2013 DE 8:00 A 15:00<br>Escuela N\u00b0 18 Juli\u00e1n Aguirre &#8211; 16 entre 500 y 501, Gonnet<\/p>\n\n\n\n<p class=\"wp-block-paragraph\">Jornada del programa Salud Escolar con atenci\u00f3n pedi\u00e1trica, evaluaci\u00f3n de agudeza visual, consultas odontol\u00f3gicas, toma de presi\u00f3n arterial y vacunaci\u00f3n de calendario y de campa\u00f1a para ni\u00f1eces.<\/p>\n\n\n\n<p class=\"wp-block-paragraph\">JUEVES 3 \u2013 DE 9:00 A 13:00<br>Escuela Primaria N\u00b0 123 &#8211; Diagonal 200 y 410, El Peligro<\/p>\n\n\n\n<p class=\"wp-block-paragraph\">Jornada del programa Salud Escolar con controles pedi\u00e1tricos, controles bucodentales y vacunaci\u00f3n.<\/p>\n\n\n\n<p class=\"wp-block-paragraph\">VIERNES 4 \u2013 DE 10:00 A 14:00<br>SURES Gorina &#8211; 485 entre 136 y 137, Gorina<\/p>\n\n\n\n<p class=\"wp-block-paragraph\">Jornada interdisciplinaria de prevenci\u00f3n y promoci\u00f3n de la salud con atenci\u00f3n de ni\u00f1o sano, vacunaci\u00f3n de calendario, antigripal, contra el dengue y contra el covid, asesor\u00eda en salud sexual y m\u00e9todos anticonceptivos, testeos de VIH y s\u00edfilis, controles de signos vitales, diabetes y tiroides, nutrici\u00f3n, vacunaci\u00f3n de perros y gatos y talleres de promoci\u00f3n de la salud y prevenci\u00f3n de violencia por razones de g\u00e9nero. Organiza la Secretar\u00eda de Salud junto a SURES-UNLP, el SAPS del Hospital Sbarra y La Casita de los Chicos de Gorina.<\/p>\n\n\n\n<p class=\"wp-block-paragraph\">VIERNES 4 \u2013 DE 9:00 A 14:00<br>Plaza La Esperanza &#8211; 429 y 135, El Rinc\u00f3n<\/p>\n\n\n\n<p class=\"wp-block-paragraph\">Jornada del programa \u201cNos vemos en el barrio\u201d con asesor\u00eda en m\u00e9todos anticonceptivos, certificados bucodentales, consultas odontol\u00f3gicas y vacunaci\u00f3n de calendario y de campa\u00f1a para personas adultas.<\/p>\n\n\n\n<p class=\"wp-block-paragraph\">VIERNES 5 \u2013 DE 14:00 A 16:00<br>Comedor 3 de Abril &#8211; 18 entre 609 y 610, Altos de San Lorenzo<\/p>\n\n\n\n<p class=\"wp-block-paragraph\">Taller vinculado a consumos problem\u00e1ticos dictado por el psic\u00f3logo del CAPS N\u00b0 46.<\/p>\n","protected":false},"excerpt":{"rendered":"<p>Con el fin de ampliar y facilitar el acceso a la salud p\u00fablica, promover la prevenci\u00f3n y brindar herramientas para el cuidado integral de la comunidad, la Municipalidad de La Plata realizar\u00e1 nuevas jornadas sanitarias en distintos barrios del partido. Las actividades de la Secretar\u00eda de Salud contemplar\u00e1n jornadas del programa Cuidar el Juego para j\u00f3venes deportistas, con vacunaci\u00f3n de calendario, controles odontol\u00f3gicos y de presi\u00f3n arterial, evaluaciones de peso,&hellip;<\/p>\n","protected":false},"author":6,"featured_media":43592,"comment_status":"open","ping_status":"open","sticky":false,"template":"","format":"standard","meta":{"_acf_changed":false,"footnotes":""},"categories":[3],"tags":[],"class_list":["post-43591","post","type-post","status-publish","format-standard","has-post-thumbnail","hentry","category-la-plata"],"acf":[],"aioseo_notices":[],"aioseo_head":"\n\t\t<!-- All in One SEO 5.0.1.1 - aioseo.com -->\n\t<meta name=\"description\" content=\"Con el fin de ampliar y facilitar el acceso a la salud p\u00fablica, promover la prevenci\u00f3n y brindar herramientas para el cuidado integral de la comunidad, la Municipalidad de La Plata realizar\u00e1 nuevas jornadas sanitarias en distintos barrios del partido. Las actividades de la Secretar\u00eda de Salud contemplar\u00e1n jornadas del programa Cuidar el Juego para\" \/>\n\t<meta name=\"robots\" content=\"max-snippet:-1, max-image-preview:large, max-video-preview:-1\" \/>\n\t<meta name=\"author\" content=\"Julian I\"\/>\n\t<link rel=\"canonical\" href=\"https:\/\/larealidaddelaplata.com.ar\/index.php\/2026\/08\/31\/el-municipio-acerca-nuevas-jornadas-gratuitas-de-salud-a-los-barrios-platenses\/\" \/>\n\t<meta name=\"generator\" content=\"All in One SEO (AIOSEO) 5.0.1.1\" \/>\n\t\t<script type=\"application\/ld+json\" class=\"aioseo-schema\">\n\t\t\t{\"@context\":\"https:\\\/\\\/schema.org\",\"@graph\":[{\"@type\":\"Article\",\"@id\":\"https:\\\/\\\/larealidaddelaplata.com.ar\\\/index.php\\\/2026\\\/08\\\/31\\\/el-municipio-acerca-nuevas-jornadas-gratuitas-de-salud-a-los-barrios-platenses\\\/#article\",\"name\":\"El Municipio acerca nuevas jornadas gratuitas de salud a los barrios platenses | larealidaddelaplata.com.ar\",\"headline\":\"El Municipio acerca nuevas jornadas gratuitas de salud a los barrios platenses\",\"author\":{\"@id\":\"https:\\\/\\\/larealidaddelaplata.com.ar\\\/index.php\\\/author\\\/julian_ibarrola\\\/#author\"},\"publisher\":{\"@id\":\"https:\\\/\\\/larealidaddelaplata.com.ar\\\/#organization\"},\"image\":{\"@type\":\"ImageObject\",\"url\":\"https:\\\/\\\/larealidaddelaplata.com.ar\\\/wp-content\\\/uploads\\\/2026\\\/08\\\/3118928963162624305-e1788202485258.jpeg\",\"width\":800,\"height\":530},\"datePublished\":\"2026-08-31T15:55:02-03:00\",\"dateModified\":\"2026-08-31T15:55:05-03:00\",\"inLanguage\":\"es-AR\",\"mainEntityOfPage\":{\"@id\":\"https:\\\/\\\/larealidaddelaplata.com.ar\\\/index.php\\\/2026\\\/08\\\/31\\\/el-municipio-acerca-nuevas-jornadas-gratuitas-de-salud-a-los-barrios-platenses\\\/#webpage\"},\"isPartOf\":{\"@id\":\"https:\\\/\\\/larealidaddelaplata.com.ar\\\/index.php\\\/2026\\\/08\\\/31\\\/el-municipio-acerca-nuevas-jornadas-gratuitas-de-salud-a-los-barrios-platenses\\\/#webpage\"},\"articleSection\":\"La Plata\"},{\"@type\":\"BreadcrumbList\",\"@id\":\"https:\\\/\\\/larealidaddelaplata.com.ar\\\/index.php\\\/2026\\\/08\\\/31\\\/el-municipio-acerca-nuevas-jornadas-gratuitas-de-salud-a-los-barrios-platenses\\\/#breadcrumblist\",\"itemListElement\":[{\"@type\":\"ListItem\",\"@id\":\"https:\\\/\\\/larealidaddelaplata.com.ar#listItem\",\"position\":1,\"name\":\"Home\",\"item\":\"https:\\\/\\\/larealidaddelaplata.com.ar\",\"nextItem\":{\"@type\":\"ListItem\",\"@id\":\"https:\\\/\\\/larealidaddelaplata.com.ar\\\/index.php\\\/category\\\/la-plata\\\/#listItem\",\"name\":\"La Plata\"}},{\"@type\":\"ListItem\",\"@id\":\"https:\\\/\\\/larealidaddelaplata.com.ar\\\/index.php\\\/category\\\/la-plata\\\/#listItem\",\"position\":2,\"name\":\"La Plata\",\"item\":\"https:\\\/\\\/larealidaddelaplata.com.ar\\\/index.php\\\/category\\\/la-plata\\\/\",\"nextItem\":{\"@type\":\"ListItem\",\"@id\":\"https:\\\/\\\/larealidaddelaplata.com.ar\\\/index.php\\\/2026\\\/08\\\/31\\\/el-municipio-acerca-nuevas-jornadas-gratuitas-de-salud-a-los-barrios-platenses\\\/#listItem\",\"name\":\"El Municipio acerca nuevas jornadas gratuitas de salud a los barrios platenses\"},\"previousItem\":{\"@type\":\"ListItem\",\"@id\":\"https:\\\/\\\/larealidaddelaplata.com.ar#listItem\",\"name\":\"Home\"}},{\"@type\":\"ListItem\",\"@id\":\"https:\\\/\\\/larealidaddelaplata.com.ar\\\/index.php\\\/2026\\\/08\\\/31\\\/el-municipio-acerca-nuevas-jornadas-gratuitas-de-salud-a-los-barrios-platenses\\\/#listItem\",\"position\":3,\"name\":\"El Municipio acerca nuevas jornadas gratuitas de salud a los barrios platenses\",\"previousItem\":{\"@type\":\"ListItem\",\"@id\":\"https:\\\/\\\/larealidaddelaplata.com.ar\\\/index.php\\\/category\\\/la-plata\\\/#listItem\",\"name\":\"La Plata\"}}]},{\"@type\":\"Organization\",\"@id\":\"https:\\\/\\\/larealidaddelaplata.com.ar\\\/#organization\",\"name\":\"La Realidad de La Plata\",\"description\":\"Tu portal de noticias sobre la realidad la Provincia de Buenos Aires y La Plata\",\"url\":\"https:\\\/\\\/larealidaddelaplata.com.ar\\\/\",\"logo\":{\"@type\":\"ImageObject\",\"url\":\"https:\\\/\\\/larealidaddelaplata.com.ar\\\/wp-content\\\/uploads\\\/2021\\\/01\\\/cropped-Diseno-sin-titulo-1-1.png\",\"@id\":\"https:\\\/\\\/larealidaddelaplata.com.ar\\\/index.php\\\/2026\\\/08\\\/31\\\/el-municipio-acerca-nuevas-jornadas-gratuitas-de-salud-a-los-barrios-platenses\\\/#organizationLogo\",\"width\":1920,\"height\":355},\"image\":{\"@id\":\"https:\\\/\\\/larealidaddelaplata.com.ar\\\/index.php\\\/2026\\\/08\\\/31\\\/el-municipio-acerca-nuevas-jornadas-gratuitas-de-salud-a-los-barrios-platenses\\\/#organizationLogo\"}},{\"@type\":\"Person\",\"@id\":\"https:\\\/\\\/larealidaddelaplata.com.ar\\\/index.php\\\/author\\\/julian_ibarrola\\\/#author\",\"url\":\"https:\\\/\\\/larealidaddelaplata.com.ar\\\/index.php\\\/author\\\/julian_ibarrola\\\/\",\"name\":\"Julian I\",\"image\":{\"@type\":\"ImageObject\",\"@id\":\"https:\\\/\\\/larealidaddelaplata.com.ar\\\/index.php\\\/2026\\\/08\\\/31\\\/el-municipio-acerca-nuevas-jornadas-gratuitas-de-salud-a-los-barrios-platenses\\\/#authorImage\",\"url\":\"https:\\\/\\\/secure.gravatar.com\\\/avatar\\\/7771209082b3e5bb400c4977362cbab150b08c7199fffcd6a227c0b2fbe17c9c?s=96&d=mm&r=g\",\"width\":96,\"height\":96,\"caption\":\"Julian I\"}},{\"@type\":\"WebPage\",\"@id\":\"https:\\\/\\\/larealidaddelaplata.com.ar\\\/index.php\\\/2026\\\/08\\\/31\\\/el-municipio-acerca-nuevas-jornadas-gratuitas-de-salud-a-los-barrios-platenses\\\/#webpage\",\"url\":\"https:\\\/\\\/larealidaddelaplata.com.ar\\\/index.php\\\/2026\\\/08\\\/31\\\/el-municipio-acerca-nuevas-jornadas-gratuitas-de-salud-a-los-barrios-platenses\\\/\",\"name\":\"El Municipio acerca nuevas jornadas gratuitas de salud a los barrios platenses | larealidaddelaplata.com.ar\",\"description\":\"Con el fin de ampliar y facilitar el acceso a la salud p\\u00fablica, promover la prevenci\\u00f3n y brindar herramientas para el cuidado integral de la comunidad, la Municipalidad de La Plata realizar\\u00e1 nuevas jornadas sanitarias en distintos barrios del partido. Las actividades de la Secretar\\u00eda de Salud contemplar\\u00e1n jornadas del programa Cuidar el Juego para\",\"inLanguage\":\"es-AR\",\"isPartOf\":{\"@id\":\"https:\\\/\\\/larealidaddelaplata.com.ar\\\/#website\"},\"breadcrumb\":{\"@id\":\"https:\\\/\\\/larealidaddelaplata.com.ar\\\/index.php\\\/2026\\\/08\\\/31\\\/el-municipio-acerca-nuevas-jornadas-gratuitas-de-salud-a-los-barrios-platenses\\\/#breadcrumblist\"},\"author\":{\"@id\":\"https:\\\/\\\/larealidaddelaplata.com.ar\\\/index.php\\\/author\\\/julian_ibarrola\\\/#author\"},\"creator\":{\"@id\":\"https:\\\/\\\/larealidaddelaplata.com.ar\\\/index.php\\\/author\\\/julian_ibarrola\\\/#author\"},\"image\":{\"@type\":\"ImageObject\",\"url\":\"https:\\\/\\\/larealidaddelaplata.com.ar\\\/wp-content\\\/uploads\\\/2026\\\/08\\\/3118928963162624305-e1788202485258.jpeg\",\"@id\":\"https:\\\/\\\/larealidaddelaplata.com.ar\\\/index.php\\\/2026\\\/08\\\/31\\\/el-municipio-acerca-nuevas-jornadas-gratuitas-de-salud-a-los-barrios-platenses\\\/#mainImage\",\"width\":800,\"height\":530},\"primaryImageOfPage\":{\"@id\":\"https:\\\/\\\/larealidaddelaplata.com.ar\\\/index.php\\\/2026\\\/08\\\/31\\\/el-municipio-acerca-nuevas-jornadas-gratuitas-de-salud-a-los-barrios-platenses\\\/#mainImage\"},\"datePublished\":\"2026-08-31T15:55:02-03:00\",\"dateModified\":\"2026-08-31T15:55:05-03:00\"},{\"@type\":\"WebSite\",\"@id\":\"https:\\\/\\\/larealidaddelaplata.com.ar\\\/#website\",\"url\":\"https:\\\/\\\/larealidaddelaplata.com.ar\\\/\",\"name\":\"La Realidad de La Plata\",\"description\":\"Tu portal de noticias sobre la realidad la Provincia de Buenos Aires y La Plata\",\"inLanguage\":\"es-AR\",\"publisher\":{\"@id\":\"https:\\\/\\\/larealidaddelaplata.com.ar\\\/#organization\"}}]}\n\t\t<\/script>\n\t\t<!-- All in One SEO -->\n\n","aioseo_head_json":{"title":"El Municipio acerca nuevas jornadas gratuitas de salud a los barrios platenses | larealidaddelaplata.com.ar","description":"Con el fin de ampliar y facilitar el acceso a la salud p\u00fablica, promover la prevenci\u00f3n y brindar herramientas para el cuidado integral de la comunidad, la Municipalidad de La Plata realizar\u00e1 nuevas jornadas sanitarias en distintos barrios del partido. Las actividades de la Secretar\u00eda de Salud contemplar\u00e1n jornadas del programa Cuidar el Juego para","canonical_url":"https:\/\/larealidaddelaplata.com.ar\/index.php\/2026\/08\/31\/el-municipio-acerca-nuevas-jornadas-gratuitas-de-salud-a-los-barrios-platenses\/","robots":"max-snippet:-1, max-image-preview:large, max-video-preview:-1","keywords":"","webmasterTools":{"miscellaneous":""},"schema":{"@context":"https:\/\/schema.org","@graph":[{"@type":"Article","@id":"https:\/\/larealidaddelaplata.com.ar\/index.php\/2026\/08\/31\/el-municipio-acerca-nuevas-jornadas-gratuitas-de-salud-a-los-barrios-platenses\/#article","name":"El Municipio acerca nuevas jornadas gratuitas de salud a los barrios platenses | larealidaddelaplata.com.ar","headline":"El Municipio acerca nuevas jornadas gratuitas de salud a los barrios platenses","author":{"@id":"https:\/\/larealidaddelaplata.com.ar\/index.php\/author\/julian_ibarrola\/#author"},"publisher":{"@id":"https:\/\/larealidaddelaplata.com.ar\/#organization"},"image":{"@type":"ImageObject","url":"https:\/\/larealidaddelaplata.com.ar\/wp-content\/uploads\/2026\/08\/3118928963162624305-e1788202485258.jpeg","width":800,"height":530},"datePublished":"2026-08-31T15:55:02-03:00","dateModified":"2026-08-31T15:55:05-03:00","inLanguage":"es-AR","mainEntityOfPage":{"@id":"https:\/\/larealidaddelaplata.com.ar\/index.php\/2026\/08\/31\/el-municipio-acerca-nuevas-jornadas-gratuitas-de-salud-a-los-barrios-platenses\/#webpage"},"isPartOf":{"@id":"https:\/\/larealidaddelaplata.com.ar\/index.php\/2026\/08\/31\/el-municipio-acerca-nuevas-jornadas-gratuitas-de-salud-a-los-barrios-platenses\/#webpage"},"articleSection":"La Plata"},{"@type":"BreadcrumbList","@id":"https:\/\/larealidaddelaplata.com.ar\/index.php\/2026\/08\/31\/el-municipio-acerca-nuevas-jornadas-gratuitas-de-salud-a-los-barrios-platenses\/#breadcrumblist","itemListElement":[{"@type":"ListItem","@id":"https:\/\/larealidaddelaplata.com.ar#listItem","position":1,"name":"Home","item":"https:\/\/larealidaddelaplata.com.ar","nextItem":{"@type":"ListItem","@id":"https:\/\/larealidaddelaplata.com.ar\/index.php\/category\/la-plata\/#listItem","name":"La Plata"}},{"@type":"ListItem","@id":"https:\/\/larealidaddelaplata.com.ar\/index.php\/category\/la-plata\/#listItem","position":2,"name":"La Plata","item":"https:\/\/larealidaddelaplata.com.ar\/index.php\/category\/la-plata\/","nextItem":{"@type":"ListItem","@id":"https:\/\/larealidaddelaplata.com.ar\/index.php\/2026\/08\/31\/el-municipio-acerca-nuevas-jornadas-gratuitas-de-salud-a-los-barrios-platenses\/#listItem","name":"El Municipio acerca nuevas jornadas gratuitas de salud a los barrios platenses"},"previousItem":{"@type":"ListItem","@id":"https:\/\/larealidaddelaplata.com.ar#listItem","name":"Home"}},{"@type":"ListItem","@id":"https:\/\/larealidaddelaplata.com.ar\/index.php\/2026\/08\/31\/el-municipio-acerca-nuevas-jornadas-gratuitas-de-salud-a-los-barrios-platenses\/#listItem","position":3,"name":"El Municipio acerca nuevas jornadas gratuitas de salud a los barrios platenses","previousItem":{"@type":"ListItem","@id":"https:\/\/larealidaddelaplata.com.ar\/index.php\/category\/la-plata\/#listItem","name":"La Plata"}}]},{"@type":"Organization","@id":"https:\/\/larealidaddelaplata.com.ar\/#organization","name":"La Realidad de La Plata","description":"Tu portal de noticias sobre la realidad la Provincia de Buenos Aires y La Plata","url":"https:\/\/larealidaddelaplata.com.ar\/","logo":{"@type":"ImageObject","url":"https:\/\/larealidaddelaplata.com.ar\/wp-content\/uploads\/2021\/01\/cropped-Diseno-sin-titulo-1-1.png","@id":"https:\/\/larealidaddelaplata.com.ar\/index.php\/2026\/08\/31\/el-municipio-acerca-nuevas-jornadas-gratuitas-de-salud-a-los-barrios-platenses\/#organizationLogo","width":1920,"height":355},"image":{"@id":"https:\/\/larealidaddelaplata.com.ar\/index.php\/2026\/08\/31\/el-municipio-acerca-nuevas-jornadas-gratuitas-de-salud-a-los-barrios-platenses\/#organizationLogo"}},{"@type":"Person","@id":"https:\/\/larealidaddelaplata.com.ar\/index.php\/author\/julian_ibarrola\/#author","url":"https:\/\/larealidaddelaplata.com.ar\/index.php\/author\/julian_ibarrola\/","name":"Julian I","image":{"@type":"ImageObject","@id":"https:\/\/larealidaddelaplata.com.ar\/index.php\/2026\/08\/31\/el-municipio-acerca-nuevas-jornadas-gratuitas-de-salud-a-los-barrios-platenses\/#authorImage","url":"https:\/\/secure.gravatar.com\/avatar\/7771209082b3e5bb400c4977362cbab150b08c7199fffcd6a227c0b2fbe17c9c?s=96&d=mm&r=g","width":96,"height":96,"caption":"Julian I"}},{"@type":"WebPage","@id":"https:\/\/larealidaddelaplata.com.ar\/index.php\/2026\/08\/31\/el-municipio-acerca-nuevas-jornadas-gratuitas-de-salud-a-los-barrios-platenses\/#webpage","url":"https:\/\/larealidaddelaplata.com.ar\/index.php\/2026\/08\/31\/el-municipio-acerca-nuevas-jornadas-gratuitas-de-salud-a-los-barrios-platenses\/","name":"El Municipio acerca nuevas jornadas gratuitas de salud a los barrios platenses | larealidaddelaplata.com.ar","description":"Con el fin de ampliar y facilitar el acceso a la salud p\u00fablica, promover la prevenci\u00f3n y brindar herramientas para el cuidado integral de la comunidad, la Municipalidad de La Plata realizar\u00e1 nuevas jornadas sanitarias en distintos barrios del partido. Las actividades de la Secretar\u00eda de Salud contemplar\u00e1n jornadas del programa Cuidar el Juego para","inLanguage":"es-AR","isPartOf":{"@id":"https:\/\/larealidaddelaplata.com.ar\/#website"},"breadcrumb":{"@id":"https:\/\/larealidaddelaplata.com.ar\/index.php\/2026\/08\/31\/el-municipio-acerca-nuevas-jornadas-gratuitas-de-salud-a-los-barrios-platenses\/#breadcrumblist"},"author":{"@id":"https:\/\/larealidaddelaplata.com.ar\/index.php\/author\/julian_ibarrola\/#author"},"creator":{"@id":"https:\/\/larealidaddelaplata.com.ar\/index.php\/author\/julian_ibarrola\/#author"},"image":{"@type":"ImageObject","url":"https:\/\/larealidaddelaplata.com.ar\/wp-content\/uploads\/2026\/08\/3118928963162624305-e1788202485258.jpeg","@id":"https:\/\/larealidaddelaplata.com.ar\/index.php\/2026\/08\/31\/el-municipio-acerca-nuevas-jornadas-gratuitas-de-salud-a-los-barrios-platenses\/#mainImage","width":800,"height":530},"primaryImageOfPage":{"@id":"https:\/\/larealidaddelaplata.com.ar\/index.php\/2026\/08\/31\/el-municipio-acerca-nuevas-jornadas-gratuitas-de-salud-a-los-barrios-platenses\/#mainImage"},"datePublished":"2026-08-31T15:55:02-03:00","dateModified":"2026-08-31T15:55:05-03:00"},{"@type":"WebSite","@id":"https:\/\/larealidaddelaplata.com.ar\/#website","url":"https:\/\/larealidaddelaplata.com.ar\/","name":"La Realidad de La Plata","description":"Tu portal de noticias sobre la realidad la Provincia de Buenos Aires y La Plata","inLanguage":"es-AR","publisher":{"@id":"https:\/\/larealidaddelaplata.com.ar\/#organization"}}]}},"aioseo_meta_data":{"post_id":"43591","title":null,"description":null,"keywords":null,"keyphrases":{"focus":{"keyphrase":"","score":0,"analysis":{"keyphraseInTitle":{"score":0,"maxScore":9,"error":1}}},"additional":[]},"primary_term":null,"canonical_url":null,"og_title":null,"og_description":null,"og_object_type":"default","og_image_type":"default","og_image_url":null,"og_image_width":null,"og_image_height":null,"og_image_custom_url":null,"og_image_custom_fields":null,"og_video":"","og_custom_url":null,"og_article_section":null,"og_article_tags":null,"twitter_use_og":false,"twitter_card":"default","twitter_image_type":"default","twitter_image_url":null,"twitter_image_custom_url":null,"twitter_image_custom_fields":null,"twitter_title":null,"twitter_description":null,"schema":{"blockGraphs":[],"customGraphs":[],"default":{"data":{"Article":[],"Course":[],"Dataset":[],"FAQPage":[],"Movie":[],"Person":[],"Product":[],"ProductReview":[],"Car":[],"Recipe":[],"Service":[],"SoftwareApplication":[],"WebPage":[]},"graphName":"Article","isEnabled":true},"graphs":[]},"schema_type":"default","schema_type_options":null,"pillar_content":false,"robots_default":true,"robots_noindex":false,"robots_noarchive":false,"robots_nosnippet":false,"robots_nofollow":false,"robots_noimageindex":false,"robots_noodp":false,"robots_notranslate":false,"robots_max_snippet":"-1","robots_max_videopreview":"-1","robots_max_imagepreview":"large","priority":null,"frequency":"default","location":null,"local_seo":null,"breadcrumb_settings":null,"limit_modified_date":false,"ai":{"faqs":[],"keyPoints":[],"schemas":[],"titles":[],"descriptions":[],"socialPosts":{"email":{"subject":"","preview":"","content":""},"linkedin":[],"twitter":[],"facebook":[],"instagram":[]}},"created":"2026-08-31 18:52:25","updated":"2026-08-31 18:55:08","seo_analyzer_scan_date":null,"focus_keyword":null,"additional_keywords":null,"truseo_locale":null},"_links":{"self":[{"href":"https:\/\/larealidaddelaplata.com.ar\/index.php\/wp-json\/wp\/v2\/posts\/43591","targetHints":{"allow":["GET"]}}],"collection":[{"href":"https:\/\/larealidaddelaplata.com.ar\/index.php\/wp-json\/wp\/v2\/posts"}],"about":[{"href":"https:\/\/larealidaddelaplata.com.ar\/index.php\/wp-json\/wp\/v2\/types\/post"}],"author":[{"embeddable":true,"href":"https:\/\/larealidaddelaplata.com.ar\/index.php\/wp-json\/wp\/v2\/users\/6"}],"replies":[{"embeddable":true,"href":"https:\/\/larealidaddelaplata.com.ar\/index.php\/wp-json\/wp\/v2\/comments?post=43591"}],"version-history":[{"count":1,"href":"https:\/\/larealidaddelaplata.com.ar\/index.php\/wp-json\/wp\/v2\/posts\/43591\/revisions"}],"predecessor-version":[{"id":43593,"href":"https:\/\/larealidaddelaplata.com.ar\/index.php\/wp-json\/wp\/v2\/posts\/43591\/revisions\/43593"}],"wp:featuredmedia":[{"embeddable":true,"href":"https:\/\/larealidaddelaplata.com.ar\/index.php\/wp-json\/wp\/v2\/media\/43592"}],"wp:attachment":[{"href":"https:\/\/larealidaddelaplata.com.ar\/index.php\/wp-json\/wp\/v2\/media?parent=43591"}],"wp:term":[{"taxonomy":"category","embeddable":true,"href":"https:\/\/larealidaddelaplata.com.ar\/index.php\/wp-json\/wp\/v2\/categories?post=43591"},{"taxonomy":"post_tag","embeddable":true,"href":"https:\/\/larealidaddelaplata.com.ar\/index.php\/wp-json\/wp\/v2\/tags?post=43591"}],"curies":[{"name":"wp","href":"https:\/\/api.w.org\/{rel}","templated":true}]}}