{"id":43594,"date":"2026-09-01T10:51:28","date_gmt":"2026-09-01T13:51:28","guid":{"rendered":"https:\/\/larealidaddelaplata.com.ar\/?p=43594"},"modified":"2026-09-01T10:51:31","modified_gmt":"2026-09-01T13:51:31","slug":"proponen-que-una-historica-plaza-de-la-plata-deje-de-llamarse-peron-para-llevar-el-nombre-de-messi","status":"publish","type":"post","link":"https:\/\/larealidaddelaplata.com.ar\/index.php\/2026\/09\/01\/proponen-que-una-historica-plaza-de-la-plata-deje-de-llamarse-peron-para-llevar-el-nombre-de-messi\/","title":{"rendered":"Proponen que una hist\u00f3rica plaza de La Plata deje de llamarse Per\u00f3n para llevar el nombre de Messi"},"content":{"rendered":"\n<p class=\"wp-block-paragraph\">El Concejo Deliberante de La Plata deber\u00e1 debatir un proyecto presentado por el bloque del PRO que propone modificar el nombre de la hist\u00f3rica Plaza Per\u00f3n, ubicada en 25 y 60, para denominarla <strong>\u201cPlaza Lionel Andr\u00e9s Messi\u201d<\/strong>.<\/p>\n\n\n\n<p class=\"wp-block-paragraph\">La iniciativa lleva la firma del concejal Nicol\u00e1s Morzone y plantea homenajear al capit\u00e1n de la Selecci\u00f3n argentina por su trayectoria deportiva y su reconocimiento a nivel nacional e internacional.<\/p>\n\n\n\n<p class=\"wp-block-paragraph\">Para concretar el cambio, el proyecto propone adem\u00e1s una excepci\u00f3n a la Ordenanza 11.011, que establece restricciones para imponer nombres de personas a espacios p\u00fablicos cuando no haya transcurrido al menos un a\u00f1o desde su fallecimiento. Los fundamentos consideran que la trayectoria de Messi constituye una situaci\u00f3n extraordinaria que justificar\u00eda apartarse de esa regla.<\/p>\n\n\n\n<h3 class=\"wp-block-heading\">Del nombre de Per\u00f3n al de Messi<\/h3>\n\n\n\n<p class=\"wp-block-paragraph\">La propuesta no contempla solamente modificar el nomenclador. En caso de aprobarse, tambi\u00e9n se instalar\u00eda nueva carteler\u00eda y una placa conmemorativa dedicada al futbolista, con referencias a su trayectoria, su condici\u00f3n de capit\u00e1n de la Selecci\u00f3n y los valores que, seg\u00fan los autores del proyecto, representa su carrera.<\/p>\n\n\n\n<p class=\"wp-block-paragraph\">El texto destaca especialmente el recorrido de Messi con el seleccionado argentino, sus momentos de frustraci\u00f3n y su posterior regreso luego del anuncio de retiro en 2016. Para Morzone, ese proceso refleja valores como el esfuerzo, la perseverancia y el compromiso con el pa\u00eds.<\/p>\n\n\n\n<p class=\"wp-block-paragraph\">La elecci\u00f3n del espacio ubicado en <strong>25 y 60<\/strong> tambi\u00e9n es fundamentada en el proyecto. All\u00ed se plantea que las plazas forman parte de la identidad y la memoria urbana de la ciudad y que incorporar el nombre de Messi permitir\u00eda sumar su figura a ese patrimonio.<\/p>\n\n\n\n<p class=\"wp-block-paragraph\">La iniciativa deber\u00e1 ahora atravesar el debate legislativo. Si obtiene los votos necesarios, una de las plazas hist\u00f3ricas de La Plata dejar\u00eda de llevar el nombre de <strong>Juan Domingo Per\u00f3n<\/strong> para convertirse en la <strong>Plaza Lionel Andr\u00e9s Messi<\/strong>.<\/p>\n","protected":false},"excerpt":{"rendered":"<p>El Concejo Deliberante de La Plata deber\u00e1 debatir un proyecto presentado por el bloque del PRO que propone modificar el nombre de la hist\u00f3rica Plaza Per\u00f3n, ubicada en 25 y 60, para denominarla \u201cPlaza Lionel Andr\u00e9s Messi\u201d. La iniciativa lleva la firma del concejal Nicol\u00e1s Morzone y plantea homenajear al capit\u00e1n de la Selecci\u00f3n argentina por su trayectoria deportiva y su reconocimiento a nivel nacional e internacional. Para concretar el&hellip;<\/p>\n","protected":false},"author":3,"featured_media":25941,"comment_status":"open","ping_status":"open","sticky":false,"template":"","format":"standard","meta":{"_acf_changed":false,"footnotes":""},"categories":[2],"tags":[],"class_list":["post-43594","post","type-post","status-publish","format-standard","has-post-thumbnail","hentry","category-provincia"],"acf":[],"aioseo_notices":[],"aioseo_head":"\n\t\t<!-- All in One SEO 5.0.1.1 - aioseo.com -->\n\t<meta name=\"description\" content=\"El Concejo Deliberante de La Plata deber\u00e1 debatir un proyecto presentado por el bloque del PRO que propone modificar el nombre de la hist\u00f3rica Plaza Per\u00f3n, ubicada en 25 y 60, para denominarla \u201cPlaza Lionel Andr\u00e9s Messi\u201d. La iniciativa lleva la firma del concejal Nicol\u00e1s Morzone y plantea homenajear al capit\u00e1n de la Selecci\u00f3n argentina\" \/>\n\t<meta name=\"robots\" content=\"max-snippet:-1, max-image-preview:large, max-video-preview:-1\" \/>\n\t<meta name=\"author\" content=\"Riso\"\/>\n\t<link rel=\"canonical\" href=\"https:\/\/larealidaddelaplata.com.ar\/index.php\/2026\/09\/01\/proponen-que-una-historica-plaza-de-la-plata-deje-de-llamarse-peron-para-llevar-el-nombre-de-messi\/\" \/>\n\t<meta name=\"generator\" content=\"All in One SEO (AIOSEO) 5.0.1.1\" \/>\n\t\t<script type=\"application\/ld+json\" class=\"aioseo-schema\">\n\t\t\t{\"@context\":\"https:\\\/\\\/schema.org\",\"@graph\":[{\"@type\":\"Article\",\"@id\":\"https:\\\/\\\/larealidaddelaplata.com.ar\\\/index.php\\\/2026\\\/09\\\/01\\\/proponen-que-una-historica-plaza-de-la-plata-deje-de-llamarse-peron-para-llevar-el-nombre-de-messi\\\/#article\",\"name\":\"Proponen que una hist\\u00f3rica plaza de La Plata deje de llamarse Per\\u00f3n para llevar el nombre de Messi | larealidaddelaplata.com.ar\",\"headline\":\"Proponen que una hist\\u00f3rica plaza de La Plata deje de llamarse Per\\u00f3n para llevar el nombre de Messi\",\"author\":{\"@id\":\"https:\\\/\\\/larealidaddelaplata.com.ar\\\/index.php\\\/author\\\/riso\\\/#author\"},\"publisher\":{\"@id\":\"https:\\\/\\\/larealidaddelaplata.com.ar\\\/#organization\"},\"image\":{\"@type\":\"ImageObject\",\"url\":\"https:\\\/\\\/larealidaddelaplata.com.ar\\\/wp-content\\\/uploads\\\/2022\\\/11\\\/messi-eau2.jpg\",\"width\":800,\"height\":500},\"datePublished\":\"2026-09-01T10:51:28-03:00\",\"dateModified\":\"2026-09-01T10:51:31-03:00\",\"inLanguage\":\"es-AR\",\"mainEntityOfPage\":{\"@id\":\"https:\\\/\\\/larealidaddelaplata.com.ar\\\/index.php\\\/2026\\\/09\\\/01\\\/proponen-que-una-historica-plaza-de-la-plata-deje-de-llamarse-peron-para-llevar-el-nombre-de-messi\\\/#webpage\"},\"isPartOf\":{\"@id\":\"https:\\\/\\\/larealidaddelaplata.com.ar\\\/index.php\\\/2026\\\/09\\\/01\\\/proponen-que-una-historica-plaza-de-la-plata-deje-de-llamarse-peron-para-llevar-el-nombre-de-messi\\\/#webpage\"},\"articleSection\":\"Provincia\"},{\"@type\":\"BreadcrumbList\",\"@id\":\"https:\\\/\\\/larealidaddelaplata.com.ar\\\/index.php\\\/2026\\\/09\\\/01\\\/proponen-que-una-historica-plaza-de-la-plata-deje-de-llamarse-peron-para-llevar-el-nombre-de-messi\\\/#breadcrumblist\",\"itemListElement\":[{\"@type\":\"ListItem\",\"@id\":\"https:\\\/\\\/larealidaddelaplata.com.ar#listItem\",\"position\":1,\"name\":\"Home\",\"item\":\"https:\\\/\\\/larealidaddelaplata.com.ar\",\"nextItem\":{\"@type\":\"ListItem\",\"@id\":\"https:\\\/\\\/larealidaddelaplata.com.ar\\\/index.php\\\/category\\\/provincia\\\/#listItem\",\"name\":\"Provincia\"}},{\"@type\":\"ListItem\",\"@id\":\"https:\\\/\\\/larealidaddelaplata.com.ar\\\/index.php\\\/category\\\/provincia\\\/#listItem\",\"position\":2,\"name\":\"Provincia\",\"item\":\"https:\\\/\\\/larealidaddelaplata.com.ar\\\/index.php\\\/category\\\/provincia\\\/\",\"nextItem\":{\"@type\":\"ListItem\",\"@id\":\"https:\\\/\\\/larealidaddelaplata.com.ar\\\/index.php\\\/2026\\\/09\\\/01\\\/proponen-que-una-historica-plaza-de-la-plata-deje-de-llamarse-peron-para-llevar-el-nombre-de-messi\\\/#listItem\",\"name\":\"Proponen que una hist\\u00f3rica plaza de La Plata deje de llamarse Per\\u00f3n para llevar el nombre de Messi\"},\"previousItem\":{\"@type\":\"ListItem\",\"@id\":\"https:\\\/\\\/larealidaddelaplata.com.ar#listItem\",\"name\":\"Home\"}},{\"@type\":\"ListItem\",\"@id\":\"https:\\\/\\\/larealidaddelaplata.com.ar\\\/index.php\\\/2026\\\/09\\\/01\\\/proponen-que-una-historica-plaza-de-la-plata-deje-de-llamarse-peron-para-llevar-el-nombre-de-messi\\\/#listItem\",\"position\":3,\"name\":\"Proponen que una hist\\u00f3rica plaza de La Plata deje de llamarse Per\\u00f3n para llevar el nombre de Messi\",\"previousItem\":{\"@type\":\"ListItem\",\"@id\":\"https:\\\/\\\/larealidaddelaplata.com.ar\\\/index.php\\\/category\\\/provincia\\\/#listItem\",\"name\":\"Provincia\"}}]},{\"@type\":\"Organization\",\"@id\":\"https:\\\/\\\/larealidaddelaplata.com.ar\\\/#organization\",\"name\":\"La Realidad de La Plata\",\"description\":\"Tu portal de noticias sobre la realidad la Provincia de Buenos Aires y La Plata\",\"url\":\"https:\\\/\\\/larealidaddelaplata.com.ar\\\/\",\"logo\":{\"@type\":\"ImageObject\",\"url\":\"https:\\\/\\\/larealidaddelaplata.com.ar\\\/wp-content\\\/uploads\\\/2021\\\/01\\\/cropped-Diseno-sin-titulo-1-1.png\",\"@id\":\"https:\\\/\\\/larealidaddelaplata.com.ar\\\/index.php\\\/2026\\\/09\\\/01\\\/proponen-que-una-historica-plaza-de-la-plata-deje-de-llamarse-peron-para-llevar-el-nombre-de-messi\\\/#organizationLogo\",\"width\":1920,\"height\":355},\"image\":{\"@id\":\"https:\\\/\\\/larealidaddelaplata.com.ar\\\/index.php\\\/2026\\\/09\\\/01\\\/proponen-que-una-historica-plaza-de-la-plata-deje-de-llamarse-peron-para-llevar-el-nombre-de-messi\\\/#organizationLogo\"}},{\"@type\":\"Person\",\"@id\":\"https:\\\/\\\/larealidaddelaplata.com.ar\\\/index.php\\\/author\\\/riso\\\/#author\",\"url\":\"https:\\\/\\\/larealidaddelaplata.com.ar\\\/index.php\\\/author\\\/riso\\\/\",\"name\":\"Riso\",\"image\":{\"@type\":\"ImageObject\",\"@id\":\"https:\\\/\\\/larealidaddelaplata.com.ar\\\/index.php\\\/2026\\\/09\\\/01\\\/proponen-que-una-historica-plaza-de-la-plata-deje-de-llamarse-peron-para-llevar-el-nombre-de-messi\\\/#authorImage\",\"url\":\"https:\\\/\\\/secure.gravatar.com\\\/avatar\\\/b8a29b1cb80c18109fbc4f4f76150b29d5a28fa492bc41c870351ccfbbabbeef?s=96&d=mm&r=g\",\"width\":96,\"height\":96,\"caption\":\"Riso\"}},{\"@type\":\"WebPage\",\"@id\":\"https:\\\/\\\/larealidaddelaplata.com.ar\\\/index.php\\\/2026\\\/09\\\/01\\\/proponen-que-una-historica-plaza-de-la-plata-deje-de-llamarse-peron-para-llevar-el-nombre-de-messi\\\/#webpage\",\"url\":\"https:\\\/\\\/larealidaddelaplata.com.ar\\\/index.php\\\/2026\\\/09\\\/01\\\/proponen-que-una-historica-plaza-de-la-plata-deje-de-llamarse-peron-para-llevar-el-nombre-de-messi\\\/\",\"name\":\"Proponen que una hist\\u00f3rica plaza de La Plata deje de llamarse Per\\u00f3n para llevar el nombre de Messi | larealidaddelaplata.com.ar\",\"description\":\"El Concejo Deliberante de La Plata deber\\u00e1 debatir un proyecto presentado por el bloque del PRO que propone modificar el nombre de la hist\\u00f3rica Plaza Per\\u00f3n, ubicada en 25 y 60, para denominarla \\u201cPlaza Lionel Andr\\u00e9s Messi\\u201d. La iniciativa lleva la firma del concejal Nicol\\u00e1s Morzone y plantea homenajear al capit\\u00e1n de la Selecci\\u00f3n argentina\",\"inLanguage\":\"es-AR\",\"isPartOf\":{\"@id\":\"https:\\\/\\\/larealidaddelaplata.com.ar\\\/#website\"},\"breadcrumb\":{\"@id\":\"https:\\\/\\\/larealidaddelaplata.com.ar\\\/index.php\\\/2026\\\/09\\\/01\\\/proponen-que-una-historica-plaza-de-la-plata-deje-de-llamarse-peron-para-llevar-el-nombre-de-messi\\\/#breadcrumblist\"},\"author\":{\"@id\":\"https:\\\/\\\/larealidaddelaplata.com.ar\\\/index.php\\\/author\\\/riso\\\/#author\"},\"creator\":{\"@id\":\"https:\\\/\\\/larealidaddelaplata.com.ar\\\/index.php\\\/author\\\/riso\\\/#author\"},\"image\":{\"@type\":\"ImageObject\",\"url\":\"https:\\\/\\\/larealidaddelaplata.com.ar\\\/wp-content\\\/uploads\\\/2022\\\/11\\\/messi-eau2.jpg\",\"@id\":\"https:\\\/\\\/larealidaddelaplata.com.ar\\\/index.php\\\/2026\\\/09\\\/01\\\/proponen-que-una-historica-plaza-de-la-plata-deje-de-llamarse-peron-para-llevar-el-nombre-de-messi\\\/#mainImage\",\"width\":800,\"height\":500},\"primaryImageOfPage\":{\"@id\":\"https:\\\/\\\/larealidaddelaplata.com.ar\\\/index.php\\\/2026\\\/09\\\/01\\\/proponen-que-una-historica-plaza-de-la-plata-deje-de-llamarse-peron-para-llevar-el-nombre-de-messi\\\/#mainImage\"},\"datePublished\":\"2026-09-01T10:51:28-03:00\",\"dateModified\":\"2026-09-01T10:51:31-03:00\"},{\"@type\":\"WebSite\",\"@id\":\"https:\\\/\\\/larealidaddelaplata.com.ar\\\/#website\",\"url\":\"https:\\\/\\\/larealidaddelaplata.com.ar\\\/\",\"name\":\"La Realidad de La Plata\",\"description\":\"Tu portal de noticias sobre la realidad la Provincia de Buenos Aires y La Plata\",\"inLanguage\":\"es-AR\",\"publisher\":{\"@id\":\"https:\\\/\\\/larealidaddelaplata.com.ar\\\/#organization\"}}]}\n\t\t<\/script>\n\t\t<!-- All in One SEO -->\n\n","aioseo_head_json":{"title":"Proponen que una hist\u00f3rica plaza de La Plata deje de llamarse Per\u00f3n para llevar el nombre de Messi | larealidaddelaplata.com.ar","description":"El Concejo Deliberante de La Plata deber\u00e1 debatir un proyecto presentado por el bloque del PRO que propone modificar el nombre de la hist\u00f3rica Plaza Per\u00f3n, ubicada en 25 y 60, para denominarla \u201cPlaza Lionel Andr\u00e9s Messi\u201d. La iniciativa lleva la firma del concejal Nicol\u00e1s Morzone y plantea homenajear al capit\u00e1n de la Selecci\u00f3n argentina","canonical_url":"https:\/\/larealidaddelaplata.com.ar\/index.php\/2026\/09\/01\/proponen-que-una-historica-plaza-de-la-plata-deje-de-llamarse-peron-para-llevar-el-nombre-de-messi\/","robots":"max-snippet:-1, max-image-preview:large, max-video-preview:-1","keywords":"","webmasterTools":{"miscellaneous":""},"schema":{"@context":"https:\/\/schema.org","@graph":[{"@type":"Article","@id":"https:\/\/larealidaddelaplata.com.ar\/index.php\/2026\/09\/01\/proponen-que-una-historica-plaza-de-la-plata-deje-de-llamarse-peron-para-llevar-el-nombre-de-messi\/#article","name":"Proponen que una hist\u00f3rica plaza de La Plata deje de llamarse Per\u00f3n para llevar el nombre de Messi | larealidaddelaplata.com.ar","headline":"Proponen que una hist\u00f3rica plaza de La Plata deje de llamarse Per\u00f3n para llevar el nombre de Messi","author":{"@id":"https:\/\/larealidaddelaplata.com.ar\/index.php\/author\/riso\/#author"},"publisher":{"@id":"https:\/\/larealidaddelaplata.com.ar\/#organization"},"image":{"@type":"ImageObject","url":"https:\/\/larealidaddelaplata.com.ar\/wp-content\/uploads\/2022\/11\/messi-eau2.jpg","width":800,"height":500},"datePublished":"2026-09-01T10:51:28-03:00","dateModified":"2026-09-01T10:51:31-03:00","inLanguage":"es-AR","mainEntityOfPage":{"@id":"https:\/\/larealidaddelaplata.com.ar\/index.php\/2026\/09\/01\/proponen-que-una-historica-plaza-de-la-plata-deje-de-llamarse-peron-para-llevar-el-nombre-de-messi\/#webpage"},"isPartOf":{"@id":"https:\/\/larealidaddelaplata.com.ar\/index.php\/2026\/09\/01\/proponen-que-una-historica-plaza-de-la-plata-deje-de-llamarse-peron-para-llevar-el-nombre-de-messi\/#webpage"},"articleSection":"Provincia"},{"@type":"BreadcrumbList","@id":"https:\/\/larealidaddelaplata.com.ar\/index.php\/2026\/09\/01\/proponen-que-una-historica-plaza-de-la-plata-deje-de-llamarse-peron-para-llevar-el-nombre-de-messi\/#breadcrumblist","itemListElement":[{"@type":"ListItem","@id":"https:\/\/larealidaddelaplata.com.ar#listItem","position":1,"name":"Home","item":"https:\/\/larealidaddelaplata.com.ar","nextItem":{"@type":"ListItem","@id":"https:\/\/larealidaddelaplata.com.ar\/index.php\/category\/provincia\/#listItem","name":"Provincia"}},{"@type":"ListItem","@id":"https:\/\/larealidaddelaplata.com.ar\/index.php\/category\/provincia\/#listItem","position":2,"name":"Provincia","item":"https:\/\/larealidaddelaplata.com.ar\/index.php\/category\/provincia\/","nextItem":{"@type":"ListItem","@id":"https:\/\/larealidaddelaplata.com.ar\/index.php\/2026\/09\/01\/proponen-que-una-historica-plaza-de-la-plata-deje-de-llamarse-peron-para-llevar-el-nombre-de-messi\/#listItem","name":"Proponen que una hist\u00f3rica plaza de La Plata deje de llamarse Per\u00f3n para llevar el nombre de Messi"},"previousItem":{"@type":"ListItem","@id":"https:\/\/larealidaddelaplata.com.ar#listItem","name":"Home"}},{"@type":"ListItem","@id":"https:\/\/larealidaddelaplata.com.ar\/index.php\/2026\/09\/01\/proponen-que-una-historica-plaza-de-la-plata-deje-de-llamarse-peron-para-llevar-el-nombre-de-messi\/#listItem","position":3,"name":"Proponen que una hist\u00f3rica plaza de La Plata deje de llamarse Per\u00f3n para llevar el nombre de Messi","previousItem":{"@type":"ListItem","@id":"https:\/\/larealidaddelaplata.com.ar\/index.php\/category\/provincia\/#listItem","name":"Provincia"}}]},{"@type":"Organization","@id":"https:\/\/larealidaddelaplata.com.ar\/#organization","name":"La Realidad de La Plata","description":"Tu portal de noticias sobre la realidad la Provincia de Buenos Aires y La Plata","url":"https:\/\/larealidaddelaplata.com.ar\/","logo":{"@type":"ImageObject","url":"https:\/\/larealidaddelaplata.com.ar\/wp-content\/uploads\/2021\/01\/cropped-Diseno-sin-titulo-1-1.png","@id":"https:\/\/larealidaddelaplata.com.ar\/index.php\/2026\/09\/01\/proponen-que-una-historica-plaza-de-la-plata-deje-de-llamarse-peron-para-llevar-el-nombre-de-messi\/#organizationLogo","width":1920,"height":355},"image":{"@id":"https:\/\/larealidaddelaplata.com.ar\/index.php\/2026\/09\/01\/proponen-que-una-historica-plaza-de-la-plata-deje-de-llamarse-peron-para-llevar-el-nombre-de-messi\/#organizationLogo"}},{"@type":"Person","@id":"https:\/\/larealidaddelaplata.com.ar\/index.php\/author\/riso\/#author","url":"https:\/\/larealidaddelaplata.com.ar\/index.php\/author\/riso\/","name":"Riso","image":{"@type":"ImageObject","@id":"https:\/\/larealidaddelaplata.com.ar\/index.php\/2026\/09\/01\/proponen-que-una-historica-plaza-de-la-plata-deje-de-llamarse-peron-para-llevar-el-nombre-de-messi\/#authorImage","url":"https:\/\/secure.gravatar.com\/avatar\/b8a29b1cb80c18109fbc4f4f76150b29d5a28fa492bc41c870351ccfbbabbeef?s=96&d=mm&r=g","width":96,"height":96,"caption":"Riso"}},{"@type":"WebPage","@id":"https:\/\/larealidaddelaplata.com.ar\/index.php\/2026\/09\/01\/proponen-que-una-historica-plaza-de-la-plata-deje-de-llamarse-peron-para-llevar-el-nombre-de-messi\/#webpage","url":"https:\/\/larealidaddelaplata.com.ar\/index.php\/2026\/09\/01\/proponen-que-una-historica-plaza-de-la-plata-deje-de-llamarse-peron-para-llevar-el-nombre-de-messi\/","name":"Proponen que una hist\u00f3rica plaza de La Plata deje de llamarse Per\u00f3n para llevar el nombre de Messi | larealidaddelaplata.com.ar","description":"El Concejo Deliberante de La Plata deber\u00e1 debatir un proyecto presentado por el bloque del PRO que propone modificar el nombre de la hist\u00f3rica Plaza Per\u00f3n, ubicada en 25 y 60, para denominarla \u201cPlaza Lionel Andr\u00e9s Messi\u201d. La iniciativa lleva la firma del concejal Nicol\u00e1s Morzone y plantea homenajear al capit\u00e1n de la Selecci\u00f3n argentina","inLanguage":"es-AR","isPartOf":{"@id":"https:\/\/larealidaddelaplata.com.ar\/#website"},"breadcrumb":{"@id":"https:\/\/larealidaddelaplata.com.ar\/index.php\/2026\/09\/01\/proponen-que-una-historica-plaza-de-la-plata-deje-de-llamarse-peron-para-llevar-el-nombre-de-messi\/#breadcrumblist"},"author":{"@id":"https:\/\/larealidaddelaplata.com.ar\/index.php\/author\/riso\/#author"},"creator":{"@id":"https:\/\/larealidaddelaplata.com.ar\/index.php\/author\/riso\/#author"},"image":{"@type":"ImageObject","url":"https:\/\/larealidaddelaplata.com.ar\/wp-content\/uploads\/2022\/11\/messi-eau2.jpg","@id":"https:\/\/larealidaddelaplata.com.ar\/index.php\/2026\/09\/01\/proponen-que-una-historica-plaza-de-la-plata-deje-de-llamarse-peron-para-llevar-el-nombre-de-messi\/#mainImage","width":800,"height":500},"primaryImageOfPage":{"@id":"https:\/\/larealidaddelaplata.com.ar\/index.php\/2026\/09\/01\/proponen-que-una-historica-plaza-de-la-plata-deje-de-llamarse-peron-para-llevar-el-nombre-de-messi\/#mainImage"},"datePublished":"2026-09-01T10:51:28-03:00","dateModified":"2026-09-01T10:51:31-03:00"},{"@type":"WebSite","@id":"https:\/\/larealidaddelaplata.com.ar\/#website","url":"https:\/\/larealidaddelaplata.com.ar\/","name":"La Realidad de La Plata","description":"Tu portal de noticias sobre la realidad la Provincia de Buenos Aires y La Plata","inLanguage":"es-AR","publisher":{"@id":"https:\/\/larealidaddelaplata.com.ar\/#organization"}}]}},"aioseo_meta_data":{"post_id":"43594","title":null,"description":null,"keywords":null,"keyphrases":{"focus":{"keyphrase":"","score":0,"analysis":{"keyphraseInTitle":{"score":0,"maxScore":9,"error":1}}},"additional":[]},"primary_term":null,"canonical_url":null,"og_title":null,"og_description":null,"og_object_type":"default","og_image_type":"default","og_image_url":null,"og_image_width":null,"og_image_height":null,"og_image_custom_url":null,"og_image_custom_fields":null,"og_video":"","og_custom_url":null,"og_article_section":null,"og_article_tags":null,"twitter_use_og":false,"twitter_card":"default","twitter_image_type":"default","twitter_image_url":null,"twitter_image_custom_url":null,"twitter_image_custom_fields":null,"twitter_title":null,"twitter_description":null,"schema":{"blockGraphs":[],"customGraphs":[],"default":{"data":{"Article":[],"Course":[],"Dataset":[],"FAQPage":[],"Movie":[],"Person":[],"Product":[],"ProductReview":[],"Car":[],"Recipe":[],"Service":[],"SoftwareApplication":[],"WebPage":[]},"graphName":"Article","isEnabled":true},"graphs":[]},"schema_type":"default","schema_type_options":null,"pillar_content":false,"robots_default":true,"robots_noindex":false,"robots_noarchive":false,"robots_nosnippet":false,"robots_nofollow":false,"robots_noimageindex":false,"robots_noodp":false,"robots_notranslate":false,"robots_max_snippet":"-1","robots_max_videopreview":"-1","robots_max_imagepreview":"large","priority":null,"frequency":"default","location":null,"local_seo":null,"breadcrumb_settings":null,"limit_modified_date":false,"ai":{"faqs":[],"keyPoints":[],"schemas":[],"titles":[],"descriptions":[],"socialPosts":{"email":{"subject":"","preview":"","content":""},"linkedin":[],"twitter":[],"facebook":[],"instagram":[]}},"created":"2026-09-01 13:50:21","updated":"2026-09-01 13:51:32","seo_analyzer_scan_date":null,"focus_keyword":null,"additional_keywords":null,"truseo_locale":null},"_links":{"self":[{"href":"https:\/\/larealidaddelaplata.com.ar\/index.php\/wp-json\/wp\/v2\/posts\/43594","targetHints":{"allow":["GET"]}}],"collection":[{"href":"https:\/\/larealidaddelaplata.com.ar\/index.php\/wp-json\/wp\/v2\/posts"}],"about":[{"href":"https:\/\/larealidaddelaplata.com.ar\/index.php\/wp-json\/wp\/v2\/types\/post"}],"author":[{"embeddable":true,"href":"https:\/\/larealidaddelaplata.com.ar\/index.php\/wp-json\/wp\/v2\/users\/3"}],"replies":[{"embeddable":true,"href":"https:\/\/larealidaddelaplata.com.ar\/index.php\/wp-json\/wp\/v2\/comments?post=43594"}],"version-history":[{"count":1,"href":"https:\/\/larealidaddelaplata.com.ar\/index.php\/wp-json\/wp\/v2\/posts\/43594\/revisions"}],"predecessor-version":[{"id":43595,"href":"https:\/\/larealidaddelaplata.com.ar\/index.php\/wp-json\/wp\/v2\/posts\/43594\/revisions\/43595"}],"wp:featuredmedia":[{"embeddable":true,"href":"https:\/\/larealidaddelaplata.com.ar\/index.php\/wp-json\/wp\/v2\/media\/25941"}],"wp:attachment":[{"href":"https:\/\/larealidaddelaplata.com.ar\/index.php\/wp-json\/wp\/v2\/media?parent=43594"}],"wp:term":[{"taxonomy":"category","embeddable":true,"href":"https:\/\/larealidaddelaplata.com.ar\/index.php\/wp-json\/wp\/v2\/categories?post=43594"},{"taxonomy":"post_tag","embeddable":true,"href":"https:\/\/larealidaddelaplata.com.ar\/index.php\/wp-json\/wp\/v2\/tags?post=43594"}],"curies":[{"name":"wp","href":"https:\/\/api.w.org\/{rel}","templated":true}]}}