{"id":43598,"date":"2026-09-01T12:47:51","date_gmt":"2026-09-01T15:47:51","guid":{"rendered":"https:\/\/larealidaddelaplata.com.ar\/?p=43598"},"modified":"2026-09-01T12:47:53","modified_gmt":"2026-09-01T15:47:53","slug":"la-municipalidad-lanzo-una-campana-para-promover-la-recuperacion-de-veredas-en-todo-el-partido","status":"publish","type":"post","link":"https:\/\/larealidaddelaplata.com.ar\/index.php\/2026\/09\/01\/la-municipalidad-lanzo-una-campana-para-promover-la-recuperacion-de-veredas-en-todo-el-partido\/","title":{"rendered":"La Municipalidad lanz\u00f3 una campa\u00f1a para promover la recuperaci\u00f3n de veredas en todo el partido"},"content":{"rendered":"\n<p class=\"wp-block-paragraph\">La Municipalidad de La Plata lanz\u00f3 una campa\u00f1a para promover la reparaci\u00f3n y recuperaci\u00f3n de las veredas por parte de los vecinos con el objetivo de contribuir al ordenamiento urbano y preservar la identidad caracter\u00edstica de la capital bonaerense.<\/p>\n\n\n\n<p class=\"wp-block-paragraph\">La iniciativa alcanza tanto al casco fundacional como a las distintas localidades del partido y recuerda que, seg\u00fan la Ordenanza N\u00b0 3001 de 1963, el mantenimiento de las veredas corresponde a los frentistas.<\/p>\n\n\n\n<p class=\"wp-block-paragraph\">En ese marco, el Municipio difundi\u00f3 material informativo para orientar a los ciudadanos sobre las caracter\u00edsticas que deben respetar al realizar los trabajos, de acuerdo con las particularidades de cada sector.<\/p>\n\n\n\n<p class=\"wp-block-paragraph\">CRITERIOS PARA CADA ZONA<\/p>\n\n\n\n<p class=\"wp-block-paragraph\">En el casco fundacional, el dise\u00f1o establecido por la normativa indica que las calles deben tener baldosas cuadriculadas de 9 panes, mientras que para las avenidas y diagonales se establecen baldosas de bast\u00f3n y vainillas con 5 estr\u00edas rectas.<\/p>\n\n\n\n<p class=\"wp-block-paragraph\">Del lado par, los colores correspondientes son amarillo ocre con guarda roja; y del impar, gris gran\u00edtico con guarda negra.<\/p>\n\n\n\n<p class=\"wp-block-paragraph\">Asimismo, fuera del casco, el dise\u00f1o debe ser de baldosones de cemento o granito de 40 por 40 cent\u00edmetros.<\/p>\n\n\n\n<p class=\"wp-block-paragraph\">COMPROMISO CON LA CIUDAD<\/p>\n\n\n\n<p class=\"wp-block-paragraph\">La campa\u00f1a tambi\u00e9n busca reforzar el cuidado del valor urban\u00edstico de La Plata, declarada de inter\u00e9s hist\u00f3rico nacional mediante el Decreto Nacional N\u00b0 1308 de 1999, y promover el compromiso de los vecinos con el mantenimiento de sus cuadras y barrios.<\/p>\n\n\n\n<p class=\"wp-block-paragraph\">Para realizar consultas y obtener m\u00e1s informaci\u00f3n, las personas interesadas pueden acercarse al espacio de atenci\u00f3n al p\u00fablico ubicado en calle 9 entre 55 y 56, N\u00b0 1134.<\/p>\n","protected":false},"excerpt":{"rendered":"<p>La Municipalidad de La Plata lanz\u00f3 una campa\u00f1a para promover la reparaci\u00f3n y recuperaci\u00f3n de las veredas por parte de los vecinos con el objetivo de contribuir al ordenamiento urbano y preservar la identidad caracter\u00edstica de la capital bonaerense. La iniciativa alcanza tanto al casco fundacional como a las distintas localidades del partido y recuerda que, seg\u00fan la Ordenanza N\u00b0 3001 de 1963, el mantenimiento de las veredas corresponde a&hellip;<\/p>\n","protected":false},"author":6,"featured_media":43599,"comment_status":"open","ping_status":"open","sticky":false,"template":"","format":"standard","meta":{"_acf_changed":false,"footnotes":""},"categories":[3],"tags":[],"class_list":["post-43598","post","type-post","status-publish","format-standard","has-post-thumbnail","hentry","category-la-plata"],"acf":[],"aioseo_notices":[],"aioseo_head":"\n\t\t<!-- All in One SEO 5.0.1.1 - aioseo.com -->\n\t<meta name=\"description\" content=\"La Municipalidad de La Plata lanz\u00f3 una campa\u00f1a para promover la reparaci\u00f3n y recuperaci\u00f3n de las veredas por parte de los vecinos con el objetivo de contribuir al ordenamiento urbano y preservar la identidad caracter\u00edstica de la capital bonaerense. La iniciativa alcanza tanto al casco fundacional como a las distintas localidades del partido y recuerda\" \/>\n\t<meta name=\"robots\" content=\"max-snippet:-1, max-image-preview:large, max-video-preview:-1\" \/>\n\t<meta name=\"author\" content=\"Julian I\"\/>\n\t<link rel=\"canonical\" href=\"https:\/\/larealidaddelaplata.com.ar\/index.php\/2026\/09\/01\/la-municipalidad-lanzo-una-campana-para-promover-la-recuperacion-de-veredas-en-todo-el-partido\/\" \/>\n\t<meta name=\"generator\" content=\"All in One SEO (AIOSEO) 5.0.1.1\" \/>\n\t\t<script type=\"application\/ld+json\" class=\"aioseo-schema\">\n\t\t\t{\"@context\":\"https:\\\/\\\/schema.org\",\"@graph\":[{\"@type\":\"Article\",\"@id\":\"https:\\\/\\\/larealidaddelaplata.com.ar\\\/index.php\\\/2026\\\/09\\\/01\\\/la-municipalidad-lanzo-una-campana-para-promover-la-recuperacion-de-veredas-en-todo-el-partido\\\/#article\",\"name\":\"La Municipalidad lanz\\u00f3 una campa\\u00f1a para promover la recuperaci\\u00f3n de veredas en todo el partido | larealidaddelaplata.com.ar\",\"headline\":\"La Municipalidad lanz\\u00f3 una campa\\u00f1a para promover la recuperaci\\u00f3n de veredas en todo el partido\",\"author\":{\"@id\":\"https:\\\/\\\/larealidaddelaplata.com.ar\\\/index.php\\\/author\\\/julian_ibarrola\\\/#author\"},\"publisher\":{\"@id\":\"https:\\\/\\\/larealidaddelaplata.com.ar\\\/#organization\"},\"image\":{\"@type\":\"ImageObject\",\"url\":\"https:\\\/\\\/larealidaddelaplata.com.ar\\\/wp-content\\\/uploads\\\/2026\\\/09\\\/5635124768978161572-e1788277663790.jpeg\",\"width\":800,\"height\":533},\"datePublished\":\"2026-09-01T12:47:51-03:00\",\"dateModified\":\"2026-09-01T12:47:53-03:00\",\"inLanguage\":\"es-AR\",\"mainEntityOfPage\":{\"@id\":\"https:\\\/\\\/larealidaddelaplata.com.ar\\\/index.php\\\/2026\\\/09\\\/01\\\/la-municipalidad-lanzo-una-campana-para-promover-la-recuperacion-de-veredas-en-todo-el-partido\\\/#webpage\"},\"isPartOf\":{\"@id\":\"https:\\\/\\\/larealidaddelaplata.com.ar\\\/index.php\\\/2026\\\/09\\\/01\\\/la-municipalidad-lanzo-una-campana-para-promover-la-recuperacion-de-veredas-en-todo-el-partido\\\/#webpage\"},\"articleSection\":\"La Plata\"},{\"@type\":\"BreadcrumbList\",\"@id\":\"https:\\\/\\\/larealidaddelaplata.com.ar\\\/index.php\\\/2026\\\/09\\\/01\\\/la-municipalidad-lanzo-una-campana-para-promover-la-recuperacion-de-veredas-en-todo-el-partido\\\/#breadcrumblist\",\"itemListElement\":[{\"@type\":\"ListItem\",\"@id\":\"https:\\\/\\\/larealidaddelaplata.com.ar#listItem\",\"position\":1,\"name\":\"Home\",\"item\":\"https:\\\/\\\/larealidaddelaplata.com.ar\",\"nextItem\":{\"@type\":\"ListItem\",\"@id\":\"https:\\\/\\\/larealidaddelaplata.com.ar\\\/index.php\\\/category\\\/la-plata\\\/#listItem\",\"name\":\"La Plata\"}},{\"@type\":\"ListItem\",\"@id\":\"https:\\\/\\\/larealidaddelaplata.com.ar\\\/index.php\\\/category\\\/la-plata\\\/#listItem\",\"position\":2,\"name\":\"La Plata\",\"item\":\"https:\\\/\\\/larealidaddelaplata.com.ar\\\/index.php\\\/category\\\/la-plata\\\/\",\"nextItem\":{\"@type\":\"ListItem\",\"@id\":\"https:\\\/\\\/larealidaddelaplata.com.ar\\\/index.php\\\/2026\\\/09\\\/01\\\/la-municipalidad-lanzo-una-campana-para-promover-la-recuperacion-de-veredas-en-todo-el-partido\\\/#listItem\",\"name\":\"La Municipalidad lanz\\u00f3 una campa\\u00f1a para promover la recuperaci\\u00f3n de veredas en todo el partido\"},\"previousItem\":{\"@type\":\"ListItem\",\"@id\":\"https:\\\/\\\/larealidaddelaplata.com.ar#listItem\",\"name\":\"Home\"}},{\"@type\":\"ListItem\",\"@id\":\"https:\\\/\\\/larealidaddelaplata.com.ar\\\/index.php\\\/2026\\\/09\\\/01\\\/la-municipalidad-lanzo-una-campana-para-promover-la-recuperacion-de-veredas-en-todo-el-partido\\\/#listItem\",\"position\":3,\"name\":\"La Municipalidad lanz\\u00f3 una campa\\u00f1a para promover la recuperaci\\u00f3n de veredas en todo el partido\",\"previousItem\":{\"@type\":\"ListItem\",\"@id\":\"https:\\\/\\\/larealidaddelaplata.com.ar\\\/index.php\\\/category\\\/la-plata\\\/#listItem\",\"name\":\"La Plata\"}}]},{\"@type\":\"Organization\",\"@id\":\"https:\\\/\\\/larealidaddelaplata.com.ar\\\/#organization\",\"name\":\"La Realidad de La Plata\",\"description\":\"Tu portal de noticias sobre la realidad la Provincia de Buenos Aires y La Plata\",\"url\":\"https:\\\/\\\/larealidaddelaplata.com.ar\\\/\",\"logo\":{\"@type\":\"ImageObject\",\"url\":\"https:\\\/\\\/larealidaddelaplata.com.ar\\\/wp-content\\\/uploads\\\/2021\\\/01\\\/cropped-Diseno-sin-titulo-1-1.png\",\"@id\":\"https:\\\/\\\/larealidaddelaplata.com.ar\\\/index.php\\\/2026\\\/09\\\/01\\\/la-municipalidad-lanzo-una-campana-para-promover-la-recuperacion-de-veredas-en-todo-el-partido\\\/#organizationLogo\",\"width\":1920,\"height\":355},\"image\":{\"@id\":\"https:\\\/\\\/larealidaddelaplata.com.ar\\\/index.php\\\/2026\\\/09\\\/01\\\/la-municipalidad-lanzo-una-campana-para-promover-la-recuperacion-de-veredas-en-todo-el-partido\\\/#organizationLogo\"}},{\"@type\":\"Person\",\"@id\":\"https:\\\/\\\/larealidaddelaplata.com.ar\\\/index.php\\\/author\\\/julian_ibarrola\\\/#author\",\"url\":\"https:\\\/\\\/larealidaddelaplata.com.ar\\\/index.php\\\/author\\\/julian_ibarrola\\\/\",\"name\":\"Julian I\",\"image\":{\"@type\":\"ImageObject\",\"@id\":\"https:\\\/\\\/larealidaddelaplata.com.ar\\\/index.php\\\/2026\\\/09\\\/01\\\/la-municipalidad-lanzo-una-campana-para-promover-la-recuperacion-de-veredas-en-todo-el-partido\\\/#authorImage\",\"url\":\"https:\\\/\\\/secure.gravatar.com\\\/avatar\\\/7771209082b3e5bb400c4977362cbab150b08c7199fffcd6a227c0b2fbe17c9c?s=96&d=mm&r=g\",\"width\":96,\"height\":96,\"caption\":\"Julian I\"}},{\"@type\":\"WebPage\",\"@id\":\"https:\\\/\\\/larealidaddelaplata.com.ar\\\/index.php\\\/2026\\\/09\\\/01\\\/la-municipalidad-lanzo-una-campana-para-promover-la-recuperacion-de-veredas-en-todo-el-partido\\\/#webpage\",\"url\":\"https:\\\/\\\/larealidaddelaplata.com.ar\\\/index.php\\\/2026\\\/09\\\/01\\\/la-municipalidad-lanzo-una-campana-para-promover-la-recuperacion-de-veredas-en-todo-el-partido\\\/\",\"name\":\"La Municipalidad lanz\\u00f3 una campa\\u00f1a para promover la recuperaci\\u00f3n de veredas en todo el partido | larealidaddelaplata.com.ar\",\"description\":\"La Municipalidad de La Plata lanz\\u00f3 una campa\\u00f1a para promover la reparaci\\u00f3n y recuperaci\\u00f3n de las veredas por parte de los vecinos con el objetivo de contribuir al ordenamiento urbano y preservar la identidad caracter\\u00edstica de la capital bonaerense. La iniciativa alcanza tanto al casco fundacional como a las distintas localidades del partido y recuerda\",\"inLanguage\":\"es-AR\",\"isPartOf\":{\"@id\":\"https:\\\/\\\/larealidaddelaplata.com.ar\\\/#website\"},\"breadcrumb\":{\"@id\":\"https:\\\/\\\/larealidaddelaplata.com.ar\\\/index.php\\\/2026\\\/09\\\/01\\\/la-municipalidad-lanzo-una-campana-para-promover-la-recuperacion-de-veredas-en-todo-el-partido\\\/#breadcrumblist\"},\"author\":{\"@id\":\"https:\\\/\\\/larealidaddelaplata.com.ar\\\/index.php\\\/author\\\/julian_ibarrola\\\/#author\"},\"creator\":{\"@id\":\"https:\\\/\\\/larealidaddelaplata.com.ar\\\/index.php\\\/author\\\/julian_ibarrola\\\/#author\"},\"image\":{\"@type\":\"ImageObject\",\"url\":\"https:\\\/\\\/larealidaddelaplata.com.ar\\\/wp-content\\\/uploads\\\/2026\\\/09\\\/5635124768978161572-e1788277663790.jpeg\",\"@id\":\"https:\\\/\\\/larealidaddelaplata.com.ar\\\/index.php\\\/2026\\\/09\\\/01\\\/la-municipalidad-lanzo-una-campana-para-promover-la-recuperacion-de-veredas-en-todo-el-partido\\\/#mainImage\",\"width\":800,\"height\":533},\"primaryImageOfPage\":{\"@id\":\"https:\\\/\\\/larealidaddelaplata.com.ar\\\/index.php\\\/2026\\\/09\\\/01\\\/la-municipalidad-lanzo-una-campana-para-promover-la-recuperacion-de-veredas-en-todo-el-partido\\\/#mainImage\"},\"datePublished\":\"2026-09-01T12:47:51-03:00\",\"dateModified\":\"2026-09-01T12:47:53-03:00\"},{\"@type\":\"WebSite\",\"@id\":\"https:\\\/\\\/larealidaddelaplata.com.ar\\\/#website\",\"url\":\"https:\\\/\\\/larealidaddelaplata.com.ar\\\/\",\"name\":\"La Realidad de La Plata\",\"description\":\"Tu portal de noticias sobre la realidad la Provincia de Buenos Aires y La Plata\",\"inLanguage\":\"es-AR\",\"publisher\":{\"@id\":\"https:\\\/\\\/larealidaddelaplata.com.ar\\\/#organization\"}}]}\n\t\t<\/script>\n\t\t<!-- All in One SEO -->\n\n","aioseo_head_json":{"title":"La Municipalidad lanz\u00f3 una campa\u00f1a para promover la recuperaci\u00f3n de veredas en todo el partido | larealidaddelaplata.com.ar","description":"La Municipalidad de La Plata lanz\u00f3 una campa\u00f1a para promover la reparaci\u00f3n y recuperaci\u00f3n de las veredas por parte de los vecinos con el objetivo de contribuir al ordenamiento urbano y preservar la identidad caracter\u00edstica de la capital bonaerense. La iniciativa alcanza tanto al casco fundacional como a las distintas localidades del partido y recuerda","canonical_url":"https:\/\/larealidaddelaplata.com.ar\/index.php\/2026\/09\/01\/la-municipalidad-lanzo-una-campana-para-promover-la-recuperacion-de-veredas-en-todo-el-partido\/","robots":"max-snippet:-1, max-image-preview:large, max-video-preview:-1","keywords":"","webmasterTools":{"miscellaneous":""},"schema":{"@context":"https:\/\/schema.org","@graph":[{"@type":"Article","@id":"https:\/\/larealidaddelaplata.com.ar\/index.php\/2026\/09\/01\/la-municipalidad-lanzo-una-campana-para-promover-la-recuperacion-de-veredas-en-todo-el-partido\/#article","name":"La Municipalidad lanz\u00f3 una campa\u00f1a para promover la recuperaci\u00f3n de veredas en todo el partido | larealidaddelaplata.com.ar","headline":"La Municipalidad lanz\u00f3 una campa\u00f1a para promover la recuperaci\u00f3n de veredas en todo el partido","author":{"@id":"https:\/\/larealidaddelaplata.com.ar\/index.php\/author\/julian_ibarrola\/#author"},"publisher":{"@id":"https:\/\/larealidaddelaplata.com.ar\/#organization"},"image":{"@type":"ImageObject","url":"https:\/\/larealidaddelaplata.com.ar\/wp-content\/uploads\/2026\/09\/5635124768978161572-e1788277663790.jpeg","width":800,"height":533},"datePublished":"2026-09-01T12:47:51-03:00","dateModified":"2026-09-01T12:47:53-03:00","inLanguage":"es-AR","mainEntityOfPage":{"@id":"https:\/\/larealidaddelaplata.com.ar\/index.php\/2026\/09\/01\/la-municipalidad-lanzo-una-campana-para-promover-la-recuperacion-de-veredas-en-todo-el-partido\/#webpage"},"isPartOf":{"@id":"https:\/\/larealidaddelaplata.com.ar\/index.php\/2026\/09\/01\/la-municipalidad-lanzo-una-campana-para-promover-la-recuperacion-de-veredas-en-todo-el-partido\/#webpage"},"articleSection":"La Plata"},{"@type":"BreadcrumbList","@id":"https:\/\/larealidaddelaplata.com.ar\/index.php\/2026\/09\/01\/la-municipalidad-lanzo-una-campana-para-promover-la-recuperacion-de-veredas-en-todo-el-partido\/#breadcrumblist","itemListElement":[{"@type":"ListItem","@id":"https:\/\/larealidaddelaplata.com.ar#listItem","position":1,"name":"Home","item":"https:\/\/larealidaddelaplata.com.ar","nextItem":{"@type":"ListItem","@id":"https:\/\/larealidaddelaplata.com.ar\/index.php\/category\/la-plata\/#listItem","name":"La Plata"}},{"@type":"ListItem","@id":"https:\/\/larealidaddelaplata.com.ar\/index.php\/category\/la-plata\/#listItem","position":2,"name":"La Plata","item":"https:\/\/larealidaddelaplata.com.ar\/index.php\/category\/la-plata\/","nextItem":{"@type":"ListItem","@id":"https:\/\/larealidaddelaplata.com.ar\/index.php\/2026\/09\/01\/la-municipalidad-lanzo-una-campana-para-promover-la-recuperacion-de-veredas-en-todo-el-partido\/#listItem","name":"La Municipalidad lanz\u00f3 una campa\u00f1a para promover la recuperaci\u00f3n de veredas en todo el partido"},"previousItem":{"@type":"ListItem","@id":"https:\/\/larealidaddelaplata.com.ar#listItem","name":"Home"}},{"@type":"ListItem","@id":"https:\/\/larealidaddelaplata.com.ar\/index.php\/2026\/09\/01\/la-municipalidad-lanzo-una-campana-para-promover-la-recuperacion-de-veredas-en-todo-el-partido\/#listItem","position":3,"name":"La Municipalidad lanz\u00f3 una campa\u00f1a para promover la recuperaci\u00f3n de veredas en todo el partido","previousItem":{"@type":"ListItem","@id":"https:\/\/larealidaddelaplata.com.ar\/index.php\/category\/la-plata\/#listItem","name":"La Plata"}}]},{"@type":"Organization","@id":"https:\/\/larealidaddelaplata.com.ar\/#organization","name":"La Realidad de La Plata","description":"Tu portal de noticias sobre la realidad la Provincia de Buenos Aires y La Plata","url":"https:\/\/larealidaddelaplata.com.ar\/","logo":{"@type":"ImageObject","url":"https:\/\/larealidaddelaplata.com.ar\/wp-content\/uploads\/2021\/01\/cropped-Diseno-sin-titulo-1-1.png","@id":"https:\/\/larealidaddelaplata.com.ar\/index.php\/2026\/09\/01\/la-municipalidad-lanzo-una-campana-para-promover-la-recuperacion-de-veredas-en-todo-el-partido\/#organizationLogo","width":1920,"height":355},"image":{"@id":"https:\/\/larealidaddelaplata.com.ar\/index.php\/2026\/09\/01\/la-municipalidad-lanzo-una-campana-para-promover-la-recuperacion-de-veredas-en-todo-el-partido\/#organizationLogo"}},{"@type":"Person","@id":"https:\/\/larealidaddelaplata.com.ar\/index.php\/author\/julian_ibarrola\/#author","url":"https:\/\/larealidaddelaplata.com.ar\/index.php\/author\/julian_ibarrola\/","name":"Julian I","image":{"@type":"ImageObject","@id":"https:\/\/larealidaddelaplata.com.ar\/index.php\/2026\/09\/01\/la-municipalidad-lanzo-una-campana-para-promover-la-recuperacion-de-veredas-en-todo-el-partido\/#authorImage","url":"https:\/\/secure.gravatar.com\/avatar\/7771209082b3e5bb400c4977362cbab150b08c7199fffcd6a227c0b2fbe17c9c?s=96&d=mm&r=g","width":96,"height":96,"caption":"Julian I"}},{"@type":"WebPage","@id":"https:\/\/larealidaddelaplata.com.ar\/index.php\/2026\/09\/01\/la-municipalidad-lanzo-una-campana-para-promover-la-recuperacion-de-veredas-en-todo-el-partido\/#webpage","url":"https:\/\/larealidaddelaplata.com.ar\/index.php\/2026\/09\/01\/la-municipalidad-lanzo-una-campana-para-promover-la-recuperacion-de-veredas-en-todo-el-partido\/","name":"La Municipalidad lanz\u00f3 una campa\u00f1a para promover la recuperaci\u00f3n de veredas en todo el partido | larealidaddelaplata.com.ar","description":"La Municipalidad de La Plata lanz\u00f3 una campa\u00f1a para promover la reparaci\u00f3n y recuperaci\u00f3n de las veredas por parte de los vecinos con el objetivo de contribuir al ordenamiento urbano y preservar la identidad caracter\u00edstica de la capital bonaerense. La iniciativa alcanza tanto al casco fundacional como a las distintas localidades del partido y recuerda","inLanguage":"es-AR","isPartOf":{"@id":"https:\/\/larealidaddelaplata.com.ar\/#website"},"breadcrumb":{"@id":"https:\/\/larealidaddelaplata.com.ar\/index.php\/2026\/09\/01\/la-municipalidad-lanzo-una-campana-para-promover-la-recuperacion-de-veredas-en-todo-el-partido\/#breadcrumblist"},"author":{"@id":"https:\/\/larealidaddelaplata.com.ar\/index.php\/author\/julian_ibarrola\/#author"},"creator":{"@id":"https:\/\/larealidaddelaplata.com.ar\/index.php\/author\/julian_ibarrola\/#author"},"image":{"@type":"ImageObject","url":"https:\/\/larealidaddelaplata.com.ar\/wp-content\/uploads\/2026\/09\/5635124768978161572-e1788277663790.jpeg","@id":"https:\/\/larealidaddelaplata.com.ar\/index.php\/2026\/09\/01\/la-municipalidad-lanzo-una-campana-para-promover-la-recuperacion-de-veredas-en-todo-el-partido\/#mainImage","width":800,"height":533},"primaryImageOfPage":{"@id":"https:\/\/larealidaddelaplata.com.ar\/index.php\/2026\/09\/01\/la-municipalidad-lanzo-una-campana-para-promover-la-recuperacion-de-veredas-en-todo-el-partido\/#mainImage"},"datePublished":"2026-09-01T12:47:51-03:00","dateModified":"2026-09-01T12:47:53-03:00"},{"@type":"WebSite","@id":"https:\/\/larealidaddelaplata.com.ar\/#website","url":"https:\/\/larealidaddelaplata.com.ar\/","name":"La Realidad de La Plata","description":"Tu portal de noticias sobre la realidad la Provincia de Buenos Aires y La Plata","inLanguage":"es-AR","publisher":{"@id":"https:\/\/larealidaddelaplata.com.ar\/#organization"}}]}},"aioseo_meta_data":{"post_id":"43598","title":null,"description":null,"keywords":null,"keyphrases":{"focus":{"keyphrase":"","score":0,"analysis":{"keyphraseInTitle":{"score":0,"maxScore":9,"error":1}}},"additional":[]},"primary_term":null,"canonical_url":null,"og_title":null,"og_description":null,"og_object_type":"default","og_image_type":"default","og_image_url":null,"og_image_width":null,"og_image_height":null,"og_image_custom_url":null,"og_image_custom_fields":null,"og_video":"","og_custom_url":null,"og_article_section":null,"og_article_tags":null,"twitter_use_og":false,"twitter_card":"default","twitter_image_type":"default","twitter_image_url":null,"twitter_image_custom_url":null,"twitter_image_custom_fields":null,"twitter_title":null,"twitter_description":null,"schema":{"blockGraphs":[],"customGraphs":[],"default":{"data":{"Article":[],"Course":[],"Dataset":[],"FAQPage":[],"Movie":[],"Person":[],"Product":[],"ProductReview":[],"Car":[],"Recipe":[],"Service":[],"SoftwareApplication":[],"WebPage":[]},"graphName":"Article","isEnabled":true},"graphs":[]},"schema_type":"default","schema_type_options":null,"pillar_content":false,"robots_default":true,"robots_noindex":false,"robots_noarchive":false,"robots_nosnippet":false,"robots_nofollow":false,"robots_noimageindex":false,"robots_noodp":false,"robots_notranslate":false,"robots_max_snippet":"-1","robots_max_videopreview":"-1","robots_max_imagepreview":"large","priority":null,"frequency":"default","location":null,"local_seo":null,"breadcrumb_settings":null,"limit_modified_date":false,"ai":{"faqs":[],"keyPoints":[],"schemas":[],"titles":[],"descriptions":[],"socialPosts":{"email":{"subject":"","preview":"","content":""},"linkedin":[],"twitter":[],"facebook":[],"instagram":[]}},"created":"2026-09-01 15:20:56","updated":"2026-09-01 15:47:54","seo_analyzer_scan_date":null,"focus_keyword":null,"additional_keywords":null,"truseo_locale":null},"_links":{"self":[{"href":"https:\/\/larealidaddelaplata.com.ar\/index.php\/wp-json\/wp\/v2\/posts\/43598","targetHints":{"allow":["GET"]}}],"collection":[{"href":"https:\/\/larealidaddelaplata.com.ar\/index.php\/wp-json\/wp\/v2\/posts"}],"about":[{"href":"https:\/\/larealidaddelaplata.com.ar\/index.php\/wp-json\/wp\/v2\/types\/post"}],"author":[{"embeddable":true,"href":"https:\/\/larealidaddelaplata.com.ar\/index.php\/wp-json\/wp\/v2\/users\/6"}],"replies":[{"embeddable":true,"href":"https:\/\/larealidaddelaplata.com.ar\/index.php\/wp-json\/wp\/v2\/comments?post=43598"}],"version-history":[{"count":1,"href":"https:\/\/larealidaddelaplata.com.ar\/index.php\/wp-json\/wp\/v2\/posts\/43598\/revisions"}],"predecessor-version":[{"id":43600,"href":"https:\/\/larealidaddelaplata.com.ar\/index.php\/wp-json\/wp\/v2\/posts\/43598\/revisions\/43600"}],"wp:featuredmedia":[{"embeddable":true,"href":"https:\/\/larealidaddelaplata.com.ar\/index.php\/wp-json\/wp\/v2\/media\/43599"}],"wp:attachment":[{"href":"https:\/\/larealidaddelaplata.com.ar\/index.php\/wp-json\/wp\/v2\/media?parent=43598"}],"wp:term":[{"taxonomy":"category","embeddable":true,"href":"https:\/\/larealidaddelaplata.com.ar\/index.php\/wp-json\/wp\/v2\/categories?post=43598"},{"taxonomy":"post_tag","embeddable":true,"href":"https:\/\/larealidaddelaplata.com.ar\/index.php\/wp-json\/wp\/v2\/tags?post=43598"}],"curies":[{"name":"wp","href":"https:\/\/api.w.org\/{rel}","templated":true}]}}