{"id":43605,"date":"2026-09-02T10:38:01","date_gmt":"2026-09-02T13:38:01","guid":{"rendered":"https:\/\/larealidaddelaplata.com.ar\/?p=43605"},"modified":"2026-09-02T10:38:04","modified_gmt":"2026-09-02T13:38:04","slug":"quieren-explotar-petroleo-en-malvinas-y-ex-combatientes-fueron-a-la-justicia-para-frenarlo","status":"publish","type":"post","link":"https:\/\/larealidaddelaplata.com.ar\/index.php\/2026\/09\/02\/quieren-explotar-petroleo-en-malvinas-y-ex-combatientes-fueron-a-la-justicia-para-frenarlo\/","title":{"rendered":"Quieren explotar petr\u00f3leo en Malvinas y ex combatientes fueron a la justicia para frenarlo"},"content":{"rendered":"\n<p class=\"wp-block-paragraph\">El Centro de Ex Combatientes Islas Malvinas La Plata (CECIM) y la Asociaci\u00f3n Civil de Abogados, Abogadas y Profesionales Ambientalistas (AAdeAA) acudieron al Juzgado Federal de R\u00edo Grande para intentar frenar el avance de un proyecto petrolero de gran escala en aguas pr\u00f3ximas a las Islas Malvinas.<\/p>\n\n\n\n<p class=\"wp-block-paragraph\">La presentaci\u00f3n apunta contra las empresas <strong>Rockhopper Exploration<\/strong> y <strong>Navitas Petroleum Development and Production Limited<\/strong>, adem\u00e1s de quienes resulten responsables de la construcci\u00f3n y operaci\u00f3n del proyecto denominado <strong>Le\u00f3n Marino<\/strong>, previsto aproximadamente a 220 kil\u00f3metros al norte de las islas.<\/p>\n\n\n\n<p class=\"wp-block-paragraph\">El planteo combina dos cuestiones: la defensa del ambiente y el reclamo por la soberan\u00eda argentina sobre el territorio y sus recursos naturales. Las organizaciones sostienen que las compa\u00f1\u00edas no cuentan con autorizaci\u00f3n ni con una evaluaci\u00f3n de impacto ambiental realizada ante las autoridades argentinas.<\/p>\n\n\n\n<h3 class=\"wp-block-heading\">\u201cUna explotaci\u00f3n no autorizada en territorio argentino\u201d<\/h3>\n\n\n\n<p class=\"wp-block-paragraph\">Los abogados que impulsaron la acci\u00f3n sostienen que la soberan\u00eda no debe quedar reducida a una declaraci\u00f3n pol\u00edtica, sino que puede funcionar como fundamento jur\u00eddico para exigir la aplicaci\u00f3n de la legislaci\u00f3n argentina.<\/p>\n\n\n\n<p class=\"wp-block-paragraph\">En ese sentido, invocan la <strong>Disposici\u00f3n Transitoria Primera de la Constituci\u00f3n Nacional<\/strong>, que ratifica la soberan\u00eda argentina sobre las Islas Malvinas, Georgias del Sur, Sandwich del Sur y los espacios mar\u00edtimos e insulares correspondientes.<\/p>\n\n\n\n<p class=\"wp-block-paragraph\">Tambi\u00e9n se\u00f1alan que la Resoluci\u00f3n 31\/49 de la Asamblea General de Naciones Unidas reclama a Argentina y al Reino Unido que se abstengan de introducir modificaciones unilaterales mientras permanezca pendiente la disputa de soberan\u00eda.<\/p>\n\n\n\n<p class=\"wp-block-paragraph\">Para las organizaciones, una explotaci\u00f3n petrolera permanente y de gran escala constituye precisamente una modificaci\u00f3n unilateral de esa situaci\u00f3n.<\/p>\n\n\n\n<h3 class=\"wp-block-heading\">Un proyecto de gran escala<\/h3>\n\n\n\n<p class=\"wp-block-paragraph\">Seg\u00fan la documentaci\u00f3n incorporada a la demanda, <strong>Le\u00f3n Marino contempla 23 pozos<\/strong>, de los cuales 16 ser\u00edan productores de petr\u00f3leo, seis destinados a la inyecci\u00f3n de agua y uno a la inyecci\u00f3n de gas.<\/p>\n\n\n\n<p class=\"wp-block-paragraph\">El proyecto estar\u00eda organizado alrededor de una plataforma flotante con capacidad estimada para procesar unos <strong>120.000 barriles de petr\u00f3leo diarios<\/strong> y 140 millones de pies c\u00fabicos de gas por d\u00eda.<\/p>\n\n\n\n<p class=\"wp-block-paragraph\">La presentaci\u00f3n tambi\u00e9n advierte sobre el impacto ambiental potencial. Los c\u00e1lculos incorporados estiman unos 9 millones de toneladas de di\u00f3xido de carbono durante el desarrollo y m\u00e1s de 100 millones de toneladas asociadas a la quema del petr\u00f3leo extra\u00eddo.<\/p>\n\n\n\n<p class=\"wp-block-paragraph\">Adem\u00e1s, identifican posibles riesgos para mam\u00edferos y aves marinas, el fondo oce\u00e1nico, la biodiversidad y la posibilidad de derrames.<\/p>\n\n\n\n<p class=\"wp-block-paragraph\">Uno de los argumentos utilizados por los demandantes apunta a la <strong>Corriente de Malvinas<\/strong>, que circula predominantemente hacia el norte. Seg\u00fan plantean, un derrame de magnitud podr\u00eda trasladar contaminantes hacia otras \u00e1reas del Mar Argentino.<\/p>\n\n\n\n<h3 class=\"wp-block-heading\">El pedido para frenar las obras y seguir el dinero<\/h3>\n\n\n\n<p class=\"wp-block-paragraph\">El CECIM y AAdeAA solicitaron como medida cautelar que se ordene la <strong>paralizaci\u00f3n de las obras y actividades vinculadas con Le\u00f3n Marino<\/strong>, incluidas perforaciones, movimientos del lecho marino, instalaci\u00f3n de oleoductos y trabajos de fondeo.<\/p>\n\n\n\n<p class=\"wp-block-paragraph\">Pero el planteo tambi\u00e9n busca intervenir sobre el financiamiento del emprendimiento. Los demandantes pidieron impedir nuevos contratos, desembolsos, pagos, transferencias, garant\u00edas o aportes destinados a sostener el proyecto.<\/p>\n\n\n\n<p class=\"wp-block-paragraph\">Adem\u00e1s, solicitaron que una eventual resoluci\u00f3n judicial sea comunicada a organismos y mercados financieros de Reino Unido, Israel y Estados Unidos.<\/p>\n\n\n\n<p class=\"wp-block-paragraph\">La acci\u00f3n fue presentada en R\u00edo Grande porque, seg\u00fan argumentaron, la jurisdicci\u00f3n federal sobre el espacio mar\u00edtimo y la incorporaci\u00f3n de las Islas Malvinas y sus espacios mar\u00edtimos a la jurisdicci\u00f3n de Tierra del Fuego permiten sostener la competencia de ese juzgado.<\/p>\n\n\n\n<h3 class=\"wp-block-heading\">El antecedente del CECIM<\/h3>\n\n\n\n<p class=\"wp-block-paragraph\">Desde el CECIM remarcaron que la presentaci\u00f3n se vincula con su trayectoria en defensa de la soberan\u00eda argentina sobre el Atl\u00e1ntico Sur, los derechos humanos y la memoria de los combatientes.<\/p>\n\n\n\n<p class=\"wp-block-paragraph\">La organizaci\u00f3n tambi\u00e9n plantea que la explotaci\u00f3n unilateral de los recursos naturales forma parte de una dimensi\u00f3n contempor\u00e1nea del conflicto por la soberan\u00eda.<\/p>\n\n\n\n<p class=\"wp-block-paragraph\">Por su parte, AAdeAA aport\u00f3 su experiencia en litigios ambientales y sostuvo que, frente a riesgos potencialmente graves o irreversibles, la legislaci\u00f3n permite actuar preventivamente sin esperar a que ocurra un da\u00f1o.<\/p>\n\n\n\n<p class=\"wp-block-paragraph\">La demanda busca as\u00ed que la Justicia argentina intervenga <strong>antes de que avance la explotaci\u00f3n petrolera<\/strong> y determine si las empresas pueden desarrollar el proyecto sin contar con las autorizaciones ambientales y administrativas exigidas por la legislaci\u00f3n nacional.<\/p>\n","protected":false},"excerpt":{"rendered":"<p>El Centro de Ex Combatientes Islas Malvinas La Plata (CECIM) y la Asociaci\u00f3n Civil de Abogados, Abogadas y Profesionales Ambientalistas (AAdeAA) acudieron al Juzgado Federal de R\u00edo Grande para intentar frenar el avance de un proyecto petrolero de gran escala en aguas pr\u00f3ximas a las Islas Malvinas. La presentaci\u00f3n apunta contra las empresas Rockhopper Exploration y Navitas Petroleum Development and Production Limited, adem\u00e1s de quienes resulten responsables de la construcci\u00f3n&hellip;<\/p>\n","protected":false},"author":3,"featured_media":32727,"comment_status":"open","ping_status":"open","sticky":false,"template":"","format":"standard","meta":{"_acf_changed":false,"footnotes":""},"categories":[2],"tags":[],"class_list":["post-43605","post","type-post","status-publish","format-standard","has-post-thumbnail","hentry","category-provincia"],"acf":[],"aioseo_notices":[],"aioseo_head":"\n\t\t<!-- All in One SEO 5.0.1.1 - aioseo.com -->\n\t<meta name=\"description\" content=\"El Centro de Ex Combatientes Islas Malvinas La Plata (CECIM) y la Asociaci\u00f3n Civil de Abogados, Abogadas y Profesionales Ambientalistas (AAdeAA) acudieron al Juzgado Federal de R\u00edo Grande para intentar frenar el avance de un proyecto petrolero de gran escala en aguas pr\u00f3ximas a las Islas Malvinas. La presentaci\u00f3n apunta contra las empresas Rockhopper Exploration\" \/>\n\t<meta name=\"robots\" content=\"max-snippet:-1, max-image-preview:large, max-video-preview:-1\" \/>\n\t<meta name=\"author\" content=\"Riso\"\/>\n\t<link rel=\"canonical\" href=\"https:\/\/larealidaddelaplata.com.ar\/index.php\/2026\/09\/02\/quieren-explotar-petroleo-en-malvinas-y-ex-combatientes-fueron-a-la-justicia-para-frenarlo\/\" \/>\n\t<meta name=\"generator\" content=\"All in One SEO (AIOSEO) 5.0.1.1\" \/>\n\t\t<script type=\"application\/ld+json\" class=\"aioseo-schema\">\n\t\t\t{\"@context\":\"https:\\\/\\\/schema.org\",\"@graph\":[{\"@type\":\"Article\",\"@id\":\"https:\\\/\\\/larealidaddelaplata.com.ar\\\/index.php\\\/2026\\\/09\\\/02\\\/quieren-explotar-petroleo-en-malvinas-y-ex-combatientes-fueron-a-la-justicia-para-frenarlo\\\/#article\",\"name\":\"Quieren explotar petr\\u00f3leo en Malvinas y ex combatientes fueron a la justicia para frenarlo | larealidaddelaplata.com.ar\",\"headline\":\"Quieren explotar petr\\u00f3leo en Malvinas y ex combatientes fueron a la justicia para frenarlo\",\"author\":{\"@id\":\"https:\\\/\\\/larealidaddelaplata.com.ar\\\/index.php\\\/author\\\/riso\\\/#author\"},\"publisher\":{\"@id\":\"https:\\\/\\\/larealidaddelaplata.com.ar\\\/#organization\"},\"image\":{\"@type\":\"ImageObject\",\"url\":\"https:\\\/\\\/larealidaddelaplata.com.ar\\\/wp-content\\\/uploads\\\/2023\\\/11\\\/Los-pibes-de-Malvinas-que-jamas-olvidare.jpg\",\"width\":770,\"height\":440},\"datePublished\":\"2026-09-02T10:38:01-03:00\",\"dateModified\":\"2026-09-02T10:38:04-03:00\",\"inLanguage\":\"es-AR\",\"mainEntityOfPage\":{\"@id\":\"https:\\\/\\\/larealidaddelaplata.com.ar\\\/index.php\\\/2026\\\/09\\\/02\\\/quieren-explotar-petroleo-en-malvinas-y-ex-combatientes-fueron-a-la-justicia-para-frenarlo\\\/#webpage\"},\"isPartOf\":{\"@id\":\"https:\\\/\\\/larealidaddelaplata.com.ar\\\/index.php\\\/2026\\\/09\\\/02\\\/quieren-explotar-petroleo-en-malvinas-y-ex-combatientes-fueron-a-la-justicia-para-frenarlo\\\/#webpage\"},\"articleSection\":\"Provincia\"},{\"@type\":\"BreadcrumbList\",\"@id\":\"https:\\\/\\\/larealidaddelaplata.com.ar\\\/index.php\\\/2026\\\/09\\\/02\\\/quieren-explotar-petroleo-en-malvinas-y-ex-combatientes-fueron-a-la-justicia-para-frenarlo\\\/#breadcrumblist\",\"itemListElement\":[{\"@type\":\"ListItem\",\"@id\":\"https:\\\/\\\/larealidaddelaplata.com.ar#listItem\",\"position\":1,\"name\":\"Home\",\"item\":\"https:\\\/\\\/larealidaddelaplata.com.ar\",\"nextItem\":{\"@type\":\"ListItem\",\"@id\":\"https:\\\/\\\/larealidaddelaplata.com.ar\\\/index.php\\\/category\\\/provincia\\\/#listItem\",\"name\":\"Provincia\"}},{\"@type\":\"ListItem\",\"@id\":\"https:\\\/\\\/larealidaddelaplata.com.ar\\\/index.php\\\/category\\\/provincia\\\/#listItem\",\"position\":2,\"name\":\"Provincia\",\"item\":\"https:\\\/\\\/larealidaddelaplata.com.ar\\\/index.php\\\/category\\\/provincia\\\/\",\"nextItem\":{\"@type\":\"ListItem\",\"@id\":\"https:\\\/\\\/larealidaddelaplata.com.ar\\\/index.php\\\/2026\\\/09\\\/02\\\/quieren-explotar-petroleo-en-malvinas-y-ex-combatientes-fueron-a-la-justicia-para-frenarlo\\\/#listItem\",\"name\":\"Quieren explotar petr\\u00f3leo en Malvinas y ex combatientes fueron a la justicia para frenarlo\"},\"previousItem\":{\"@type\":\"ListItem\",\"@id\":\"https:\\\/\\\/larealidaddelaplata.com.ar#listItem\",\"name\":\"Home\"}},{\"@type\":\"ListItem\",\"@id\":\"https:\\\/\\\/larealidaddelaplata.com.ar\\\/index.php\\\/2026\\\/09\\\/02\\\/quieren-explotar-petroleo-en-malvinas-y-ex-combatientes-fueron-a-la-justicia-para-frenarlo\\\/#listItem\",\"position\":3,\"name\":\"Quieren explotar petr\\u00f3leo en Malvinas y ex combatientes fueron a la justicia para frenarlo\",\"previousItem\":{\"@type\":\"ListItem\",\"@id\":\"https:\\\/\\\/larealidaddelaplata.com.ar\\\/index.php\\\/category\\\/provincia\\\/#listItem\",\"name\":\"Provincia\"}}]},{\"@type\":\"Organization\",\"@id\":\"https:\\\/\\\/larealidaddelaplata.com.ar\\\/#organization\",\"name\":\"La Realidad de La Plata\",\"description\":\"Tu portal de noticias sobre la realidad la Provincia de Buenos Aires y La Plata\",\"url\":\"https:\\\/\\\/larealidaddelaplata.com.ar\\\/\",\"logo\":{\"@type\":\"ImageObject\",\"url\":\"https:\\\/\\\/larealidaddelaplata.com.ar\\\/wp-content\\\/uploads\\\/2021\\\/01\\\/cropped-Diseno-sin-titulo-1-1.png\",\"@id\":\"https:\\\/\\\/larealidaddelaplata.com.ar\\\/index.php\\\/2026\\\/09\\\/02\\\/quieren-explotar-petroleo-en-malvinas-y-ex-combatientes-fueron-a-la-justicia-para-frenarlo\\\/#organizationLogo\",\"width\":1920,\"height\":355},\"image\":{\"@id\":\"https:\\\/\\\/larealidaddelaplata.com.ar\\\/index.php\\\/2026\\\/09\\\/02\\\/quieren-explotar-petroleo-en-malvinas-y-ex-combatientes-fueron-a-la-justicia-para-frenarlo\\\/#organizationLogo\"}},{\"@type\":\"Person\",\"@id\":\"https:\\\/\\\/larealidaddelaplata.com.ar\\\/index.php\\\/author\\\/riso\\\/#author\",\"url\":\"https:\\\/\\\/larealidaddelaplata.com.ar\\\/index.php\\\/author\\\/riso\\\/\",\"name\":\"Riso\",\"image\":{\"@type\":\"ImageObject\",\"@id\":\"https:\\\/\\\/larealidaddelaplata.com.ar\\\/index.php\\\/2026\\\/09\\\/02\\\/quieren-explotar-petroleo-en-malvinas-y-ex-combatientes-fueron-a-la-justicia-para-frenarlo\\\/#authorImage\",\"url\":\"https:\\\/\\\/secure.gravatar.com\\\/avatar\\\/b8a29b1cb80c18109fbc4f4f76150b29d5a28fa492bc41c870351ccfbbabbeef?s=96&d=mm&r=g\",\"width\":96,\"height\":96,\"caption\":\"Riso\"}},{\"@type\":\"WebPage\",\"@id\":\"https:\\\/\\\/larealidaddelaplata.com.ar\\\/index.php\\\/2026\\\/09\\\/02\\\/quieren-explotar-petroleo-en-malvinas-y-ex-combatientes-fueron-a-la-justicia-para-frenarlo\\\/#webpage\",\"url\":\"https:\\\/\\\/larealidaddelaplata.com.ar\\\/index.php\\\/2026\\\/09\\\/02\\\/quieren-explotar-petroleo-en-malvinas-y-ex-combatientes-fueron-a-la-justicia-para-frenarlo\\\/\",\"name\":\"Quieren explotar petr\\u00f3leo en Malvinas y ex combatientes fueron a la justicia para frenarlo | larealidaddelaplata.com.ar\",\"description\":\"El Centro de Ex Combatientes Islas Malvinas La Plata (CECIM) y la Asociaci\\u00f3n Civil de Abogados, Abogadas y Profesionales Ambientalistas (AAdeAA) acudieron al Juzgado Federal de R\\u00edo Grande para intentar frenar el avance de un proyecto petrolero de gran escala en aguas pr\\u00f3ximas a las Islas Malvinas. La presentaci\\u00f3n apunta contra las empresas Rockhopper Exploration\",\"inLanguage\":\"es-AR\",\"isPartOf\":{\"@id\":\"https:\\\/\\\/larealidaddelaplata.com.ar\\\/#website\"},\"breadcrumb\":{\"@id\":\"https:\\\/\\\/larealidaddelaplata.com.ar\\\/index.php\\\/2026\\\/09\\\/02\\\/quieren-explotar-petroleo-en-malvinas-y-ex-combatientes-fueron-a-la-justicia-para-frenarlo\\\/#breadcrumblist\"},\"author\":{\"@id\":\"https:\\\/\\\/larealidaddelaplata.com.ar\\\/index.php\\\/author\\\/riso\\\/#author\"},\"creator\":{\"@id\":\"https:\\\/\\\/larealidaddelaplata.com.ar\\\/index.php\\\/author\\\/riso\\\/#author\"},\"image\":{\"@type\":\"ImageObject\",\"url\":\"https:\\\/\\\/larealidaddelaplata.com.ar\\\/wp-content\\\/uploads\\\/2023\\\/11\\\/Los-pibes-de-Malvinas-que-jamas-olvidare.jpg\",\"@id\":\"https:\\\/\\\/larealidaddelaplata.com.ar\\\/index.php\\\/2026\\\/09\\\/02\\\/quieren-explotar-petroleo-en-malvinas-y-ex-combatientes-fueron-a-la-justicia-para-frenarlo\\\/#mainImage\",\"width\":770,\"height\":440},\"primaryImageOfPage\":{\"@id\":\"https:\\\/\\\/larealidaddelaplata.com.ar\\\/index.php\\\/2026\\\/09\\\/02\\\/quieren-explotar-petroleo-en-malvinas-y-ex-combatientes-fueron-a-la-justicia-para-frenarlo\\\/#mainImage\"},\"datePublished\":\"2026-09-02T10:38:01-03:00\",\"dateModified\":\"2026-09-02T10:38:04-03:00\"},{\"@type\":\"WebSite\",\"@id\":\"https:\\\/\\\/larealidaddelaplata.com.ar\\\/#website\",\"url\":\"https:\\\/\\\/larealidaddelaplata.com.ar\\\/\",\"name\":\"La Realidad de La Plata\",\"description\":\"Tu portal de noticias sobre la realidad la Provincia de Buenos Aires y La Plata\",\"inLanguage\":\"es-AR\",\"publisher\":{\"@id\":\"https:\\\/\\\/larealidaddelaplata.com.ar\\\/#organization\"}}]}\n\t\t<\/script>\n\t\t<!-- All in One SEO -->\n\n","aioseo_head_json":{"title":"Quieren explotar petr\u00f3leo en Malvinas y ex combatientes fueron a la justicia para frenarlo | larealidaddelaplata.com.ar","description":"El Centro de Ex Combatientes Islas Malvinas La Plata (CECIM) y la Asociaci\u00f3n Civil de Abogados, Abogadas y Profesionales Ambientalistas (AAdeAA) acudieron al Juzgado Federal de R\u00edo Grande para intentar frenar el avance de un proyecto petrolero de gran escala en aguas pr\u00f3ximas a las Islas Malvinas. La presentaci\u00f3n apunta contra las empresas Rockhopper Exploration","canonical_url":"https:\/\/larealidaddelaplata.com.ar\/index.php\/2026\/09\/02\/quieren-explotar-petroleo-en-malvinas-y-ex-combatientes-fueron-a-la-justicia-para-frenarlo\/","robots":"max-snippet:-1, max-image-preview:large, max-video-preview:-1","keywords":"","webmasterTools":{"miscellaneous":""},"schema":{"@context":"https:\/\/schema.org","@graph":[{"@type":"Article","@id":"https:\/\/larealidaddelaplata.com.ar\/index.php\/2026\/09\/02\/quieren-explotar-petroleo-en-malvinas-y-ex-combatientes-fueron-a-la-justicia-para-frenarlo\/#article","name":"Quieren explotar petr\u00f3leo en Malvinas y ex combatientes fueron a la justicia para frenarlo | larealidaddelaplata.com.ar","headline":"Quieren explotar petr\u00f3leo en Malvinas y ex combatientes fueron a la justicia para frenarlo","author":{"@id":"https:\/\/larealidaddelaplata.com.ar\/index.php\/author\/riso\/#author"},"publisher":{"@id":"https:\/\/larealidaddelaplata.com.ar\/#organization"},"image":{"@type":"ImageObject","url":"https:\/\/larealidaddelaplata.com.ar\/wp-content\/uploads\/2023\/11\/Los-pibes-de-Malvinas-que-jamas-olvidare.jpg","width":770,"height":440},"datePublished":"2026-09-02T10:38:01-03:00","dateModified":"2026-09-02T10:38:04-03:00","inLanguage":"es-AR","mainEntityOfPage":{"@id":"https:\/\/larealidaddelaplata.com.ar\/index.php\/2026\/09\/02\/quieren-explotar-petroleo-en-malvinas-y-ex-combatientes-fueron-a-la-justicia-para-frenarlo\/#webpage"},"isPartOf":{"@id":"https:\/\/larealidaddelaplata.com.ar\/index.php\/2026\/09\/02\/quieren-explotar-petroleo-en-malvinas-y-ex-combatientes-fueron-a-la-justicia-para-frenarlo\/#webpage"},"articleSection":"Provincia"},{"@type":"BreadcrumbList","@id":"https:\/\/larealidaddelaplata.com.ar\/index.php\/2026\/09\/02\/quieren-explotar-petroleo-en-malvinas-y-ex-combatientes-fueron-a-la-justicia-para-frenarlo\/#breadcrumblist","itemListElement":[{"@type":"ListItem","@id":"https:\/\/larealidaddelaplata.com.ar#listItem","position":1,"name":"Home","item":"https:\/\/larealidaddelaplata.com.ar","nextItem":{"@type":"ListItem","@id":"https:\/\/larealidaddelaplata.com.ar\/index.php\/category\/provincia\/#listItem","name":"Provincia"}},{"@type":"ListItem","@id":"https:\/\/larealidaddelaplata.com.ar\/index.php\/category\/provincia\/#listItem","position":2,"name":"Provincia","item":"https:\/\/larealidaddelaplata.com.ar\/index.php\/category\/provincia\/","nextItem":{"@type":"ListItem","@id":"https:\/\/larealidaddelaplata.com.ar\/index.php\/2026\/09\/02\/quieren-explotar-petroleo-en-malvinas-y-ex-combatientes-fueron-a-la-justicia-para-frenarlo\/#listItem","name":"Quieren explotar petr\u00f3leo en Malvinas y ex combatientes fueron a la justicia para frenarlo"},"previousItem":{"@type":"ListItem","@id":"https:\/\/larealidaddelaplata.com.ar#listItem","name":"Home"}},{"@type":"ListItem","@id":"https:\/\/larealidaddelaplata.com.ar\/index.php\/2026\/09\/02\/quieren-explotar-petroleo-en-malvinas-y-ex-combatientes-fueron-a-la-justicia-para-frenarlo\/#listItem","position":3,"name":"Quieren explotar petr\u00f3leo en Malvinas y ex combatientes fueron a la justicia para frenarlo","previousItem":{"@type":"ListItem","@id":"https:\/\/larealidaddelaplata.com.ar\/index.php\/category\/provincia\/#listItem","name":"Provincia"}}]},{"@type":"Organization","@id":"https:\/\/larealidaddelaplata.com.ar\/#organization","name":"La Realidad de La Plata","description":"Tu portal de noticias sobre la realidad la Provincia de Buenos Aires y La Plata","url":"https:\/\/larealidaddelaplata.com.ar\/","logo":{"@type":"ImageObject","url":"https:\/\/larealidaddelaplata.com.ar\/wp-content\/uploads\/2021\/01\/cropped-Diseno-sin-titulo-1-1.png","@id":"https:\/\/larealidaddelaplata.com.ar\/index.php\/2026\/09\/02\/quieren-explotar-petroleo-en-malvinas-y-ex-combatientes-fueron-a-la-justicia-para-frenarlo\/#organizationLogo","width":1920,"height":355},"image":{"@id":"https:\/\/larealidaddelaplata.com.ar\/index.php\/2026\/09\/02\/quieren-explotar-petroleo-en-malvinas-y-ex-combatientes-fueron-a-la-justicia-para-frenarlo\/#organizationLogo"}},{"@type":"Person","@id":"https:\/\/larealidaddelaplata.com.ar\/index.php\/author\/riso\/#author","url":"https:\/\/larealidaddelaplata.com.ar\/index.php\/author\/riso\/","name":"Riso","image":{"@type":"ImageObject","@id":"https:\/\/larealidaddelaplata.com.ar\/index.php\/2026\/09\/02\/quieren-explotar-petroleo-en-malvinas-y-ex-combatientes-fueron-a-la-justicia-para-frenarlo\/#authorImage","url":"https:\/\/secure.gravatar.com\/avatar\/b8a29b1cb80c18109fbc4f4f76150b29d5a28fa492bc41c870351ccfbbabbeef?s=96&d=mm&r=g","width":96,"height":96,"caption":"Riso"}},{"@type":"WebPage","@id":"https:\/\/larealidaddelaplata.com.ar\/index.php\/2026\/09\/02\/quieren-explotar-petroleo-en-malvinas-y-ex-combatientes-fueron-a-la-justicia-para-frenarlo\/#webpage","url":"https:\/\/larealidaddelaplata.com.ar\/index.php\/2026\/09\/02\/quieren-explotar-petroleo-en-malvinas-y-ex-combatientes-fueron-a-la-justicia-para-frenarlo\/","name":"Quieren explotar petr\u00f3leo en Malvinas y ex combatientes fueron a la justicia para frenarlo | larealidaddelaplata.com.ar","description":"El Centro de Ex Combatientes Islas Malvinas La Plata (CECIM) y la Asociaci\u00f3n Civil de Abogados, Abogadas y Profesionales Ambientalistas (AAdeAA) acudieron al Juzgado Federal de R\u00edo Grande para intentar frenar el avance de un proyecto petrolero de gran escala en aguas pr\u00f3ximas a las Islas Malvinas. La presentaci\u00f3n apunta contra las empresas Rockhopper Exploration","inLanguage":"es-AR","isPartOf":{"@id":"https:\/\/larealidaddelaplata.com.ar\/#website"},"breadcrumb":{"@id":"https:\/\/larealidaddelaplata.com.ar\/index.php\/2026\/09\/02\/quieren-explotar-petroleo-en-malvinas-y-ex-combatientes-fueron-a-la-justicia-para-frenarlo\/#breadcrumblist"},"author":{"@id":"https:\/\/larealidaddelaplata.com.ar\/index.php\/author\/riso\/#author"},"creator":{"@id":"https:\/\/larealidaddelaplata.com.ar\/index.php\/author\/riso\/#author"},"image":{"@type":"ImageObject","url":"https:\/\/larealidaddelaplata.com.ar\/wp-content\/uploads\/2023\/11\/Los-pibes-de-Malvinas-que-jamas-olvidare.jpg","@id":"https:\/\/larealidaddelaplata.com.ar\/index.php\/2026\/09\/02\/quieren-explotar-petroleo-en-malvinas-y-ex-combatientes-fueron-a-la-justicia-para-frenarlo\/#mainImage","width":770,"height":440},"primaryImageOfPage":{"@id":"https:\/\/larealidaddelaplata.com.ar\/index.php\/2026\/09\/02\/quieren-explotar-petroleo-en-malvinas-y-ex-combatientes-fueron-a-la-justicia-para-frenarlo\/#mainImage"},"datePublished":"2026-09-02T10:38:01-03:00","dateModified":"2026-09-02T10:38:04-03:00"},{"@type":"WebSite","@id":"https:\/\/larealidaddelaplata.com.ar\/#website","url":"https:\/\/larealidaddelaplata.com.ar\/","name":"La Realidad de La Plata","description":"Tu portal de noticias sobre la realidad la Provincia de Buenos Aires y La Plata","inLanguage":"es-AR","publisher":{"@id":"https:\/\/larealidaddelaplata.com.ar\/#organization"}}]}},"aioseo_meta_data":{"post_id":"43605","title":null,"description":null,"keywords":null,"keyphrases":{"focus":{"keyphrase":"","score":0,"analysis":{"keyphraseInTitle":{"score":0,"maxScore":9,"error":1}}},"additional":[]},"primary_term":null,"canonical_url":null,"og_title":null,"og_description":null,"og_object_type":"default","og_image_type":"default","og_image_url":null,"og_image_width":null,"og_image_height":null,"og_image_custom_url":null,"og_image_custom_fields":null,"og_video":"","og_custom_url":null,"og_article_section":null,"og_article_tags":null,"twitter_use_og":false,"twitter_card":"default","twitter_image_type":"default","twitter_image_url":null,"twitter_image_custom_url":null,"twitter_image_custom_fields":null,"twitter_title":null,"twitter_description":null,"schema":{"blockGraphs":[],"customGraphs":[],"default":{"data":{"Article":[],"Course":[],"Dataset":[],"FAQPage":[],"Movie":[],"Person":[],"Product":[],"ProductReview":[],"Car":[],"Recipe":[],"Service":[],"SoftwareApplication":[],"WebPage":[]},"graphName":"Article","isEnabled":true},"graphs":[]},"schema_type":"default","schema_type_options":null,"pillar_content":false,"robots_default":true,"robots_noindex":false,"robots_noarchive":false,"robots_nosnippet":false,"robots_nofollow":false,"robots_noimageindex":false,"robots_noodp":false,"robots_notranslate":false,"robots_max_snippet":"-1","robots_max_videopreview":"-1","robots_max_imagepreview":"large","priority":null,"frequency":"default","location":null,"local_seo":null,"breadcrumb_settings":null,"limit_modified_date":false,"ai":{"faqs":[],"keyPoints":[],"schemas":[],"titles":[],"descriptions":[],"socialPosts":{"email":{"subject":"","preview":"","content":""},"linkedin":[],"twitter":[],"facebook":[],"instagram":[]}},"created":"2026-09-02 13:35:01","updated":"2026-09-02 13:38:06","seo_analyzer_scan_date":null,"focus_keyword":null,"additional_keywords":null,"truseo_locale":null},"_links":{"self":[{"href":"https:\/\/larealidaddelaplata.com.ar\/index.php\/wp-json\/wp\/v2\/posts\/43605","targetHints":{"allow":["GET"]}}],"collection":[{"href":"https:\/\/larealidaddelaplata.com.ar\/index.php\/wp-json\/wp\/v2\/posts"}],"about":[{"href":"https:\/\/larealidaddelaplata.com.ar\/index.php\/wp-json\/wp\/v2\/types\/post"}],"author":[{"embeddable":true,"href":"https:\/\/larealidaddelaplata.com.ar\/index.php\/wp-json\/wp\/v2\/users\/3"}],"replies":[{"embeddable":true,"href":"https:\/\/larealidaddelaplata.com.ar\/index.php\/wp-json\/wp\/v2\/comments?post=43605"}],"version-history":[{"count":1,"href":"https:\/\/larealidaddelaplata.com.ar\/index.php\/wp-json\/wp\/v2\/posts\/43605\/revisions"}],"predecessor-version":[{"id":43606,"href":"https:\/\/larealidaddelaplata.com.ar\/index.php\/wp-json\/wp\/v2\/posts\/43605\/revisions\/43606"}],"wp:featuredmedia":[{"embeddable":true,"href":"https:\/\/larealidaddelaplata.com.ar\/index.php\/wp-json\/wp\/v2\/media\/32727"}],"wp:attachment":[{"href":"https:\/\/larealidaddelaplata.com.ar\/index.php\/wp-json\/wp\/v2\/media?parent=43605"}],"wp:term":[{"taxonomy":"category","embeddable":true,"href":"https:\/\/larealidaddelaplata.com.ar\/index.php\/wp-json\/wp\/v2\/categories?post=43605"},{"taxonomy":"post_tag","embeddable":true,"href":"https:\/\/larealidaddelaplata.com.ar\/index.php\/wp-json\/wp\/v2\/tags?post=43605"}],"curies":[{"name":"wp","href":"https:\/\/api.w.org\/{rel}","templated":true}]}}