{"id":43607,"date":"2026-09-02T10:46:12","date_gmt":"2026-09-02T13:46:12","guid":{"rendered":"https:\/\/larealidaddelaplata.com.ar\/?p=43607"},"modified":"2026-09-02T10:46:14","modified_gmt":"2026-09-02T13:46:14","slug":"misterio-por-el-estudiante-de-la-unlp-confirman-que-viajo-en-el-roca-y-llego-a-constitucion","status":"publish","type":"post","link":"https:\/\/larealidaddelaplata.com.ar\/index.php\/2026\/09\/02\/misterio-por-el-estudiante-de-la-unlp-confirman-que-viajo-en-el-roca-y-llego-a-constitucion\/","title":{"rendered":"Misterio por el estudiante de la UNLP: confirman que viaj\u00f3 en el Roca y lleg\u00f3 a Constituci\u00f3n"},"content":{"rendered":"\n<p class=\"wp-block-paragraph\">Mariano Mart\u00ednez, estudiante de 21 a\u00f1os de la Facultad de Arquitectura de la Universidad Nacional de La Plata (UNLP), contin\u00faa desaparecido desde el lunes y en las \u00faltimas horas se confirm\u00f3 un nuevo dato sobre sus \u00faltimos movimientos: <strong>viaj\u00f3 en el Tren Roca desde La Plata hasta Constituci\u00f3n<\/strong>.<\/p>\n\n\n\n<p class=\"wp-block-paragraph\">Seg\u00fan fuentes vinculadas con la investigaci\u00f3n, el joven abord\u00f3 la formaci\u00f3n que parti\u00f3 desde la estaci\u00f3n La Plata a las <strong>16.17<\/strong>, con destino a la Ciudad Aut\u00f3noma de Buenos Aires, y descendi\u00f3 en <strong>Constituci\u00f3n<\/strong>, cabecera de la l\u00ednea ferroviaria.<\/p>\n\n\n\n<p class=\"wp-block-paragraph\">El dato se suma a las im\u00e1genes de una c\u00e1mara de seguridad que permitieron ubicar previamente a Mart\u00ednez en <strong>Punta Lara<\/strong>, donde fue registrado caminando con una mochila y una campera oscura.<\/p>\n\n\n\n<h2 class=\"wp-block-heading\">El recorrido de Mariano antes de desaparecer<\/h2>\n\n\n\n<p class=\"wp-block-paragraph\">Mart\u00ednez se hab\u00eda retirado de una cursada en la Facultad de Arquitectura porque se sent\u00eda mal. Luego se traslad\u00f3 hasta Punta Lara, donde fue captado por una c\u00e1mara de seguridad de un comercio de la zona.<\/p>\n\n\n\n<p class=\"wp-block-paragraph\">En las im\u00e1genes se observa al estudiante caminando por la zona costera, cruzando la avenida Almirante Brown y permaneciendo algunos minutos frente a un local. Poco despu\u00e9s regres\u00f3 sobre sus pasos y abord\u00f3 un colectivo de la <strong>L\u00ednea 275<\/strong>.<\/p>\n\n\n\n<p class=\"wp-block-paragraph\">A partir de la reconstrucci\u00f3n realizada por los investigadores, se pudo establecer que posteriormente lleg\u00f3 a La Plata y tom\u00f3 el Tren Roca que lo llev\u00f3 hasta Constituci\u00f3n.<\/p>\n\n\n\n<p class=\"wp-block-paragraph\">Ahora, uno de los principales objetivos de la investigaci\u00f3n es <strong>determinar qu\u00e9 hizo Mart\u00ednez despu\u00e9s de llegar a la estaci\u00f3n porte\u00f1a y hacia d\u00f3nde se dirigi\u00f3<\/strong>.<\/p>\n\n\n\n<h2 class=\"wp-block-heading\">La Polic\u00eda Federal interviene en la b\u00fasqueda<\/h2>\n\n\n\n<p class=\"wp-block-paragraph\">La investigaci\u00f3n qued\u00f3 en manos de la <strong>Polic\u00eda Federal Argentina (PFA)<\/strong>, que mantiene contacto con la Subdelegaci\u00f3n de Investigaciones Departamentales (DDI) de Ensenada.<\/p>\n\n\n\n<p class=\"wp-block-paragraph\">Los investigadores trabajan para reconstruir el recorrido del joven a partir de c\u00e1maras de seguridad y otros elementos que permitan establecer sus movimientos.<\/p>\n\n\n\n<p class=\"wp-block-paragraph\">Hasta el momento, los familiares de Mart\u00ednez no pudieron acceder a la totalidad de las im\u00e1genes registradas en las estaciones ferroviarias. Se espera que ese material pueda ser incorporado a la investigaci\u00f3n para avanzar con la reconstrucci\u00f3n del trayecto.<\/p>\n\n\n\n<p class=\"wp-block-paragraph\">El nuevo dato sobre su llegada a Constituci\u00f3n abre ahora una nueva l\u00ednea de b\u00fasqueda en la Ciudad de Buenos Aires.<\/p>\n\n\n\n<h2 class=\"wp-block-heading\">Preocupaci\u00f3n entre familiares y amigos<\/h2>\n\n\n\n<p class=\"wp-block-paragraph\">Mariano tiene <strong>21 a\u00f1os, pelo casta\u00f1o, piel clara y ojos marrones<\/strong>. Desde que se conoci\u00f3 su desaparici\u00f3n, familiares y amigos difundieron su fotograf\u00eda y pidieron colaboraci\u00f3n para poder encontrarlo.<\/p>\n\n\n\n<p class=\"wp-block-paragraph\">Uno de sus allegados se\u00f1al\u00f3 que no hab\u00eda dado se\u00f1ales previas de atravesar una situaci\u00f3n personal que permitiera explicar su alejamiento y la falta de respuesta a los mensajes.<\/p>\n\n\n\n<p class=\"wp-block-paragraph\">Sus padres permanecen en contacto con los investigadores mientras contin\u00faa el operativo para determinar d\u00f3nde se encuentra.<\/p>\n\n\n\n<p class=\"wp-block-paragraph\"><strong>Ante cualquier informaci\u00f3n que pueda ayudar a establecer su paradero, se solicita comunicarse de inmediato al 911.<\/strong><\/p>\n","protected":false},"excerpt":{"rendered":"<p>Mariano Mart\u00ednez, estudiante de 21 a\u00f1os de la Facultad de Arquitectura de la Universidad Nacional de La Plata (UNLP), contin\u00faa desaparecido desde el lunes y en las \u00faltimas horas se confirm\u00f3 un nuevo dato sobre sus \u00faltimos movimientos: viaj\u00f3 en el Tren Roca desde La Plata hasta Constituci\u00f3n. Seg\u00fan fuentes vinculadas con la investigaci\u00f3n, el joven abord\u00f3 la formaci\u00f3n que parti\u00f3 desde la estaci\u00f3n La Plata a las 16.17, con&hellip;<\/p>\n","protected":false},"author":3,"featured_media":43608,"comment_status":"open","ping_status":"open","sticky":false,"template":"","format":"standard","meta":{"_acf_changed":false,"footnotes":""},"categories":[2],"tags":[],"class_list":["post-43607","post","type-post","status-publish","format-standard","has-post-thumbnail","hentry","category-provincia"],"acf":[],"aioseo_notices":[],"aioseo_head":"\n\t\t<!-- All in One SEO 5.0.1.1 - aioseo.com -->\n\t<meta name=\"description\" content=\"Mariano Mart\u00ednez, estudiante de 21 a\u00f1os de la Facultad de Arquitectura de la Universidad Nacional de La Plata (UNLP), contin\u00faa desaparecido desde el lunes y en las \u00faltimas horas se confirm\u00f3 un nuevo dato sobre sus \u00faltimos movimientos: viaj\u00f3 en el Tren Roca desde La Plata hasta Constituci\u00f3n. Seg\u00fan fuentes vinculadas con la investigaci\u00f3n, el\" \/>\n\t<meta name=\"robots\" content=\"max-snippet:-1, max-image-preview:large, max-video-preview:-1\" \/>\n\t<meta name=\"author\" content=\"Riso\"\/>\n\t<link rel=\"canonical\" href=\"https:\/\/larealidaddelaplata.com.ar\/index.php\/2026\/09\/02\/misterio-por-el-estudiante-de-la-unlp-confirman-que-viajo-en-el-roca-y-llego-a-constitucion\/\" \/>\n\t<meta name=\"generator\" content=\"All in One SEO (AIOSEO) 5.0.1.1\" \/>\n\t\t<script type=\"application\/ld+json\" class=\"aioseo-schema\">\n\t\t\t{\"@context\":\"https:\\\/\\\/schema.org\",\"@graph\":[{\"@type\":\"Article\",\"@id\":\"https:\\\/\\\/larealidaddelaplata.com.ar\\\/index.php\\\/2026\\\/09\\\/02\\\/misterio-por-el-estudiante-de-la-unlp-confirman-que-viajo-en-el-roca-y-llego-a-constitucion\\\/#article\",\"name\":\"Misterio por el estudiante de la UNLP: confirman que viaj\\u00f3 en el Roca y lleg\\u00f3 a Constituci\\u00f3n | larealidaddelaplata.com.ar\",\"headline\":\"Misterio por el estudiante de la UNLP: confirman que viaj\\u00f3 en el Roca y lleg\\u00f3 a Constituci\\u00f3n\",\"author\":{\"@id\":\"https:\\\/\\\/larealidaddelaplata.com.ar\\\/index.php\\\/author\\\/riso\\\/#author\"},\"publisher\":{\"@id\":\"https:\\\/\\\/larealidaddelaplata.com.ar\\\/#organization\"},\"image\":{\"@type\":\"ImageObject\",\"url\":\"https:\\\/\\\/larealidaddelaplata.com.ar\\\/wp-content\\\/uploads\\\/2026\\\/09\\\/Mariano-Martinez-buscado-en-La-Plata.jpg\",\"width\":1200,\"height\":675},\"datePublished\":\"2026-09-02T10:46:12-03:00\",\"dateModified\":\"2026-09-02T10:46:14-03:00\",\"inLanguage\":\"es-AR\",\"mainEntityOfPage\":{\"@id\":\"https:\\\/\\\/larealidaddelaplata.com.ar\\\/index.php\\\/2026\\\/09\\\/02\\\/misterio-por-el-estudiante-de-la-unlp-confirman-que-viajo-en-el-roca-y-llego-a-constitucion\\\/#webpage\"},\"isPartOf\":{\"@id\":\"https:\\\/\\\/larealidaddelaplata.com.ar\\\/index.php\\\/2026\\\/09\\\/02\\\/misterio-por-el-estudiante-de-la-unlp-confirman-que-viajo-en-el-roca-y-llego-a-constitucion\\\/#webpage\"},\"articleSection\":\"Provincia\"},{\"@type\":\"BreadcrumbList\",\"@id\":\"https:\\\/\\\/larealidaddelaplata.com.ar\\\/index.php\\\/2026\\\/09\\\/02\\\/misterio-por-el-estudiante-de-la-unlp-confirman-que-viajo-en-el-roca-y-llego-a-constitucion\\\/#breadcrumblist\",\"itemListElement\":[{\"@type\":\"ListItem\",\"@id\":\"https:\\\/\\\/larealidaddelaplata.com.ar#listItem\",\"position\":1,\"name\":\"Home\",\"item\":\"https:\\\/\\\/larealidaddelaplata.com.ar\",\"nextItem\":{\"@type\":\"ListItem\",\"@id\":\"https:\\\/\\\/larealidaddelaplata.com.ar\\\/index.php\\\/category\\\/provincia\\\/#listItem\",\"name\":\"Provincia\"}},{\"@type\":\"ListItem\",\"@id\":\"https:\\\/\\\/larealidaddelaplata.com.ar\\\/index.php\\\/category\\\/provincia\\\/#listItem\",\"position\":2,\"name\":\"Provincia\",\"item\":\"https:\\\/\\\/larealidaddelaplata.com.ar\\\/index.php\\\/category\\\/provincia\\\/\",\"nextItem\":{\"@type\":\"ListItem\",\"@id\":\"https:\\\/\\\/larealidaddelaplata.com.ar\\\/index.php\\\/2026\\\/09\\\/02\\\/misterio-por-el-estudiante-de-la-unlp-confirman-que-viajo-en-el-roca-y-llego-a-constitucion\\\/#listItem\",\"name\":\"Misterio por el estudiante de la UNLP: confirman que viaj\\u00f3 en el Roca y lleg\\u00f3 a Constituci\\u00f3n\"},\"previousItem\":{\"@type\":\"ListItem\",\"@id\":\"https:\\\/\\\/larealidaddelaplata.com.ar#listItem\",\"name\":\"Home\"}},{\"@type\":\"ListItem\",\"@id\":\"https:\\\/\\\/larealidaddelaplata.com.ar\\\/index.php\\\/2026\\\/09\\\/02\\\/misterio-por-el-estudiante-de-la-unlp-confirman-que-viajo-en-el-roca-y-llego-a-constitucion\\\/#listItem\",\"position\":3,\"name\":\"Misterio por el estudiante de la UNLP: confirman que viaj\\u00f3 en el Roca y lleg\\u00f3 a Constituci\\u00f3n\",\"previousItem\":{\"@type\":\"ListItem\",\"@id\":\"https:\\\/\\\/larealidaddelaplata.com.ar\\\/index.php\\\/category\\\/provincia\\\/#listItem\",\"name\":\"Provincia\"}}]},{\"@type\":\"Organization\",\"@id\":\"https:\\\/\\\/larealidaddelaplata.com.ar\\\/#organization\",\"name\":\"La Realidad de La Plata\",\"description\":\"Tu portal de noticias sobre la realidad la Provincia de Buenos Aires y La Plata\",\"url\":\"https:\\\/\\\/larealidaddelaplata.com.ar\\\/\",\"logo\":{\"@type\":\"ImageObject\",\"url\":\"https:\\\/\\\/larealidaddelaplata.com.ar\\\/wp-content\\\/uploads\\\/2021\\\/01\\\/cropped-Diseno-sin-titulo-1-1.png\",\"@id\":\"https:\\\/\\\/larealidaddelaplata.com.ar\\\/index.php\\\/2026\\\/09\\\/02\\\/misterio-por-el-estudiante-de-la-unlp-confirman-que-viajo-en-el-roca-y-llego-a-constitucion\\\/#organizationLogo\",\"width\":1920,\"height\":355},\"image\":{\"@id\":\"https:\\\/\\\/larealidaddelaplata.com.ar\\\/index.php\\\/2026\\\/09\\\/02\\\/misterio-por-el-estudiante-de-la-unlp-confirman-que-viajo-en-el-roca-y-llego-a-constitucion\\\/#organizationLogo\"}},{\"@type\":\"Person\",\"@id\":\"https:\\\/\\\/larealidaddelaplata.com.ar\\\/index.php\\\/author\\\/riso\\\/#author\",\"url\":\"https:\\\/\\\/larealidaddelaplata.com.ar\\\/index.php\\\/author\\\/riso\\\/\",\"name\":\"Riso\",\"image\":{\"@type\":\"ImageObject\",\"@id\":\"https:\\\/\\\/larealidaddelaplata.com.ar\\\/index.php\\\/2026\\\/09\\\/02\\\/misterio-por-el-estudiante-de-la-unlp-confirman-que-viajo-en-el-roca-y-llego-a-constitucion\\\/#authorImage\",\"url\":\"https:\\\/\\\/secure.gravatar.com\\\/avatar\\\/b8a29b1cb80c18109fbc4f4f76150b29d5a28fa492bc41c870351ccfbbabbeef?s=96&d=mm&r=g\",\"width\":96,\"height\":96,\"caption\":\"Riso\"}},{\"@type\":\"WebPage\",\"@id\":\"https:\\\/\\\/larealidaddelaplata.com.ar\\\/index.php\\\/2026\\\/09\\\/02\\\/misterio-por-el-estudiante-de-la-unlp-confirman-que-viajo-en-el-roca-y-llego-a-constitucion\\\/#webpage\",\"url\":\"https:\\\/\\\/larealidaddelaplata.com.ar\\\/index.php\\\/2026\\\/09\\\/02\\\/misterio-por-el-estudiante-de-la-unlp-confirman-que-viajo-en-el-roca-y-llego-a-constitucion\\\/\",\"name\":\"Misterio por el estudiante de la UNLP: confirman que viaj\\u00f3 en el Roca y lleg\\u00f3 a Constituci\\u00f3n | larealidaddelaplata.com.ar\",\"description\":\"Mariano Mart\\u00ednez, estudiante de 21 a\\u00f1os de la Facultad de Arquitectura de la Universidad Nacional de La Plata (UNLP), contin\\u00faa desaparecido desde el lunes y en las \\u00faltimas horas se confirm\\u00f3 un nuevo dato sobre sus \\u00faltimos movimientos: viaj\\u00f3 en el Tren Roca desde La Plata hasta Constituci\\u00f3n. Seg\\u00fan fuentes vinculadas con la investigaci\\u00f3n, el\",\"inLanguage\":\"es-AR\",\"isPartOf\":{\"@id\":\"https:\\\/\\\/larealidaddelaplata.com.ar\\\/#website\"},\"breadcrumb\":{\"@id\":\"https:\\\/\\\/larealidaddelaplata.com.ar\\\/index.php\\\/2026\\\/09\\\/02\\\/misterio-por-el-estudiante-de-la-unlp-confirman-que-viajo-en-el-roca-y-llego-a-constitucion\\\/#breadcrumblist\"},\"author\":{\"@id\":\"https:\\\/\\\/larealidaddelaplata.com.ar\\\/index.php\\\/author\\\/riso\\\/#author\"},\"creator\":{\"@id\":\"https:\\\/\\\/larealidaddelaplata.com.ar\\\/index.php\\\/author\\\/riso\\\/#author\"},\"image\":{\"@type\":\"ImageObject\",\"url\":\"https:\\\/\\\/larealidaddelaplata.com.ar\\\/wp-content\\\/uploads\\\/2026\\\/09\\\/Mariano-Martinez-buscado-en-La-Plata.jpg\",\"@id\":\"https:\\\/\\\/larealidaddelaplata.com.ar\\\/index.php\\\/2026\\\/09\\\/02\\\/misterio-por-el-estudiante-de-la-unlp-confirman-que-viajo-en-el-roca-y-llego-a-constitucion\\\/#mainImage\",\"width\":1200,\"height\":675},\"primaryImageOfPage\":{\"@id\":\"https:\\\/\\\/larealidaddelaplata.com.ar\\\/index.php\\\/2026\\\/09\\\/02\\\/misterio-por-el-estudiante-de-la-unlp-confirman-que-viajo-en-el-roca-y-llego-a-constitucion\\\/#mainImage\"},\"datePublished\":\"2026-09-02T10:46:12-03:00\",\"dateModified\":\"2026-09-02T10:46:14-03:00\"},{\"@type\":\"WebSite\",\"@id\":\"https:\\\/\\\/larealidaddelaplata.com.ar\\\/#website\",\"url\":\"https:\\\/\\\/larealidaddelaplata.com.ar\\\/\",\"name\":\"La Realidad de La Plata\",\"description\":\"Tu portal de noticias sobre la realidad la Provincia de Buenos Aires y La Plata\",\"inLanguage\":\"es-AR\",\"publisher\":{\"@id\":\"https:\\\/\\\/larealidaddelaplata.com.ar\\\/#organization\"}}]}\n\t\t<\/script>\n\t\t<!-- All in One SEO -->\n\n","aioseo_head_json":{"title":"Misterio por el estudiante de la UNLP: confirman que viaj\u00f3 en el Roca y lleg\u00f3 a Constituci\u00f3n | larealidaddelaplata.com.ar","description":"Mariano Mart\u00ednez, estudiante de 21 a\u00f1os de la Facultad de Arquitectura de la Universidad Nacional de La Plata (UNLP), contin\u00faa desaparecido desde el lunes y en las \u00faltimas horas se confirm\u00f3 un nuevo dato sobre sus \u00faltimos movimientos: viaj\u00f3 en el Tren Roca desde La Plata hasta Constituci\u00f3n. Seg\u00fan fuentes vinculadas con la investigaci\u00f3n, el","canonical_url":"https:\/\/larealidaddelaplata.com.ar\/index.php\/2026\/09\/02\/misterio-por-el-estudiante-de-la-unlp-confirman-que-viajo-en-el-roca-y-llego-a-constitucion\/","robots":"max-snippet:-1, max-image-preview:large, max-video-preview:-1","keywords":"","webmasterTools":{"miscellaneous":""},"schema":{"@context":"https:\/\/schema.org","@graph":[{"@type":"Article","@id":"https:\/\/larealidaddelaplata.com.ar\/index.php\/2026\/09\/02\/misterio-por-el-estudiante-de-la-unlp-confirman-que-viajo-en-el-roca-y-llego-a-constitucion\/#article","name":"Misterio por el estudiante de la UNLP: confirman que viaj\u00f3 en el Roca y lleg\u00f3 a Constituci\u00f3n | larealidaddelaplata.com.ar","headline":"Misterio por el estudiante de la UNLP: confirman que viaj\u00f3 en el Roca y lleg\u00f3 a Constituci\u00f3n","author":{"@id":"https:\/\/larealidaddelaplata.com.ar\/index.php\/author\/riso\/#author"},"publisher":{"@id":"https:\/\/larealidaddelaplata.com.ar\/#organization"},"image":{"@type":"ImageObject","url":"https:\/\/larealidaddelaplata.com.ar\/wp-content\/uploads\/2026\/09\/Mariano-Martinez-buscado-en-La-Plata.jpg","width":1200,"height":675},"datePublished":"2026-09-02T10:46:12-03:00","dateModified":"2026-09-02T10:46:14-03:00","inLanguage":"es-AR","mainEntityOfPage":{"@id":"https:\/\/larealidaddelaplata.com.ar\/index.php\/2026\/09\/02\/misterio-por-el-estudiante-de-la-unlp-confirman-que-viajo-en-el-roca-y-llego-a-constitucion\/#webpage"},"isPartOf":{"@id":"https:\/\/larealidaddelaplata.com.ar\/index.php\/2026\/09\/02\/misterio-por-el-estudiante-de-la-unlp-confirman-que-viajo-en-el-roca-y-llego-a-constitucion\/#webpage"},"articleSection":"Provincia"},{"@type":"BreadcrumbList","@id":"https:\/\/larealidaddelaplata.com.ar\/index.php\/2026\/09\/02\/misterio-por-el-estudiante-de-la-unlp-confirman-que-viajo-en-el-roca-y-llego-a-constitucion\/#breadcrumblist","itemListElement":[{"@type":"ListItem","@id":"https:\/\/larealidaddelaplata.com.ar#listItem","position":1,"name":"Home","item":"https:\/\/larealidaddelaplata.com.ar","nextItem":{"@type":"ListItem","@id":"https:\/\/larealidaddelaplata.com.ar\/index.php\/category\/provincia\/#listItem","name":"Provincia"}},{"@type":"ListItem","@id":"https:\/\/larealidaddelaplata.com.ar\/index.php\/category\/provincia\/#listItem","position":2,"name":"Provincia","item":"https:\/\/larealidaddelaplata.com.ar\/index.php\/category\/provincia\/","nextItem":{"@type":"ListItem","@id":"https:\/\/larealidaddelaplata.com.ar\/index.php\/2026\/09\/02\/misterio-por-el-estudiante-de-la-unlp-confirman-que-viajo-en-el-roca-y-llego-a-constitucion\/#listItem","name":"Misterio por el estudiante de la UNLP: confirman que viaj\u00f3 en el Roca y lleg\u00f3 a Constituci\u00f3n"},"previousItem":{"@type":"ListItem","@id":"https:\/\/larealidaddelaplata.com.ar#listItem","name":"Home"}},{"@type":"ListItem","@id":"https:\/\/larealidaddelaplata.com.ar\/index.php\/2026\/09\/02\/misterio-por-el-estudiante-de-la-unlp-confirman-que-viajo-en-el-roca-y-llego-a-constitucion\/#listItem","position":3,"name":"Misterio por el estudiante de la UNLP: confirman que viaj\u00f3 en el Roca y lleg\u00f3 a Constituci\u00f3n","previousItem":{"@type":"ListItem","@id":"https:\/\/larealidaddelaplata.com.ar\/index.php\/category\/provincia\/#listItem","name":"Provincia"}}]},{"@type":"Organization","@id":"https:\/\/larealidaddelaplata.com.ar\/#organization","name":"La Realidad de La Plata","description":"Tu portal de noticias sobre la realidad la Provincia de Buenos Aires y La Plata","url":"https:\/\/larealidaddelaplata.com.ar\/","logo":{"@type":"ImageObject","url":"https:\/\/larealidaddelaplata.com.ar\/wp-content\/uploads\/2021\/01\/cropped-Diseno-sin-titulo-1-1.png","@id":"https:\/\/larealidaddelaplata.com.ar\/index.php\/2026\/09\/02\/misterio-por-el-estudiante-de-la-unlp-confirman-que-viajo-en-el-roca-y-llego-a-constitucion\/#organizationLogo","width":1920,"height":355},"image":{"@id":"https:\/\/larealidaddelaplata.com.ar\/index.php\/2026\/09\/02\/misterio-por-el-estudiante-de-la-unlp-confirman-que-viajo-en-el-roca-y-llego-a-constitucion\/#organizationLogo"}},{"@type":"Person","@id":"https:\/\/larealidaddelaplata.com.ar\/index.php\/author\/riso\/#author","url":"https:\/\/larealidaddelaplata.com.ar\/index.php\/author\/riso\/","name":"Riso","image":{"@type":"ImageObject","@id":"https:\/\/larealidaddelaplata.com.ar\/index.php\/2026\/09\/02\/misterio-por-el-estudiante-de-la-unlp-confirman-que-viajo-en-el-roca-y-llego-a-constitucion\/#authorImage","url":"https:\/\/secure.gravatar.com\/avatar\/b8a29b1cb80c18109fbc4f4f76150b29d5a28fa492bc41c870351ccfbbabbeef?s=96&d=mm&r=g","width":96,"height":96,"caption":"Riso"}},{"@type":"WebPage","@id":"https:\/\/larealidaddelaplata.com.ar\/index.php\/2026\/09\/02\/misterio-por-el-estudiante-de-la-unlp-confirman-que-viajo-en-el-roca-y-llego-a-constitucion\/#webpage","url":"https:\/\/larealidaddelaplata.com.ar\/index.php\/2026\/09\/02\/misterio-por-el-estudiante-de-la-unlp-confirman-que-viajo-en-el-roca-y-llego-a-constitucion\/","name":"Misterio por el estudiante de la UNLP: confirman que viaj\u00f3 en el Roca y lleg\u00f3 a Constituci\u00f3n | larealidaddelaplata.com.ar","description":"Mariano Mart\u00ednez, estudiante de 21 a\u00f1os de la Facultad de Arquitectura de la Universidad Nacional de La Plata (UNLP), contin\u00faa desaparecido desde el lunes y en las \u00faltimas horas se confirm\u00f3 un nuevo dato sobre sus \u00faltimos movimientos: viaj\u00f3 en el Tren Roca desde La Plata hasta Constituci\u00f3n. Seg\u00fan fuentes vinculadas con la investigaci\u00f3n, el","inLanguage":"es-AR","isPartOf":{"@id":"https:\/\/larealidaddelaplata.com.ar\/#website"},"breadcrumb":{"@id":"https:\/\/larealidaddelaplata.com.ar\/index.php\/2026\/09\/02\/misterio-por-el-estudiante-de-la-unlp-confirman-que-viajo-en-el-roca-y-llego-a-constitucion\/#breadcrumblist"},"author":{"@id":"https:\/\/larealidaddelaplata.com.ar\/index.php\/author\/riso\/#author"},"creator":{"@id":"https:\/\/larealidaddelaplata.com.ar\/index.php\/author\/riso\/#author"},"image":{"@type":"ImageObject","url":"https:\/\/larealidaddelaplata.com.ar\/wp-content\/uploads\/2026\/09\/Mariano-Martinez-buscado-en-La-Plata.jpg","@id":"https:\/\/larealidaddelaplata.com.ar\/index.php\/2026\/09\/02\/misterio-por-el-estudiante-de-la-unlp-confirman-que-viajo-en-el-roca-y-llego-a-constitucion\/#mainImage","width":1200,"height":675},"primaryImageOfPage":{"@id":"https:\/\/larealidaddelaplata.com.ar\/index.php\/2026\/09\/02\/misterio-por-el-estudiante-de-la-unlp-confirman-que-viajo-en-el-roca-y-llego-a-constitucion\/#mainImage"},"datePublished":"2026-09-02T10:46:12-03:00","dateModified":"2026-09-02T10:46:14-03:00"},{"@type":"WebSite","@id":"https:\/\/larealidaddelaplata.com.ar\/#website","url":"https:\/\/larealidaddelaplata.com.ar\/","name":"La Realidad de La Plata","description":"Tu portal de noticias sobre la realidad la Provincia de Buenos Aires y La Plata","inLanguage":"es-AR","publisher":{"@id":"https:\/\/larealidaddelaplata.com.ar\/#organization"}}]}},"aioseo_meta_data":{"post_id":"43607","title":null,"description":null,"keywords":null,"keyphrases":{"focus":{"keyphrase":"","score":0,"analysis":{"keyphraseInTitle":{"score":0,"maxScore":9,"error":1}}},"additional":[]},"primary_term":null,"canonical_url":null,"og_title":null,"og_description":null,"og_object_type":"default","og_image_type":"default","og_image_url":null,"og_image_width":null,"og_image_height":null,"og_image_custom_url":null,"og_image_custom_fields":null,"og_video":"","og_custom_url":null,"og_article_section":null,"og_article_tags":null,"twitter_use_og":false,"twitter_card":"default","twitter_image_type":"default","twitter_image_url":null,"twitter_image_custom_url":null,"twitter_image_custom_fields":null,"twitter_title":null,"twitter_description":null,"schema":{"blockGraphs":[],"customGraphs":[],"default":{"data":{"Article":[],"Course":[],"Dataset":[],"FAQPage":[],"Movie":[],"Person":[],"Product":[],"ProductReview":[],"Car":[],"Recipe":[],"Service":[],"SoftwareApplication":[],"WebPage":[]},"graphName":"Article","isEnabled":true},"graphs":[]},"schema_type":"default","schema_type_options":null,"pillar_content":false,"robots_default":true,"robots_noindex":false,"robots_noarchive":false,"robots_nosnippet":false,"robots_nofollow":false,"robots_noimageindex":false,"robots_noodp":false,"robots_notranslate":false,"robots_max_snippet":"-1","robots_max_videopreview":"-1","robots_max_imagepreview":"large","priority":null,"frequency":"default","location":null,"local_seo":null,"breadcrumb_settings":null,"limit_modified_date":false,"ai":{"faqs":[],"keyPoints":[],"schemas":[],"titles":[],"descriptions":[],"socialPosts":{"email":{"subject":"","preview":"","content":""},"linkedin":[],"twitter":[],"facebook":[],"instagram":[]}},"created":"2026-09-02 13:43:19","updated":"2026-09-02 13:46:16","seo_analyzer_scan_date":null,"focus_keyword":null,"additional_keywords":null,"truseo_locale":null},"_links":{"self":[{"href":"https:\/\/larealidaddelaplata.com.ar\/index.php\/wp-json\/wp\/v2\/posts\/43607","targetHints":{"allow":["GET"]}}],"collection":[{"href":"https:\/\/larealidaddelaplata.com.ar\/index.php\/wp-json\/wp\/v2\/posts"}],"about":[{"href":"https:\/\/larealidaddelaplata.com.ar\/index.php\/wp-json\/wp\/v2\/types\/post"}],"author":[{"embeddable":true,"href":"https:\/\/larealidaddelaplata.com.ar\/index.php\/wp-json\/wp\/v2\/users\/3"}],"replies":[{"embeddable":true,"href":"https:\/\/larealidaddelaplata.com.ar\/index.php\/wp-json\/wp\/v2\/comments?post=43607"}],"version-history":[{"count":1,"href":"https:\/\/larealidaddelaplata.com.ar\/index.php\/wp-json\/wp\/v2\/posts\/43607\/revisions"}],"predecessor-version":[{"id":43609,"href":"https:\/\/larealidaddelaplata.com.ar\/index.php\/wp-json\/wp\/v2\/posts\/43607\/revisions\/43609"}],"wp:featuredmedia":[{"embeddable":true,"href":"https:\/\/larealidaddelaplata.com.ar\/index.php\/wp-json\/wp\/v2\/media\/43608"}],"wp:attachment":[{"href":"https:\/\/larealidaddelaplata.com.ar\/index.php\/wp-json\/wp\/v2\/media?parent=43607"}],"wp:term":[{"taxonomy":"category","embeddable":true,"href":"https:\/\/larealidaddelaplata.com.ar\/index.php\/wp-json\/wp\/v2\/categories?post=43607"},{"taxonomy":"post_tag","embeddable":true,"href":"https:\/\/larealidaddelaplata.com.ar\/index.php\/wp-json\/wp\/v2\/tags?post=43607"}],"curies":[{"name":"wp","href":"https:\/\/api.w.org\/{rel}","templated":true}]}}