{"id":43611,"date":"2026-09-02T16:31:20","date_gmt":"2026-09-02T19:31:20","guid":{"rendered":"https:\/\/larealidaddelaplata.com.ar\/?p=43611"},"modified":"2026-09-02T16:31:23","modified_gmt":"2026-09-02T19:31:23","slug":"estudiantes-ya-tiene-fecha-hora-y-sede-para-la-final-de-la-supercopa-internacional-ante-rosario-central","status":"publish","type":"post","link":"https:\/\/larealidaddelaplata.com.ar\/index.php\/2026\/09\/02\/estudiantes-ya-tiene-fecha-hora-y-sede-para-la-final-de-la-supercopa-internacional-ante-rosario-central\/","title":{"rendered":"Estudiantes ya tiene fecha, hora y sede para la final de la Supercopa Internacional ante Rosario Central"},"content":{"rendered":"\n<p class=\"wp-block-paragraph\">La Asociaci\u00f3n del F\u00fatbol Argentino termin\u00f3 de disipar las dudas y defini\u00f3 los detalles organizativos para la esperada definici\u00f3n de la Supercopa Internacional. Estudiantes de La Plata y Rosario Central se ver\u00e1n las caras el pr\u00f3ximo s\u00e1bado 26 de septiembre a partir de las 17, en un mano a mano que pondr\u00e1 en juego un nuevo t\u00edtulo oficial para las vitrinas de ambos clubes.<\/p>\n\n\n\n<p class=\"wp-block-paragraph\">La designaci\u00f3n de la fecha responde a una ventana estrat\u00e9gica dentro del calendario deportivo, aprovechando el receso de los torneos locales por la Fecha FIFA que se disputar\u00e1 entre el 21 de septiembre y el 6 de octubre. De esta manera, ambos planteles contar\u00e1n con el tiempo necesario para preparar el choque sin la sobrecarga habitual de la competencia dom\u00e9stica.<\/p>\n\n\n\n<p class=\"wp-block-paragraph\">El escenario elegido para albergar la final\u00edsima ser\u00e1 el Estadio \u00danico Madre de Ciudades de Santiago del Estero. Se trata de una plaza sumamente familiar y con un fuerte valor simb\u00f3lico para el conjunto dirigido por Eduardo Dom\u00ednguez, ya que el Pincha supo dar la vuelta ol\u00edmpica all\u00ed en tres oportunidades durante los \u00faltimos a\u00f1os.<\/p>\n\n\n\n<p class=\"wp-block-paragraph\">Con el cronograma completamente ratificado por las autoridades de la AFA, el elenco platense ya comenz\u00f3 a diagramar la log\u00edstica para viajar al norte del pa\u00eds. Con tres semanas de anticipaci\u00f3n por delante, la ilusi\u00f3n de sumar una nueva estrella internacional vuelve a encenderse entre los hinchas albirrojos.<\/p>\n","protected":false},"excerpt":{"rendered":"<p>La Asociaci\u00f3n del F\u00fatbol Argentino termin\u00f3 de disipar las dudas y defini\u00f3 los detalles organizativos para la esperada definici\u00f3n de la Supercopa Internacional. Estudiantes de La Plata y Rosario Central se ver\u00e1n las caras el pr\u00f3ximo s\u00e1bado 26 de septiembre a partir de las 17, en un mano a mano que pondr\u00e1 en juego un nuevo t\u00edtulo oficial para las vitrinas de ambos clubes. La designaci\u00f3n de la fecha responde&hellip;<\/p>\n","protected":false},"author":6,"featured_media":43612,"comment_status":"open","ping_status":"open","sticky":false,"template":"","format":"standard","meta":{"_acf_changed":false,"footnotes":""},"categories":[10,12],"tags":[],"class_list":["post-43611","post","type-post","status-publish","format-standard","has-post-thumbnail","hentry","category-deportes","category-estudiantes"],"acf":[],"aioseo_notices":[],"aioseo_head":"\n\t\t<!-- All in One SEO 5.0.1.1 - aioseo.com -->\n\t<meta name=\"description\" content=\"La Asociaci\u00f3n del F\u00fatbol Argentino termin\u00f3 de disipar las dudas y defini\u00f3 los detalles organizativos para la esperada definici\u00f3n de la Supercopa Internacional. Estudiantes de La Plata y Rosario Central se ver\u00e1n las caras el pr\u00f3ximo s\u00e1bado 26 de septiembre a partir de las 17, en un mano a mano que pondr\u00e1 en juego un\" \/>\n\t<meta name=\"robots\" content=\"max-snippet:-1, max-image-preview:large, max-video-preview:-1\" \/>\n\t<meta name=\"author\" content=\"Julian I\"\/>\n\t<link rel=\"canonical\" href=\"https:\/\/larealidaddelaplata.com.ar\/index.php\/2026\/09\/02\/estudiantes-ya-tiene-fecha-hora-y-sede-para-la-final-de-la-supercopa-internacional-ante-rosario-central\/\" \/>\n\t<meta name=\"generator\" content=\"All in One SEO (AIOSEO) 5.0.1.1\" \/>\n\t\t<script type=\"application\/ld+json\" class=\"aioseo-schema\">\n\t\t\t{\"@context\":\"https:\\\/\\\/schema.org\",\"@graph\":[{\"@type\":\"Article\",\"@id\":\"https:\\\/\\\/larealidaddelaplata.com.ar\\\/index.php\\\/2026\\\/09\\\/02\\\/estudiantes-ya-tiene-fecha-hora-y-sede-para-la-final-de-la-supercopa-internacional-ante-rosario-central\\\/#article\",\"name\":\"Estudiantes ya tiene fecha, hora y sede para la final de la Supercopa Internacional ante Rosario Central | larealidaddelaplata.com.ar\",\"headline\":\"Estudiantes ya tiene fecha, hora y sede para la final de la Supercopa Internacional ante Rosario Central\",\"author\":{\"@id\":\"https:\\\/\\\/larealidaddelaplata.com.ar\\\/index.php\\\/author\\\/julian_ibarrola\\\/#author\"},\"publisher\":{\"@id\":\"https:\\\/\\\/larealidaddelaplata.com.ar\\\/#organization\"},\"image\":{\"@type\":\"ImageObject\",\"url\":\"https:\\\/\\\/larealidaddelaplata.com.ar\\\/wp-content\\\/uploads\\\/2026\\\/09\\\/rBb4QyKmk_720x0__1.jpg\",\"width\":720,\"height\":405},\"datePublished\":\"2026-09-02T16:31:20-03:00\",\"dateModified\":\"2026-09-02T16:31:23-03:00\",\"inLanguage\":\"es-AR\",\"mainEntityOfPage\":{\"@id\":\"https:\\\/\\\/larealidaddelaplata.com.ar\\\/index.php\\\/2026\\\/09\\\/02\\\/estudiantes-ya-tiene-fecha-hora-y-sede-para-la-final-de-la-supercopa-internacional-ante-rosario-central\\\/#webpage\"},\"isPartOf\":{\"@id\":\"https:\\\/\\\/larealidaddelaplata.com.ar\\\/index.php\\\/2026\\\/09\\\/02\\\/estudiantes-ya-tiene-fecha-hora-y-sede-para-la-final-de-la-supercopa-internacional-ante-rosario-central\\\/#webpage\"},\"articleSection\":\"Deportes, Estudiantes\"},{\"@type\":\"BreadcrumbList\",\"@id\":\"https:\\\/\\\/larealidaddelaplata.com.ar\\\/index.php\\\/2026\\\/09\\\/02\\\/estudiantes-ya-tiene-fecha-hora-y-sede-para-la-final-de-la-supercopa-internacional-ante-rosario-central\\\/#breadcrumblist\",\"itemListElement\":[{\"@type\":\"ListItem\",\"@id\":\"https:\\\/\\\/larealidaddelaplata.com.ar#listItem\",\"position\":1,\"name\":\"Home\",\"item\":\"https:\\\/\\\/larealidaddelaplata.com.ar\",\"nextItem\":{\"@type\":\"ListItem\",\"@id\":\"https:\\\/\\\/larealidaddelaplata.com.ar\\\/index.php\\\/category\\\/deportes\\\/#listItem\",\"name\":\"Deportes\"}},{\"@type\":\"ListItem\",\"@id\":\"https:\\\/\\\/larealidaddelaplata.com.ar\\\/index.php\\\/category\\\/deportes\\\/#listItem\",\"position\":2,\"name\":\"Deportes\",\"item\":\"https:\\\/\\\/larealidaddelaplata.com.ar\\\/index.php\\\/category\\\/deportes\\\/\",\"nextItem\":{\"@type\":\"ListItem\",\"@id\":\"https:\\\/\\\/larealidaddelaplata.com.ar\\\/index.php\\\/category\\\/deportes\\\/estudiantes\\\/#listItem\",\"name\":\"Estudiantes\"},\"previousItem\":{\"@type\":\"ListItem\",\"@id\":\"https:\\\/\\\/larealidaddelaplata.com.ar#listItem\",\"name\":\"Home\"}},{\"@type\":\"ListItem\",\"@id\":\"https:\\\/\\\/larealidaddelaplata.com.ar\\\/index.php\\\/category\\\/deportes\\\/estudiantes\\\/#listItem\",\"position\":3,\"name\":\"Estudiantes\",\"item\":\"https:\\\/\\\/larealidaddelaplata.com.ar\\\/index.php\\\/category\\\/deportes\\\/estudiantes\\\/\",\"nextItem\":{\"@type\":\"ListItem\",\"@id\":\"https:\\\/\\\/larealidaddelaplata.com.ar\\\/index.php\\\/2026\\\/09\\\/02\\\/estudiantes-ya-tiene-fecha-hora-y-sede-para-la-final-de-la-supercopa-internacional-ante-rosario-central\\\/#listItem\",\"name\":\"Estudiantes ya tiene fecha, hora y sede para la final de la Supercopa Internacional ante Rosario Central\"},\"previousItem\":{\"@type\":\"ListItem\",\"@id\":\"https:\\\/\\\/larealidaddelaplata.com.ar\\\/index.php\\\/category\\\/deportes\\\/#listItem\",\"name\":\"Deportes\"}},{\"@type\":\"ListItem\",\"@id\":\"https:\\\/\\\/larealidaddelaplata.com.ar\\\/index.php\\\/2026\\\/09\\\/02\\\/estudiantes-ya-tiene-fecha-hora-y-sede-para-la-final-de-la-supercopa-internacional-ante-rosario-central\\\/#listItem\",\"position\":4,\"name\":\"Estudiantes ya tiene fecha, hora y sede para la final de la Supercopa Internacional ante Rosario Central\",\"previousItem\":{\"@type\":\"ListItem\",\"@id\":\"https:\\\/\\\/larealidaddelaplata.com.ar\\\/index.php\\\/category\\\/deportes\\\/estudiantes\\\/#listItem\",\"name\":\"Estudiantes\"}}]},{\"@type\":\"Organization\",\"@id\":\"https:\\\/\\\/larealidaddelaplata.com.ar\\\/#organization\",\"name\":\"La Realidad de La Plata\",\"description\":\"Tu portal de noticias sobre la realidad la Provincia de Buenos Aires y La Plata\",\"url\":\"https:\\\/\\\/larealidaddelaplata.com.ar\\\/\",\"logo\":{\"@type\":\"ImageObject\",\"url\":\"https:\\\/\\\/larealidaddelaplata.com.ar\\\/wp-content\\\/uploads\\\/2021\\\/01\\\/cropped-Diseno-sin-titulo-1-1.png\",\"@id\":\"https:\\\/\\\/larealidaddelaplata.com.ar\\\/index.php\\\/2026\\\/09\\\/02\\\/estudiantes-ya-tiene-fecha-hora-y-sede-para-la-final-de-la-supercopa-internacional-ante-rosario-central\\\/#organizationLogo\",\"width\":1920,\"height\":355},\"image\":{\"@id\":\"https:\\\/\\\/larealidaddelaplata.com.ar\\\/index.php\\\/2026\\\/09\\\/02\\\/estudiantes-ya-tiene-fecha-hora-y-sede-para-la-final-de-la-supercopa-internacional-ante-rosario-central\\\/#organizationLogo\"}},{\"@type\":\"Person\",\"@id\":\"https:\\\/\\\/larealidaddelaplata.com.ar\\\/index.php\\\/author\\\/julian_ibarrola\\\/#author\",\"url\":\"https:\\\/\\\/larealidaddelaplata.com.ar\\\/index.php\\\/author\\\/julian_ibarrola\\\/\",\"name\":\"Julian I\",\"image\":{\"@type\":\"ImageObject\",\"@id\":\"https:\\\/\\\/larealidaddelaplata.com.ar\\\/index.php\\\/2026\\\/09\\\/02\\\/estudiantes-ya-tiene-fecha-hora-y-sede-para-la-final-de-la-supercopa-internacional-ante-rosario-central\\\/#authorImage\",\"url\":\"https:\\\/\\\/secure.gravatar.com\\\/avatar\\\/7771209082b3e5bb400c4977362cbab150b08c7199fffcd6a227c0b2fbe17c9c?s=96&d=mm&r=g\",\"width\":96,\"height\":96,\"caption\":\"Julian I\"}},{\"@type\":\"WebPage\",\"@id\":\"https:\\\/\\\/larealidaddelaplata.com.ar\\\/index.php\\\/2026\\\/09\\\/02\\\/estudiantes-ya-tiene-fecha-hora-y-sede-para-la-final-de-la-supercopa-internacional-ante-rosario-central\\\/#webpage\",\"url\":\"https:\\\/\\\/larealidaddelaplata.com.ar\\\/index.php\\\/2026\\\/09\\\/02\\\/estudiantes-ya-tiene-fecha-hora-y-sede-para-la-final-de-la-supercopa-internacional-ante-rosario-central\\\/\",\"name\":\"Estudiantes ya tiene fecha, hora y sede para la final de la Supercopa Internacional ante Rosario Central | larealidaddelaplata.com.ar\",\"description\":\"La Asociaci\\u00f3n del F\\u00fatbol Argentino termin\\u00f3 de disipar las dudas y defini\\u00f3 los detalles organizativos para la esperada definici\\u00f3n de la Supercopa Internacional. Estudiantes de La Plata y Rosario Central se ver\\u00e1n las caras el pr\\u00f3ximo s\\u00e1bado 26 de septiembre a partir de las 17, en un mano a mano que pondr\\u00e1 en juego un\",\"inLanguage\":\"es-AR\",\"isPartOf\":{\"@id\":\"https:\\\/\\\/larealidaddelaplata.com.ar\\\/#website\"},\"breadcrumb\":{\"@id\":\"https:\\\/\\\/larealidaddelaplata.com.ar\\\/index.php\\\/2026\\\/09\\\/02\\\/estudiantes-ya-tiene-fecha-hora-y-sede-para-la-final-de-la-supercopa-internacional-ante-rosario-central\\\/#breadcrumblist\"},\"author\":{\"@id\":\"https:\\\/\\\/larealidaddelaplata.com.ar\\\/index.php\\\/author\\\/julian_ibarrola\\\/#author\"},\"creator\":{\"@id\":\"https:\\\/\\\/larealidaddelaplata.com.ar\\\/index.php\\\/author\\\/julian_ibarrola\\\/#author\"},\"image\":{\"@type\":\"ImageObject\",\"url\":\"https:\\\/\\\/larealidaddelaplata.com.ar\\\/wp-content\\\/uploads\\\/2026\\\/09\\\/rBb4QyKmk_720x0__1.jpg\",\"@id\":\"https:\\\/\\\/larealidaddelaplata.com.ar\\\/index.php\\\/2026\\\/09\\\/02\\\/estudiantes-ya-tiene-fecha-hora-y-sede-para-la-final-de-la-supercopa-internacional-ante-rosario-central\\\/#mainImage\",\"width\":720,\"height\":405},\"primaryImageOfPage\":{\"@id\":\"https:\\\/\\\/larealidaddelaplata.com.ar\\\/index.php\\\/2026\\\/09\\\/02\\\/estudiantes-ya-tiene-fecha-hora-y-sede-para-la-final-de-la-supercopa-internacional-ante-rosario-central\\\/#mainImage\"},\"datePublished\":\"2026-09-02T16:31:20-03:00\",\"dateModified\":\"2026-09-02T16:31:23-03:00\"},{\"@type\":\"WebSite\",\"@id\":\"https:\\\/\\\/larealidaddelaplata.com.ar\\\/#website\",\"url\":\"https:\\\/\\\/larealidaddelaplata.com.ar\\\/\",\"name\":\"La Realidad de La Plata\",\"description\":\"Tu portal de noticias sobre la realidad la Provincia de Buenos Aires y La Plata\",\"inLanguage\":\"es-AR\",\"publisher\":{\"@id\":\"https:\\\/\\\/larealidaddelaplata.com.ar\\\/#organization\"}}]}\n\t\t<\/script>\n\t\t<!-- All in One SEO -->\n\n","aioseo_head_json":{"title":"Estudiantes ya tiene fecha, hora y sede para la final de la Supercopa Internacional ante Rosario Central | larealidaddelaplata.com.ar","description":"La Asociaci\u00f3n del F\u00fatbol Argentino termin\u00f3 de disipar las dudas y defini\u00f3 los detalles organizativos para la esperada definici\u00f3n de la Supercopa Internacional. Estudiantes de La Plata y Rosario Central se ver\u00e1n las caras el pr\u00f3ximo s\u00e1bado 26 de septiembre a partir de las 17, en un mano a mano que pondr\u00e1 en juego un","canonical_url":"https:\/\/larealidaddelaplata.com.ar\/index.php\/2026\/09\/02\/estudiantes-ya-tiene-fecha-hora-y-sede-para-la-final-de-la-supercopa-internacional-ante-rosario-central\/","robots":"max-snippet:-1, max-image-preview:large, max-video-preview:-1","keywords":"","webmasterTools":{"miscellaneous":""},"schema":{"@context":"https:\/\/schema.org","@graph":[{"@type":"Article","@id":"https:\/\/larealidaddelaplata.com.ar\/index.php\/2026\/09\/02\/estudiantes-ya-tiene-fecha-hora-y-sede-para-la-final-de-la-supercopa-internacional-ante-rosario-central\/#article","name":"Estudiantes ya tiene fecha, hora y sede para la final de la Supercopa Internacional ante Rosario Central | larealidaddelaplata.com.ar","headline":"Estudiantes ya tiene fecha, hora y sede para la final de la Supercopa Internacional ante Rosario Central","author":{"@id":"https:\/\/larealidaddelaplata.com.ar\/index.php\/author\/julian_ibarrola\/#author"},"publisher":{"@id":"https:\/\/larealidaddelaplata.com.ar\/#organization"},"image":{"@type":"ImageObject","url":"https:\/\/larealidaddelaplata.com.ar\/wp-content\/uploads\/2026\/09\/rBb4QyKmk_720x0__1.jpg","width":720,"height":405},"datePublished":"2026-09-02T16:31:20-03:00","dateModified":"2026-09-02T16:31:23-03:00","inLanguage":"es-AR","mainEntityOfPage":{"@id":"https:\/\/larealidaddelaplata.com.ar\/index.php\/2026\/09\/02\/estudiantes-ya-tiene-fecha-hora-y-sede-para-la-final-de-la-supercopa-internacional-ante-rosario-central\/#webpage"},"isPartOf":{"@id":"https:\/\/larealidaddelaplata.com.ar\/index.php\/2026\/09\/02\/estudiantes-ya-tiene-fecha-hora-y-sede-para-la-final-de-la-supercopa-internacional-ante-rosario-central\/#webpage"},"articleSection":"Deportes, Estudiantes"},{"@type":"BreadcrumbList","@id":"https:\/\/larealidaddelaplata.com.ar\/index.php\/2026\/09\/02\/estudiantes-ya-tiene-fecha-hora-y-sede-para-la-final-de-la-supercopa-internacional-ante-rosario-central\/#breadcrumblist","itemListElement":[{"@type":"ListItem","@id":"https:\/\/larealidaddelaplata.com.ar#listItem","position":1,"name":"Home","item":"https:\/\/larealidaddelaplata.com.ar","nextItem":{"@type":"ListItem","@id":"https:\/\/larealidaddelaplata.com.ar\/index.php\/category\/deportes\/#listItem","name":"Deportes"}},{"@type":"ListItem","@id":"https:\/\/larealidaddelaplata.com.ar\/index.php\/category\/deportes\/#listItem","position":2,"name":"Deportes","item":"https:\/\/larealidaddelaplata.com.ar\/index.php\/category\/deportes\/","nextItem":{"@type":"ListItem","@id":"https:\/\/larealidaddelaplata.com.ar\/index.php\/category\/deportes\/estudiantes\/#listItem","name":"Estudiantes"},"previousItem":{"@type":"ListItem","@id":"https:\/\/larealidaddelaplata.com.ar#listItem","name":"Home"}},{"@type":"ListItem","@id":"https:\/\/larealidaddelaplata.com.ar\/index.php\/category\/deportes\/estudiantes\/#listItem","position":3,"name":"Estudiantes","item":"https:\/\/larealidaddelaplata.com.ar\/index.php\/category\/deportes\/estudiantes\/","nextItem":{"@type":"ListItem","@id":"https:\/\/larealidaddelaplata.com.ar\/index.php\/2026\/09\/02\/estudiantes-ya-tiene-fecha-hora-y-sede-para-la-final-de-la-supercopa-internacional-ante-rosario-central\/#listItem","name":"Estudiantes ya tiene fecha, hora y sede para la final de la Supercopa Internacional ante Rosario Central"},"previousItem":{"@type":"ListItem","@id":"https:\/\/larealidaddelaplata.com.ar\/index.php\/category\/deportes\/#listItem","name":"Deportes"}},{"@type":"ListItem","@id":"https:\/\/larealidaddelaplata.com.ar\/index.php\/2026\/09\/02\/estudiantes-ya-tiene-fecha-hora-y-sede-para-la-final-de-la-supercopa-internacional-ante-rosario-central\/#listItem","position":4,"name":"Estudiantes ya tiene fecha, hora y sede para la final de la Supercopa Internacional ante Rosario Central","previousItem":{"@type":"ListItem","@id":"https:\/\/larealidaddelaplata.com.ar\/index.php\/category\/deportes\/estudiantes\/#listItem","name":"Estudiantes"}}]},{"@type":"Organization","@id":"https:\/\/larealidaddelaplata.com.ar\/#organization","name":"La Realidad de La Plata","description":"Tu portal de noticias sobre la realidad la Provincia de Buenos Aires y La Plata","url":"https:\/\/larealidaddelaplata.com.ar\/","logo":{"@type":"ImageObject","url":"https:\/\/larealidaddelaplata.com.ar\/wp-content\/uploads\/2021\/01\/cropped-Diseno-sin-titulo-1-1.png","@id":"https:\/\/larealidaddelaplata.com.ar\/index.php\/2026\/09\/02\/estudiantes-ya-tiene-fecha-hora-y-sede-para-la-final-de-la-supercopa-internacional-ante-rosario-central\/#organizationLogo","width":1920,"height":355},"image":{"@id":"https:\/\/larealidaddelaplata.com.ar\/index.php\/2026\/09\/02\/estudiantes-ya-tiene-fecha-hora-y-sede-para-la-final-de-la-supercopa-internacional-ante-rosario-central\/#organizationLogo"}},{"@type":"Person","@id":"https:\/\/larealidaddelaplata.com.ar\/index.php\/author\/julian_ibarrola\/#author","url":"https:\/\/larealidaddelaplata.com.ar\/index.php\/author\/julian_ibarrola\/","name":"Julian I","image":{"@type":"ImageObject","@id":"https:\/\/larealidaddelaplata.com.ar\/index.php\/2026\/09\/02\/estudiantes-ya-tiene-fecha-hora-y-sede-para-la-final-de-la-supercopa-internacional-ante-rosario-central\/#authorImage","url":"https:\/\/secure.gravatar.com\/avatar\/7771209082b3e5bb400c4977362cbab150b08c7199fffcd6a227c0b2fbe17c9c?s=96&d=mm&r=g","width":96,"height":96,"caption":"Julian I"}},{"@type":"WebPage","@id":"https:\/\/larealidaddelaplata.com.ar\/index.php\/2026\/09\/02\/estudiantes-ya-tiene-fecha-hora-y-sede-para-la-final-de-la-supercopa-internacional-ante-rosario-central\/#webpage","url":"https:\/\/larealidaddelaplata.com.ar\/index.php\/2026\/09\/02\/estudiantes-ya-tiene-fecha-hora-y-sede-para-la-final-de-la-supercopa-internacional-ante-rosario-central\/","name":"Estudiantes ya tiene fecha, hora y sede para la final de la Supercopa Internacional ante Rosario Central | larealidaddelaplata.com.ar","description":"La Asociaci\u00f3n del F\u00fatbol Argentino termin\u00f3 de disipar las dudas y defini\u00f3 los detalles organizativos para la esperada definici\u00f3n de la Supercopa Internacional. Estudiantes de La Plata y Rosario Central se ver\u00e1n las caras el pr\u00f3ximo s\u00e1bado 26 de septiembre a partir de las 17, en un mano a mano que pondr\u00e1 en juego un","inLanguage":"es-AR","isPartOf":{"@id":"https:\/\/larealidaddelaplata.com.ar\/#website"},"breadcrumb":{"@id":"https:\/\/larealidaddelaplata.com.ar\/index.php\/2026\/09\/02\/estudiantes-ya-tiene-fecha-hora-y-sede-para-la-final-de-la-supercopa-internacional-ante-rosario-central\/#breadcrumblist"},"author":{"@id":"https:\/\/larealidaddelaplata.com.ar\/index.php\/author\/julian_ibarrola\/#author"},"creator":{"@id":"https:\/\/larealidaddelaplata.com.ar\/index.php\/author\/julian_ibarrola\/#author"},"image":{"@type":"ImageObject","url":"https:\/\/larealidaddelaplata.com.ar\/wp-content\/uploads\/2026\/09\/rBb4QyKmk_720x0__1.jpg","@id":"https:\/\/larealidaddelaplata.com.ar\/index.php\/2026\/09\/02\/estudiantes-ya-tiene-fecha-hora-y-sede-para-la-final-de-la-supercopa-internacional-ante-rosario-central\/#mainImage","width":720,"height":405},"primaryImageOfPage":{"@id":"https:\/\/larealidaddelaplata.com.ar\/index.php\/2026\/09\/02\/estudiantes-ya-tiene-fecha-hora-y-sede-para-la-final-de-la-supercopa-internacional-ante-rosario-central\/#mainImage"},"datePublished":"2026-09-02T16:31:20-03:00","dateModified":"2026-09-02T16:31:23-03:00"},{"@type":"WebSite","@id":"https:\/\/larealidaddelaplata.com.ar\/#website","url":"https:\/\/larealidaddelaplata.com.ar\/","name":"La Realidad de La Plata","description":"Tu portal de noticias sobre la realidad la Provincia de Buenos Aires y La Plata","inLanguage":"es-AR","publisher":{"@id":"https:\/\/larealidaddelaplata.com.ar\/#organization"}}]}},"aioseo_meta_data":{"post_id":"43611","title":null,"description":null,"keywords":null,"keyphrases":{"focus":{"keyphrase":"","score":0,"analysis":{"keyphraseInTitle":{"score":0,"maxScore":9,"error":1}}},"additional":[]},"primary_term":null,"canonical_url":null,"og_title":null,"og_description":null,"og_object_type":"default","og_image_type":"default","og_image_url":null,"og_image_width":null,"og_image_height":null,"og_image_custom_url":null,"og_image_custom_fields":null,"og_video":"","og_custom_url":null,"og_article_section":null,"og_article_tags":null,"twitter_use_og":false,"twitter_card":"default","twitter_image_type":"default","twitter_image_url":null,"twitter_image_custom_url":null,"twitter_image_custom_fields":null,"twitter_title":null,"twitter_description":null,"schema":{"blockGraphs":[],"customGraphs":[],"default":{"data":{"Article":[],"Course":[],"Dataset":[],"FAQPage":[],"Movie":[],"Person":[],"Product":[],"ProductReview":[],"Car":[],"Recipe":[],"Service":[],"SoftwareApplication":[],"WebPage":[]},"graphName":"Article","isEnabled":true},"graphs":[]},"schema_type":"default","schema_type_options":null,"pillar_content":false,"robots_default":true,"robots_noindex":false,"robots_noarchive":false,"robots_nosnippet":false,"robots_nofollow":false,"robots_noimageindex":false,"robots_noodp":false,"robots_notranslate":false,"robots_max_snippet":"-1","robots_max_videopreview":"-1","robots_max_imagepreview":"large","priority":null,"frequency":"default","location":null,"local_seo":null,"breadcrumb_settings":null,"limit_modified_date":false,"ai":{"faqs":[],"keyPoints":[],"schemas":[],"titles":[],"descriptions":[],"socialPosts":{"email":{"subject":"","preview":"","content":""},"linkedin":[],"twitter":[],"facebook":[],"instagram":[]}},"created":"2026-09-02 19:29:22","updated":"2026-09-02 19:31:24","seo_analyzer_scan_date":null,"focus_keyword":null,"additional_keywords":null,"truseo_locale":null},"_links":{"self":[{"href":"https:\/\/larealidaddelaplata.com.ar\/index.php\/wp-json\/wp\/v2\/posts\/43611","targetHints":{"allow":["GET"]}}],"collection":[{"href":"https:\/\/larealidaddelaplata.com.ar\/index.php\/wp-json\/wp\/v2\/posts"}],"about":[{"href":"https:\/\/larealidaddelaplata.com.ar\/index.php\/wp-json\/wp\/v2\/types\/post"}],"author":[{"embeddable":true,"href":"https:\/\/larealidaddelaplata.com.ar\/index.php\/wp-json\/wp\/v2\/users\/6"}],"replies":[{"embeddable":true,"href":"https:\/\/larealidaddelaplata.com.ar\/index.php\/wp-json\/wp\/v2\/comments?post=43611"}],"version-history":[{"count":1,"href":"https:\/\/larealidaddelaplata.com.ar\/index.php\/wp-json\/wp\/v2\/posts\/43611\/revisions"}],"predecessor-version":[{"id":43613,"href":"https:\/\/larealidaddelaplata.com.ar\/index.php\/wp-json\/wp\/v2\/posts\/43611\/revisions\/43613"}],"wp:featuredmedia":[{"embeddable":true,"href":"https:\/\/larealidaddelaplata.com.ar\/index.php\/wp-json\/wp\/v2\/media\/43612"}],"wp:attachment":[{"href":"https:\/\/larealidaddelaplata.com.ar\/index.php\/wp-json\/wp\/v2\/media?parent=43611"}],"wp:term":[{"taxonomy":"category","embeddable":true,"href":"https:\/\/larealidaddelaplata.com.ar\/index.php\/wp-json\/wp\/v2\/categories?post=43611"},{"taxonomy":"post_tag","embeddable":true,"href":"https:\/\/larealidaddelaplata.com.ar\/index.php\/wp-json\/wp\/v2\/tags?post=43611"}],"curies":[{"name":"wp","href":"https:\/\/api.w.org\/{rel}","templated":true}]}}