{"id":43614,"date":"2026-09-02T16:35:10","date_gmt":"2026-09-02T19:35:10","guid":{"rendered":"https:\/\/larealidaddelaplata.com.ar\/?p=43614"},"modified":"2026-09-02T16:39:10","modified_gmt":"2026-09-02T19:39:10","slug":"alertan-por-demoras-de-transito-en-7-y-32-restringen-el-transito-por-el-arreglo-de-un-cano-de-absa","status":"publish","type":"post","link":"https:\/\/larealidaddelaplata.com.ar\/index.php\/2026\/09\/02\/alertan-por-demoras-de-transito-en-7-y-32-restringen-el-transito-por-el-arreglo-de-un-cano-de-absa\/","title":{"rendered":"Alertan por demoras de tr\u00e1nsito en 7 y 32: restringen el tr\u00e1nsito por el arreglo de un ca\u00f1o de ABSA"},"content":{"rendered":"\n<p class=\"wp-block-paragraph\">La circulaci\u00f3n vehicular en uno de los nudos viales m\u00e1s transitados de la capital bonaerense se ver\u00e1 resentida en las pr\u00f3ximas horas. La Municipalidad de La Plata inform\u00f3 que, a ra\u00edz de la rotura de un conducto de Aguas Bonaerenses S.A. (ABSA) registrada en la rotonda de 7 y 32, el tr\u00e1nsito en la zona permanecer\u00e1 parcialmente restringido a lo largo del jueves 3 y viernes 4 de septiembre.<\/p>\n\n\n\n<p class=\"wp-block-paragraph\">Las tareas operativas demandar\u00e1n la clausura selectiva de distintas arterias vinculadas al distribuidor. Sobre avenida 532 se encontrar\u00e1 inhabilitado el carril r\u00e1pido con sentido hacia calle 13, mientras que sobre avenida 7 permanecer\u00e1 bloqueado el carril lento en direcci\u00f3n hacia la avenida 520, lo que afectar\u00e1 directamente el flujo de salida hacia la zona norte del Gran La Plata.<\/p>\n\n\n\n<p class=\"wp-block-paragraph\">Desde el Municipio precisaron que las cuadrillas de la prestataria se abocar\u00e1n a la reparaci\u00f3n de la ca\u00f1er\u00eda da\u00f1ada y al posterior restablecimiento del servicio, manteniendo el \u00e1rea debidamente se\u00f1alizada para prevenir accidentes. Al mismo tiempo, solicitaron a los automovilistas circular con extrema precauci\u00f3n, disminuir la velocidad al aproximarse al sector y priorizar el uso de v\u00edas alternativas, tales como el Camino Centenario o la avenida 13, para descomprimir el tr\u00e1fico y eludir demoras.<\/p>\n\n\n\n<p class=\"wp-block-paragraph\">Seg\u00fan las previsiones oficiales, una vez concluidas las intervenciones sobre la infraestructura h\u00eddrica y acondicionada la calzada, el paso vehicular quedar\u00e1 totalmente normalizado a partir de las primeras horas del s\u00e1bado 5.<\/p>\n\n\n\n<figure class=\"wp-block-image size-large\"><img fetchpriority=\"high\" decoding=\"async\" width=\"1024\" height=\"576\" src=\"https:\/\/larealidaddelaplata.com.ar\/wp-content\/uploads\/2026\/09\/unnamed-1024x576.webp\" alt=\"\" class=\"wp-image-43617\" srcset=\"https:\/\/larealidaddelaplata.com.ar\/wp-content\/uploads\/2026\/09\/unnamed-1024x576.webp 1024w, https:\/\/larealidaddelaplata.com.ar\/wp-content\/uploads\/2026\/09\/unnamed-300x169.webp 300w, https:\/\/larealidaddelaplata.com.ar\/wp-content\/uploads\/2026\/09\/unnamed-768x432.webp 768w, https:\/\/larealidaddelaplata.com.ar\/wp-content\/uploads\/2026\/09\/unnamed.webp 1400w\" sizes=\"(max-width: 1024px) 100vw, 1024px\" \/><\/figure>\n","protected":false},"excerpt":{"rendered":"<p>La circulaci\u00f3n vehicular en uno de los nudos viales m\u00e1s transitados de la capital bonaerense se ver\u00e1 resentida en las pr\u00f3ximas horas. La Municipalidad de La Plata inform\u00f3 que, a ra\u00edz de la rotura de un conducto de Aguas Bonaerenses S.A. (ABSA) registrada en la rotonda de 7 y 32, el tr\u00e1nsito en la zona permanecer\u00e1 parcialmente restringido a lo largo del jueves 3 y viernes 4 de septiembre. Las&hellip;<\/p>\n","protected":false},"author":6,"featured_media":43615,"comment_status":"open","ping_status":"open","sticky":false,"template":"","format":"standard","meta":{"_acf_changed":false,"footnotes":""},"categories":[2],"tags":[],"class_list":["post-43614","post","type-post","status-publish","format-standard","has-post-thumbnail","hentry","category-provincia"],"acf":[],"aioseo_notices":[],"aioseo_head":"\n\t\t<!-- All in One SEO 5.0.1.1 - aioseo.com -->\n\t<meta name=\"description\" content=\"La circulaci\u00f3n vehicular en uno de los nudos viales m\u00e1s transitados de la capital bonaerense se ver\u00e1 resentida en las pr\u00f3ximas horas. La Municipalidad de La Plata inform\u00f3 que, a ra\u00edz de la rotura de un conducto de Aguas Bonaerenses S.A. (ABSA) registrada en la rotonda de 7 y 32, el tr\u00e1nsito en la zona\" \/>\n\t<meta name=\"robots\" content=\"max-snippet:-1, max-image-preview:large, max-video-preview:-1\" \/>\n\t<meta name=\"author\" content=\"Julian I\"\/>\n\t<link rel=\"canonical\" href=\"https:\/\/larealidaddelaplata.com.ar\/index.php\/2026\/09\/02\/alertan-por-demoras-de-transito-en-7-y-32-restringen-el-transito-por-el-arreglo-de-un-cano-de-absa\/\" \/>\n\t<meta name=\"generator\" content=\"All in One SEO (AIOSEO) 5.0.1.1\" \/>\n\t\t<script type=\"application\/ld+json\" class=\"aioseo-schema\">\n\t\t\t{\"@context\":\"https:\\\/\\\/schema.org\",\"@graph\":[{\"@type\":\"Article\",\"@id\":\"https:\\\/\\\/larealidaddelaplata.com.ar\\\/index.php\\\/2026\\\/09\\\/02\\\/alertan-por-demoras-de-transito-en-7-y-32-restringen-el-transito-por-el-arreglo-de-un-cano-de-absa\\\/#article\",\"name\":\"Alertan por demoras de tr\\u00e1nsito en 7 y 32: restringen el tr\\u00e1nsito por el arreglo de un ca\\u00f1o de ABSA | larealidaddelaplata.com.ar\",\"headline\":\"Alertan por demoras de tr\\u00e1nsito en 7 y 32: restringen el tr\\u00e1nsito por el arreglo de un ca\\u00f1o de ABSA\",\"author\":{\"@id\":\"https:\\\/\\\/larealidaddelaplata.com.ar\\\/index.php\\\/author\\\/julian_ibarrola\\\/#author\"},\"publisher\":{\"@id\":\"https:\\\/\\\/larealidaddelaplata.com.ar\\\/#organization\"},\"image\":{\"@type\":\"ImageObject\",\"url\":\"https:\\\/\\\/larealidaddelaplata.com.ar\\\/wp-content\\\/uploads\\\/2026\\\/09\\\/tareas-reparacion-7-y-32-portada.jpg\",\"width\":1400,\"height\":820},\"datePublished\":\"2026-09-02T16:35:10-03:00\",\"dateModified\":\"2026-09-02T16:39:10-03:00\",\"inLanguage\":\"es-AR\",\"mainEntityOfPage\":{\"@id\":\"https:\\\/\\\/larealidaddelaplata.com.ar\\\/index.php\\\/2026\\\/09\\\/02\\\/alertan-por-demoras-de-transito-en-7-y-32-restringen-el-transito-por-el-arreglo-de-un-cano-de-absa\\\/#webpage\"},\"isPartOf\":{\"@id\":\"https:\\\/\\\/larealidaddelaplata.com.ar\\\/index.php\\\/2026\\\/09\\\/02\\\/alertan-por-demoras-de-transito-en-7-y-32-restringen-el-transito-por-el-arreglo-de-un-cano-de-absa\\\/#webpage\"},\"articleSection\":\"Provincia\"},{\"@type\":\"BreadcrumbList\",\"@id\":\"https:\\\/\\\/larealidaddelaplata.com.ar\\\/index.php\\\/2026\\\/09\\\/02\\\/alertan-por-demoras-de-transito-en-7-y-32-restringen-el-transito-por-el-arreglo-de-un-cano-de-absa\\\/#breadcrumblist\",\"itemListElement\":[{\"@type\":\"ListItem\",\"@id\":\"https:\\\/\\\/larealidaddelaplata.com.ar#listItem\",\"position\":1,\"name\":\"Home\",\"item\":\"https:\\\/\\\/larealidaddelaplata.com.ar\",\"nextItem\":{\"@type\":\"ListItem\",\"@id\":\"https:\\\/\\\/larealidaddelaplata.com.ar\\\/index.php\\\/category\\\/provincia\\\/#listItem\",\"name\":\"Provincia\"}},{\"@type\":\"ListItem\",\"@id\":\"https:\\\/\\\/larealidaddelaplata.com.ar\\\/index.php\\\/category\\\/provincia\\\/#listItem\",\"position\":2,\"name\":\"Provincia\",\"item\":\"https:\\\/\\\/larealidaddelaplata.com.ar\\\/index.php\\\/category\\\/provincia\\\/\",\"nextItem\":{\"@type\":\"ListItem\",\"@id\":\"https:\\\/\\\/larealidaddelaplata.com.ar\\\/index.php\\\/2026\\\/09\\\/02\\\/alertan-por-demoras-de-transito-en-7-y-32-restringen-el-transito-por-el-arreglo-de-un-cano-de-absa\\\/#listItem\",\"name\":\"Alertan por demoras de tr\\u00e1nsito en 7 y 32: restringen el tr\\u00e1nsito por el arreglo de un ca\\u00f1o de ABSA\"},\"previousItem\":{\"@type\":\"ListItem\",\"@id\":\"https:\\\/\\\/larealidaddelaplata.com.ar#listItem\",\"name\":\"Home\"}},{\"@type\":\"ListItem\",\"@id\":\"https:\\\/\\\/larealidaddelaplata.com.ar\\\/index.php\\\/2026\\\/09\\\/02\\\/alertan-por-demoras-de-transito-en-7-y-32-restringen-el-transito-por-el-arreglo-de-un-cano-de-absa\\\/#listItem\",\"position\":3,\"name\":\"Alertan por demoras de tr\\u00e1nsito en 7 y 32: restringen el tr\\u00e1nsito por el arreglo de un ca\\u00f1o de ABSA\",\"previousItem\":{\"@type\":\"ListItem\",\"@id\":\"https:\\\/\\\/larealidaddelaplata.com.ar\\\/index.php\\\/category\\\/provincia\\\/#listItem\",\"name\":\"Provincia\"}}]},{\"@type\":\"Organization\",\"@id\":\"https:\\\/\\\/larealidaddelaplata.com.ar\\\/#organization\",\"name\":\"La Realidad de La Plata\",\"description\":\"Tu portal de noticias sobre la realidad la Provincia de Buenos Aires y La Plata\",\"url\":\"https:\\\/\\\/larealidaddelaplata.com.ar\\\/\",\"logo\":{\"@type\":\"ImageObject\",\"url\":\"https:\\\/\\\/larealidaddelaplata.com.ar\\\/wp-content\\\/uploads\\\/2021\\\/01\\\/cropped-Diseno-sin-titulo-1-1.png\",\"@id\":\"https:\\\/\\\/larealidaddelaplata.com.ar\\\/index.php\\\/2026\\\/09\\\/02\\\/alertan-por-demoras-de-transito-en-7-y-32-restringen-el-transito-por-el-arreglo-de-un-cano-de-absa\\\/#organizationLogo\",\"width\":1920,\"height\":355},\"image\":{\"@id\":\"https:\\\/\\\/larealidaddelaplata.com.ar\\\/index.php\\\/2026\\\/09\\\/02\\\/alertan-por-demoras-de-transito-en-7-y-32-restringen-el-transito-por-el-arreglo-de-un-cano-de-absa\\\/#organizationLogo\"}},{\"@type\":\"Person\",\"@id\":\"https:\\\/\\\/larealidaddelaplata.com.ar\\\/index.php\\\/author\\\/julian_ibarrola\\\/#author\",\"url\":\"https:\\\/\\\/larealidaddelaplata.com.ar\\\/index.php\\\/author\\\/julian_ibarrola\\\/\",\"name\":\"Julian I\",\"image\":{\"@type\":\"ImageObject\",\"@id\":\"https:\\\/\\\/larealidaddelaplata.com.ar\\\/index.php\\\/2026\\\/09\\\/02\\\/alertan-por-demoras-de-transito-en-7-y-32-restringen-el-transito-por-el-arreglo-de-un-cano-de-absa\\\/#authorImage\",\"url\":\"https:\\\/\\\/secure.gravatar.com\\\/avatar\\\/7771209082b3e5bb400c4977362cbab150b08c7199fffcd6a227c0b2fbe17c9c?s=96&d=mm&r=g\",\"width\":96,\"height\":96,\"caption\":\"Julian I\"}},{\"@type\":\"WebPage\",\"@id\":\"https:\\\/\\\/larealidaddelaplata.com.ar\\\/index.php\\\/2026\\\/09\\\/02\\\/alertan-por-demoras-de-transito-en-7-y-32-restringen-el-transito-por-el-arreglo-de-un-cano-de-absa\\\/#webpage\",\"url\":\"https:\\\/\\\/larealidaddelaplata.com.ar\\\/index.php\\\/2026\\\/09\\\/02\\\/alertan-por-demoras-de-transito-en-7-y-32-restringen-el-transito-por-el-arreglo-de-un-cano-de-absa\\\/\",\"name\":\"Alertan por demoras de tr\\u00e1nsito en 7 y 32: restringen el tr\\u00e1nsito por el arreglo de un ca\\u00f1o de ABSA | larealidaddelaplata.com.ar\",\"description\":\"La circulaci\\u00f3n vehicular en uno de los nudos viales m\\u00e1s transitados de la capital bonaerense se ver\\u00e1 resentida en las pr\\u00f3ximas horas. La Municipalidad de La Plata inform\\u00f3 que, a ra\\u00edz de la rotura de un conducto de Aguas Bonaerenses S.A. (ABSA) registrada en la rotonda de 7 y 32, el tr\\u00e1nsito en la zona\",\"inLanguage\":\"es-AR\",\"isPartOf\":{\"@id\":\"https:\\\/\\\/larealidaddelaplata.com.ar\\\/#website\"},\"breadcrumb\":{\"@id\":\"https:\\\/\\\/larealidaddelaplata.com.ar\\\/index.php\\\/2026\\\/09\\\/02\\\/alertan-por-demoras-de-transito-en-7-y-32-restringen-el-transito-por-el-arreglo-de-un-cano-de-absa\\\/#breadcrumblist\"},\"author\":{\"@id\":\"https:\\\/\\\/larealidaddelaplata.com.ar\\\/index.php\\\/author\\\/julian_ibarrola\\\/#author\"},\"creator\":{\"@id\":\"https:\\\/\\\/larealidaddelaplata.com.ar\\\/index.php\\\/author\\\/julian_ibarrola\\\/#author\"},\"image\":{\"@type\":\"ImageObject\",\"url\":\"https:\\\/\\\/larealidaddelaplata.com.ar\\\/wp-content\\\/uploads\\\/2026\\\/09\\\/tareas-reparacion-7-y-32-portada.jpg\",\"@id\":\"https:\\\/\\\/larealidaddelaplata.com.ar\\\/index.php\\\/2026\\\/09\\\/02\\\/alertan-por-demoras-de-transito-en-7-y-32-restringen-el-transito-por-el-arreglo-de-un-cano-de-absa\\\/#mainImage\",\"width\":1400,\"height\":820},\"primaryImageOfPage\":{\"@id\":\"https:\\\/\\\/larealidaddelaplata.com.ar\\\/index.php\\\/2026\\\/09\\\/02\\\/alertan-por-demoras-de-transito-en-7-y-32-restringen-el-transito-por-el-arreglo-de-un-cano-de-absa\\\/#mainImage\"},\"datePublished\":\"2026-09-02T16:35:10-03:00\",\"dateModified\":\"2026-09-02T16:39:10-03:00\"},{\"@type\":\"WebSite\",\"@id\":\"https:\\\/\\\/larealidaddelaplata.com.ar\\\/#website\",\"url\":\"https:\\\/\\\/larealidaddelaplata.com.ar\\\/\",\"name\":\"La Realidad de La Plata\",\"description\":\"Tu portal de noticias sobre la realidad la Provincia de Buenos Aires y La Plata\",\"inLanguage\":\"es-AR\",\"publisher\":{\"@id\":\"https:\\\/\\\/larealidaddelaplata.com.ar\\\/#organization\"}}]}\n\t\t<\/script>\n\t\t<!-- All in One SEO -->\n\n","aioseo_head_json":{"title":"Alertan por demoras de tr\u00e1nsito en 7 y 32: restringen el tr\u00e1nsito por el arreglo de un ca\u00f1o de ABSA | larealidaddelaplata.com.ar","description":"La circulaci\u00f3n vehicular en uno de los nudos viales m\u00e1s transitados de la capital bonaerense se ver\u00e1 resentida en las pr\u00f3ximas horas. La Municipalidad de La Plata inform\u00f3 que, a ra\u00edz de la rotura de un conducto de Aguas Bonaerenses S.A. (ABSA) registrada en la rotonda de 7 y 32, el tr\u00e1nsito en la zona","canonical_url":"https:\/\/larealidaddelaplata.com.ar\/index.php\/2026\/09\/02\/alertan-por-demoras-de-transito-en-7-y-32-restringen-el-transito-por-el-arreglo-de-un-cano-de-absa\/","robots":"max-snippet:-1, max-image-preview:large, max-video-preview:-1","keywords":"","webmasterTools":{"miscellaneous":""},"schema":{"@context":"https:\/\/schema.org","@graph":[{"@type":"Article","@id":"https:\/\/larealidaddelaplata.com.ar\/index.php\/2026\/09\/02\/alertan-por-demoras-de-transito-en-7-y-32-restringen-el-transito-por-el-arreglo-de-un-cano-de-absa\/#article","name":"Alertan por demoras de tr\u00e1nsito en 7 y 32: restringen el tr\u00e1nsito por el arreglo de un ca\u00f1o de ABSA | larealidaddelaplata.com.ar","headline":"Alertan por demoras de tr\u00e1nsito en 7 y 32: restringen el tr\u00e1nsito por el arreglo de un ca\u00f1o de ABSA","author":{"@id":"https:\/\/larealidaddelaplata.com.ar\/index.php\/author\/julian_ibarrola\/#author"},"publisher":{"@id":"https:\/\/larealidaddelaplata.com.ar\/#organization"},"image":{"@type":"ImageObject","url":"https:\/\/larealidaddelaplata.com.ar\/wp-content\/uploads\/2026\/09\/tareas-reparacion-7-y-32-portada.jpg","width":1400,"height":820},"datePublished":"2026-09-02T16:35:10-03:00","dateModified":"2026-09-02T16:39:10-03:00","inLanguage":"es-AR","mainEntityOfPage":{"@id":"https:\/\/larealidaddelaplata.com.ar\/index.php\/2026\/09\/02\/alertan-por-demoras-de-transito-en-7-y-32-restringen-el-transito-por-el-arreglo-de-un-cano-de-absa\/#webpage"},"isPartOf":{"@id":"https:\/\/larealidaddelaplata.com.ar\/index.php\/2026\/09\/02\/alertan-por-demoras-de-transito-en-7-y-32-restringen-el-transito-por-el-arreglo-de-un-cano-de-absa\/#webpage"},"articleSection":"Provincia"},{"@type":"BreadcrumbList","@id":"https:\/\/larealidaddelaplata.com.ar\/index.php\/2026\/09\/02\/alertan-por-demoras-de-transito-en-7-y-32-restringen-el-transito-por-el-arreglo-de-un-cano-de-absa\/#breadcrumblist","itemListElement":[{"@type":"ListItem","@id":"https:\/\/larealidaddelaplata.com.ar#listItem","position":1,"name":"Home","item":"https:\/\/larealidaddelaplata.com.ar","nextItem":{"@type":"ListItem","@id":"https:\/\/larealidaddelaplata.com.ar\/index.php\/category\/provincia\/#listItem","name":"Provincia"}},{"@type":"ListItem","@id":"https:\/\/larealidaddelaplata.com.ar\/index.php\/category\/provincia\/#listItem","position":2,"name":"Provincia","item":"https:\/\/larealidaddelaplata.com.ar\/index.php\/category\/provincia\/","nextItem":{"@type":"ListItem","@id":"https:\/\/larealidaddelaplata.com.ar\/index.php\/2026\/09\/02\/alertan-por-demoras-de-transito-en-7-y-32-restringen-el-transito-por-el-arreglo-de-un-cano-de-absa\/#listItem","name":"Alertan por demoras de tr\u00e1nsito en 7 y 32: restringen el tr\u00e1nsito por el arreglo de un ca\u00f1o de ABSA"},"previousItem":{"@type":"ListItem","@id":"https:\/\/larealidaddelaplata.com.ar#listItem","name":"Home"}},{"@type":"ListItem","@id":"https:\/\/larealidaddelaplata.com.ar\/index.php\/2026\/09\/02\/alertan-por-demoras-de-transito-en-7-y-32-restringen-el-transito-por-el-arreglo-de-un-cano-de-absa\/#listItem","position":3,"name":"Alertan por demoras de tr\u00e1nsito en 7 y 32: restringen el tr\u00e1nsito por el arreglo de un ca\u00f1o de ABSA","previousItem":{"@type":"ListItem","@id":"https:\/\/larealidaddelaplata.com.ar\/index.php\/category\/provincia\/#listItem","name":"Provincia"}}]},{"@type":"Organization","@id":"https:\/\/larealidaddelaplata.com.ar\/#organization","name":"La Realidad de La Plata","description":"Tu portal de noticias sobre la realidad la Provincia de Buenos Aires y La Plata","url":"https:\/\/larealidaddelaplata.com.ar\/","logo":{"@type":"ImageObject","url":"https:\/\/larealidaddelaplata.com.ar\/wp-content\/uploads\/2021\/01\/cropped-Diseno-sin-titulo-1-1.png","@id":"https:\/\/larealidaddelaplata.com.ar\/index.php\/2026\/09\/02\/alertan-por-demoras-de-transito-en-7-y-32-restringen-el-transito-por-el-arreglo-de-un-cano-de-absa\/#organizationLogo","width":1920,"height":355},"image":{"@id":"https:\/\/larealidaddelaplata.com.ar\/index.php\/2026\/09\/02\/alertan-por-demoras-de-transito-en-7-y-32-restringen-el-transito-por-el-arreglo-de-un-cano-de-absa\/#organizationLogo"}},{"@type":"Person","@id":"https:\/\/larealidaddelaplata.com.ar\/index.php\/author\/julian_ibarrola\/#author","url":"https:\/\/larealidaddelaplata.com.ar\/index.php\/author\/julian_ibarrola\/","name":"Julian I","image":{"@type":"ImageObject","@id":"https:\/\/larealidaddelaplata.com.ar\/index.php\/2026\/09\/02\/alertan-por-demoras-de-transito-en-7-y-32-restringen-el-transito-por-el-arreglo-de-un-cano-de-absa\/#authorImage","url":"https:\/\/secure.gravatar.com\/avatar\/7771209082b3e5bb400c4977362cbab150b08c7199fffcd6a227c0b2fbe17c9c?s=96&d=mm&r=g","width":96,"height":96,"caption":"Julian I"}},{"@type":"WebPage","@id":"https:\/\/larealidaddelaplata.com.ar\/index.php\/2026\/09\/02\/alertan-por-demoras-de-transito-en-7-y-32-restringen-el-transito-por-el-arreglo-de-un-cano-de-absa\/#webpage","url":"https:\/\/larealidaddelaplata.com.ar\/index.php\/2026\/09\/02\/alertan-por-demoras-de-transito-en-7-y-32-restringen-el-transito-por-el-arreglo-de-un-cano-de-absa\/","name":"Alertan por demoras de tr\u00e1nsito en 7 y 32: restringen el tr\u00e1nsito por el arreglo de un ca\u00f1o de ABSA | larealidaddelaplata.com.ar","description":"La circulaci\u00f3n vehicular en uno de los nudos viales m\u00e1s transitados de la capital bonaerense se ver\u00e1 resentida en las pr\u00f3ximas horas. La Municipalidad de La Plata inform\u00f3 que, a ra\u00edz de la rotura de un conducto de Aguas Bonaerenses S.A. (ABSA) registrada en la rotonda de 7 y 32, el tr\u00e1nsito en la zona","inLanguage":"es-AR","isPartOf":{"@id":"https:\/\/larealidaddelaplata.com.ar\/#website"},"breadcrumb":{"@id":"https:\/\/larealidaddelaplata.com.ar\/index.php\/2026\/09\/02\/alertan-por-demoras-de-transito-en-7-y-32-restringen-el-transito-por-el-arreglo-de-un-cano-de-absa\/#breadcrumblist"},"author":{"@id":"https:\/\/larealidaddelaplata.com.ar\/index.php\/author\/julian_ibarrola\/#author"},"creator":{"@id":"https:\/\/larealidaddelaplata.com.ar\/index.php\/author\/julian_ibarrola\/#author"},"image":{"@type":"ImageObject","url":"https:\/\/larealidaddelaplata.com.ar\/wp-content\/uploads\/2026\/09\/tareas-reparacion-7-y-32-portada.jpg","@id":"https:\/\/larealidaddelaplata.com.ar\/index.php\/2026\/09\/02\/alertan-por-demoras-de-transito-en-7-y-32-restringen-el-transito-por-el-arreglo-de-un-cano-de-absa\/#mainImage","width":1400,"height":820},"primaryImageOfPage":{"@id":"https:\/\/larealidaddelaplata.com.ar\/index.php\/2026\/09\/02\/alertan-por-demoras-de-transito-en-7-y-32-restringen-el-transito-por-el-arreglo-de-un-cano-de-absa\/#mainImage"},"datePublished":"2026-09-02T16:35:10-03:00","dateModified":"2026-09-02T16:39:10-03:00"},{"@type":"WebSite","@id":"https:\/\/larealidaddelaplata.com.ar\/#website","url":"https:\/\/larealidaddelaplata.com.ar\/","name":"La Realidad de La Plata","description":"Tu portal de noticias sobre la realidad la Provincia de Buenos Aires y La Plata","inLanguage":"es-AR","publisher":{"@id":"https:\/\/larealidaddelaplata.com.ar\/#organization"}}]}},"aioseo_meta_data":{"post_id":"43614","title":null,"description":null,"keywords":null,"keyphrases":{"focus":{"keyphrase":"","score":0,"analysis":{"keyphraseInTitle":{"score":0,"maxScore":9,"error":1}}},"additional":[]},"primary_term":null,"canonical_url":null,"og_title":null,"og_description":null,"og_object_type":"default","og_image_type":"default","og_image_url":null,"og_image_width":null,"og_image_height":null,"og_image_custom_url":null,"og_image_custom_fields":null,"og_video":"","og_custom_url":null,"og_article_section":null,"og_article_tags":null,"twitter_use_og":false,"twitter_card":"default","twitter_image_type":"default","twitter_image_url":null,"twitter_image_custom_url":null,"twitter_image_custom_fields":null,"twitter_title":null,"twitter_description":null,"schema":{"blockGraphs":[],"customGraphs":[],"default":{"data":{"Article":[],"Course":[],"Dataset":[],"FAQPage":[],"Movie":[],"Person":[],"Product":[],"ProductReview":[],"Car":[],"Recipe":[],"Service":[],"SoftwareApplication":[],"WebPage":[]},"graphName":"Article","isEnabled":true},"graphs":[]},"schema_type":"default","schema_type_options":null,"pillar_content":false,"robots_default":true,"robots_noindex":false,"robots_noarchive":false,"robots_nosnippet":false,"robots_nofollow":false,"robots_noimageindex":false,"robots_noodp":false,"robots_notranslate":false,"robots_max_snippet":"-1","robots_max_videopreview":"-1","robots_max_imagepreview":"large","priority":null,"frequency":"default","location":null,"local_seo":null,"breadcrumb_settings":null,"limit_modified_date":false,"ai":{"faqs":[],"keyPoints":[],"schemas":[],"titles":[],"descriptions":[],"socialPosts":{"email":{"subject":"","preview":"","content":""},"linkedin":[],"twitter":[],"facebook":[],"instagram":[]}},"created":"2026-09-02 19:34:17","updated":"2026-09-02 19:39:11","seo_analyzer_scan_date":null,"focus_keyword":null,"additional_keywords":null,"truseo_locale":null},"_links":{"self":[{"href":"https:\/\/larealidaddelaplata.com.ar\/index.php\/wp-json\/wp\/v2\/posts\/43614","targetHints":{"allow":["GET"]}}],"collection":[{"href":"https:\/\/larealidaddelaplata.com.ar\/index.php\/wp-json\/wp\/v2\/posts"}],"about":[{"href":"https:\/\/larealidaddelaplata.com.ar\/index.php\/wp-json\/wp\/v2\/types\/post"}],"author":[{"embeddable":true,"href":"https:\/\/larealidaddelaplata.com.ar\/index.php\/wp-json\/wp\/v2\/users\/6"}],"replies":[{"embeddable":true,"href":"https:\/\/larealidaddelaplata.com.ar\/index.php\/wp-json\/wp\/v2\/comments?post=43614"}],"version-history":[{"count":3,"href":"https:\/\/larealidaddelaplata.com.ar\/index.php\/wp-json\/wp\/v2\/posts\/43614\/revisions"}],"predecessor-version":[{"id":43619,"href":"https:\/\/larealidaddelaplata.com.ar\/index.php\/wp-json\/wp\/v2\/posts\/43614\/revisions\/43619"}],"wp:featuredmedia":[{"embeddable":true,"href":"https:\/\/larealidaddelaplata.com.ar\/index.php\/wp-json\/wp\/v2\/media\/43615"}],"wp:attachment":[{"href":"https:\/\/larealidaddelaplata.com.ar\/index.php\/wp-json\/wp\/v2\/media?parent=43614"}],"wp:term":[{"taxonomy":"category","embeddable":true,"href":"https:\/\/larealidaddelaplata.com.ar\/index.php\/wp-json\/wp\/v2\/categories?post=43614"},{"taxonomy":"post_tag","embeddable":true,"href":"https:\/\/larealidaddelaplata.com.ar\/index.php\/wp-json\/wp\/v2\/tags?post=43614"}],"curies":[{"name":"wp","href":"https:\/\/api.w.org\/{rel}","templated":true}]}}