{"id":43621,"date":"2026-09-03T15:26:00","date_gmt":"2026-09-03T18:26:00","guid":{"rendered":"https:\/\/larealidaddelaplata.com.ar\/?p=43621"},"modified":"2026-09-03T15:26:02","modified_gmt":"2026-09-03T18:26:02","slug":"falla-la-sube-y-complica-a-los-pasajeros-en-la-plata-no-se-pueden-acreditar-recargas-desde-el-celular","status":"publish","type":"post","link":"https:\/\/larealidaddelaplata.com.ar\/index.php\/2026\/09\/03\/falla-la-sube-y-complica-a-los-pasajeros-en-la-plata-no-se-pueden-acreditar-recargas-desde-el-celular\/","title":{"rendered":"Falla la SUBE \u00a0y complica a los pasajeros en la plata: no se pueden acreditar recargas desde el celular"},"content":{"rendered":"\n<p class=\"wp-block-paragraph\">Usuarios de la tarjeta <strong>SUBE<\/strong> en La Plata comenzaron a reportar inconvenientes para acreditar desde el celular las recargas realizadas previamente. La falla afecta a quienes utilizan tel\u00e9fonos con tecnolog\u00eda <strong>NFC<\/strong>, que permite transferir el saldo a la tarjeta acerc\u00e1ndola al dispositivo.<\/p>\n\n\n\n<p class=\"wp-block-paragraph\">El problema se registra desde hace dos d\u00edas y dificulta el uso habitual del sistema para quienes cargan dinero desde la aplicaci\u00f3n. Si bien la operaci\u00f3n de recarga puede realizarse, el saldo no llega a incorporarse a la tarjeta cuando se intenta acreditarlo desde el tel\u00e9fono.<\/p>\n\n\n\n<p class=\"wp-block-paragraph\">Ante esta situaci\u00f3n, los pasajeros deben buscar una <strong>Terminal Autom\u00e1tica SUBE<\/strong> para completar el proceso y disponer del dinero cargado.<\/p>\n\n\n\n<h2 class=\"wp-block-heading\">Qu\u00e9 pasa con las recargas de SUBE<\/h2>\n\n\n\n<p class=\"wp-block-paragraph\">La tecnolog\u00eda NFC permite que determinados celulares se comuniquen de manera inal\u00e1mbrica con la tarjeta SUBE a corta distancia. De esta forma, el usuario puede realizar una carga y luego acreditarla sin necesidad de acercarse a una terminal.<\/p>\n\n\n\n<p class=\"wp-block-paragraph\">Sin embargo, la falla registrada en las \u00faltimas horas impide completar ese \u00faltimo paso. El saldo queda pendiente de acreditaci\u00f3n y no aparece disponible para utilizar en el transporte p\u00fablico.<\/p>\n\n\n\n<p class=\"wp-block-paragraph\">La situaci\u00f3n genera complicaciones especialmente para quienes dependen de la carga realizada desde el tel\u00e9fono y no tienen una terminal autom\u00e1tica cerca.<\/p>\n\n\n\n<h2 class=\"wp-block-heading\">SUBE reconoci\u00f3 el inconveniente<\/h2>\n\n\n\n<p class=\"wp-block-paragraph\">Desde las cuentas oficiales del sistema <strong>SUBE<\/strong> reconocieron que se est\u00e1n registrando inconvenientes en el servicio.<\/p>\n\n\n\n<p class=\"wp-block-paragraph\">Hasta el momento, no se inform\u00f3 una soluci\u00f3n definitiva ni un horario concreto para la normalizaci\u00f3n del sistema.<\/p>\n\n\n\n<p class=\"wp-block-paragraph\">Mientras persista la falla, quienes tengan una recarga pendiente deber\u00e1n recurrir a una <strong>Terminal Autom\u00e1tica SUBE<\/strong> para acreditar el saldo en la tarjeta.<\/p>\n","protected":false},"excerpt":{"rendered":"<p>Usuarios de la tarjeta SUBE en La Plata comenzaron a reportar inconvenientes para acreditar desde el celular las recargas realizadas previamente. La falla afecta a quienes utilizan tel\u00e9fonos con tecnolog\u00eda NFC, que permite transferir el saldo a la tarjeta acerc\u00e1ndola al dispositivo. El problema se registra desde hace dos d\u00edas y dificulta el uso habitual del sistema para quienes cargan dinero desde la aplicaci\u00f3n. Si bien la operaci\u00f3n de recarga&hellip;<\/p>\n","protected":false},"author":3,"featured_media":4918,"comment_status":"open","ping_status":"open","sticky":false,"template":"","format":"standard","meta":{"_acf_changed":false,"footnotes":""},"categories":[2],"tags":[],"class_list":["post-43621","post","type-post","status-publish","format-standard","has-post-thumbnail","hentry","category-provincia"],"acf":[],"aioseo_notices":[],"aioseo_head":"\n\t\t<!-- All in One SEO 5.0.1.1 - aioseo.com -->\n\t<meta name=\"description\" content=\"Usuarios de la tarjeta SUBE en La Plata comenzaron a reportar inconvenientes para acreditar desde el celular las recargas realizadas previamente. La falla afecta a quienes utilizan tel\u00e9fonos con tecnolog\u00eda NFC, que permite transferir el saldo a la tarjeta acerc\u00e1ndola al dispositivo. El problema se registra desde hace dos d\u00edas y dificulta el uso habitual\" \/>\n\t<meta name=\"robots\" content=\"max-snippet:-1, max-image-preview:large, max-video-preview:-1\" \/>\n\t<meta name=\"author\" content=\"Riso\"\/>\n\t<link rel=\"canonical\" href=\"https:\/\/larealidaddelaplata.com.ar\/index.php\/2026\/09\/03\/falla-la-sube-y-complica-a-los-pasajeros-en-la-plata-no-se-pueden-acreditar-recargas-desde-el-celular\/\" \/>\n\t<meta name=\"generator\" content=\"All in One SEO (AIOSEO) 5.0.1.1\" \/>\n\t\t<script type=\"application\/ld+json\" class=\"aioseo-schema\">\n\t\t\t{\"@context\":\"https:\\\/\\\/schema.org\",\"@graph\":[{\"@type\":\"Article\",\"@id\":\"https:\\\/\\\/larealidaddelaplata.com.ar\\\/index.php\\\/2026\\\/09\\\/03\\\/falla-la-sube-y-complica-a-los-pasajeros-en-la-plata-no-se-pueden-acreditar-recargas-desde-el-celular\\\/#article\",\"name\":\"Falla la SUBE y complica a los pasajeros en la plata: no se pueden acreditar recargas desde el celular | larealidaddelaplata.com.ar\",\"headline\":\"Falla la SUBE \\u00a0y complica a los pasajeros en la plata: no se pueden acreditar recargas desde el celular\",\"author\":{\"@id\":\"https:\\\/\\\/larealidaddelaplata.com.ar\\\/index.php\\\/author\\\/riso\\\/#author\"},\"publisher\":{\"@id\":\"https:\\\/\\\/larealidaddelaplata.com.ar\\\/#organization\"},\"image\":{\"@type\":\"ImageObject\",\"url\":\"https:\\\/\\\/larealidaddelaplata.com.ar\\\/wp-content\\\/uploads\\\/2020\\\/12\\\/thumb-grande1570047681-Infoltica-Tren-Roca-Se-encuentra-en-las-etapas-finales-la-construccin-de-la-subestacin-Quilmes-e1608649094676.jpg\",\"width\":800,\"height\":535},\"datePublished\":\"2026-09-03T15:26:00-03:00\",\"dateModified\":\"2026-09-03T15:26:02-03:00\",\"inLanguage\":\"es-AR\",\"mainEntityOfPage\":{\"@id\":\"https:\\\/\\\/larealidaddelaplata.com.ar\\\/index.php\\\/2026\\\/09\\\/03\\\/falla-la-sube-y-complica-a-los-pasajeros-en-la-plata-no-se-pueden-acreditar-recargas-desde-el-celular\\\/#webpage\"},\"isPartOf\":{\"@id\":\"https:\\\/\\\/larealidaddelaplata.com.ar\\\/index.php\\\/2026\\\/09\\\/03\\\/falla-la-sube-y-complica-a-los-pasajeros-en-la-plata-no-se-pueden-acreditar-recargas-desde-el-celular\\\/#webpage\"},\"articleSection\":\"Provincia\"},{\"@type\":\"BreadcrumbList\",\"@id\":\"https:\\\/\\\/larealidaddelaplata.com.ar\\\/index.php\\\/2026\\\/09\\\/03\\\/falla-la-sube-y-complica-a-los-pasajeros-en-la-plata-no-se-pueden-acreditar-recargas-desde-el-celular\\\/#breadcrumblist\",\"itemListElement\":[{\"@type\":\"ListItem\",\"@id\":\"https:\\\/\\\/larealidaddelaplata.com.ar#listItem\",\"position\":1,\"name\":\"Home\",\"item\":\"https:\\\/\\\/larealidaddelaplata.com.ar\",\"nextItem\":{\"@type\":\"ListItem\",\"@id\":\"https:\\\/\\\/larealidaddelaplata.com.ar\\\/index.php\\\/category\\\/provincia\\\/#listItem\",\"name\":\"Provincia\"}},{\"@type\":\"ListItem\",\"@id\":\"https:\\\/\\\/larealidaddelaplata.com.ar\\\/index.php\\\/category\\\/provincia\\\/#listItem\",\"position\":2,\"name\":\"Provincia\",\"item\":\"https:\\\/\\\/larealidaddelaplata.com.ar\\\/index.php\\\/category\\\/provincia\\\/\",\"nextItem\":{\"@type\":\"ListItem\",\"@id\":\"https:\\\/\\\/larealidaddelaplata.com.ar\\\/index.php\\\/2026\\\/09\\\/03\\\/falla-la-sube-y-complica-a-los-pasajeros-en-la-plata-no-se-pueden-acreditar-recargas-desde-el-celular\\\/#listItem\",\"name\":\"Falla la SUBE \\u00a0y complica a los pasajeros en la plata: no se pueden acreditar recargas desde el celular\"},\"previousItem\":{\"@type\":\"ListItem\",\"@id\":\"https:\\\/\\\/larealidaddelaplata.com.ar#listItem\",\"name\":\"Home\"}},{\"@type\":\"ListItem\",\"@id\":\"https:\\\/\\\/larealidaddelaplata.com.ar\\\/index.php\\\/2026\\\/09\\\/03\\\/falla-la-sube-y-complica-a-los-pasajeros-en-la-plata-no-se-pueden-acreditar-recargas-desde-el-celular\\\/#listItem\",\"position\":3,\"name\":\"Falla la SUBE \\u00a0y complica a los pasajeros en la plata: no se pueden acreditar recargas desde el celular\",\"previousItem\":{\"@type\":\"ListItem\",\"@id\":\"https:\\\/\\\/larealidaddelaplata.com.ar\\\/index.php\\\/category\\\/provincia\\\/#listItem\",\"name\":\"Provincia\"}}]},{\"@type\":\"Organization\",\"@id\":\"https:\\\/\\\/larealidaddelaplata.com.ar\\\/#organization\",\"name\":\"La Realidad de La Plata\",\"description\":\"Tu portal de noticias sobre la realidad la Provincia de Buenos Aires y La Plata\",\"url\":\"https:\\\/\\\/larealidaddelaplata.com.ar\\\/\",\"logo\":{\"@type\":\"ImageObject\",\"url\":\"https:\\\/\\\/larealidaddelaplata.com.ar\\\/wp-content\\\/uploads\\\/2021\\\/01\\\/cropped-Diseno-sin-titulo-1-1.png\",\"@id\":\"https:\\\/\\\/larealidaddelaplata.com.ar\\\/index.php\\\/2026\\\/09\\\/03\\\/falla-la-sube-y-complica-a-los-pasajeros-en-la-plata-no-se-pueden-acreditar-recargas-desde-el-celular\\\/#organizationLogo\",\"width\":1920,\"height\":355},\"image\":{\"@id\":\"https:\\\/\\\/larealidaddelaplata.com.ar\\\/index.php\\\/2026\\\/09\\\/03\\\/falla-la-sube-y-complica-a-los-pasajeros-en-la-plata-no-se-pueden-acreditar-recargas-desde-el-celular\\\/#organizationLogo\"}},{\"@type\":\"Person\",\"@id\":\"https:\\\/\\\/larealidaddelaplata.com.ar\\\/index.php\\\/author\\\/riso\\\/#author\",\"url\":\"https:\\\/\\\/larealidaddelaplata.com.ar\\\/index.php\\\/author\\\/riso\\\/\",\"name\":\"Riso\",\"image\":{\"@type\":\"ImageObject\",\"@id\":\"https:\\\/\\\/larealidaddelaplata.com.ar\\\/index.php\\\/2026\\\/09\\\/03\\\/falla-la-sube-y-complica-a-los-pasajeros-en-la-plata-no-se-pueden-acreditar-recargas-desde-el-celular\\\/#authorImage\",\"url\":\"https:\\\/\\\/secure.gravatar.com\\\/avatar\\\/b8a29b1cb80c18109fbc4f4f76150b29d5a28fa492bc41c870351ccfbbabbeef?s=96&d=mm&r=g\",\"width\":96,\"height\":96,\"caption\":\"Riso\"}},{\"@type\":\"WebPage\",\"@id\":\"https:\\\/\\\/larealidaddelaplata.com.ar\\\/index.php\\\/2026\\\/09\\\/03\\\/falla-la-sube-y-complica-a-los-pasajeros-en-la-plata-no-se-pueden-acreditar-recargas-desde-el-celular\\\/#webpage\",\"url\":\"https:\\\/\\\/larealidaddelaplata.com.ar\\\/index.php\\\/2026\\\/09\\\/03\\\/falla-la-sube-y-complica-a-los-pasajeros-en-la-plata-no-se-pueden-acreditar-recargas-desde-el-celular\\\/\",\"name\":\"Falla la SUBE y complica a los pasajeros en la plata: no se pueden acreditar recargas desde el celular | larealidaddelaplata.com.ar\",\"description\":\"Usuarios de la tarjeta SUBE en La Plata comenzaron a reportar inconvenientes para acreditar desde el celular las recargas realizadas previamente. La falla afecta a quienes utilizan tel\\u00e9fonos con tecnolog\\u00eda NFC, que permite transferir el saldo a la tarjeta acerc\\u00e1ndola al dispositivo. El problema se registra desde hace dos d\\u00edas y dificulta el uso habitual\",\"inLanguage\":\"es-AR\",\"isPartOf\":{\"@id\":\"https:\\\/\\\/larealidaddelaplata.com.ar\\\/#website\"},\"breadcrumb\":{\"@id\":\"https:\\\/\\\/larealidaddelaplata.com.ar\\\/index.php\\\/2026\\\/09\\\/03\\\/falla-la-sube-y-complica-a-los-pasajeros-en-la-plata-no-se-pueden-acreditar-recargas-desde-el-celular\\\/#breadcrumblist\"},\"author\":{\"@id\":\"https:\\\/\\\/larealidaddelaplata.com.ar\\\/index.php\\\/author\\\/riso\\\/#author\"},\"creator\":{\"@id\":\"https:\\\/\\\/larealidaddelaplata.com.ar\\\/index.php\\\/author\\\/riso\\\/#author\"},\"image\":{\"@type\":\"ImageObject\",\"url\":\"https:\\\/\\\/larealidaddelaplata.com.ar\\\/wp-content\\\/uploads\\\/2020\\\/12\\\/thumb-grande1570047681-Infoltica-Tren-Roca-Se-encuentra-en-las-etapas-finales-la-construccin-de-la-subestacin-Quilmes-e1608649094676.jpg\",\"@id\":\"https:\\\/\\\/larealidaddelaplata.com.ar\\\/index.php\\\/2026\\\/09\\\/03\\\/falla-la-sube-y-complica-a-los-pasajeros-en-la-plata-no-se-pueden-acreditar-recargas-desde-el-celular\\\/#mainImage\",\"width\":800,\"height\":535},\"primaryImageOfPage\":{\"@id\":\"https:\\\/\\\/larealidaddelaplata.com.ar\\\/index.php\\\/2026\\\/09\\\/03\\\/falla-la-sube-y-complica-a-los-pasajeros-en-la-plata-no-se-pueden-acreditar-recargas-desde-el-celular\\\/#mainImage\"},\"datePublished\":\"2026-09-03T15:26:00-03:00\",\"dateModified\":\"2026-09-03T15:26:02-03:00\"},{\"@type\":\"WebSite\",\"@id\":\"https:\\\/\\\/larealidaddelaplata.com.ar\\\/#website\",\"url\":\"https:\\\/\\\/larealidaddelaplata.com.ar\\\/\",\"name\":\"La Realidad de La Plata\",\"description\":\"Tu portal de noticias sobre la realidad la Provincia de Buenos Aires y La Plata\",\"inLanguage\":\"es-AR\",\"publisher\":{\"@id\":\"https:\\\/\\\/larealidaddelaplata.com.ar\\\/#organization\"}}]}\n\t\t<\/script>\n\t\t<!-- All in One SEO -->\n\n","aioseo_head_json":{"title":"Falla la SUBE y complica a los pasajeros en la plata: no se pueden acreditar recargas desde el celular | larealidaddelaplata.com.ar","description":"Usuarios de la tarjeta SUBE en La Plata comenzaron a reportar inconvenientes para acreditar desde el celular las recargas realizadas previamente. La falla afecta a quienes utilizan tel\u00e9fonos con tecnolog\u00eda NFC, que permite transferir el saldo a la tarjeta acerc\u00e1ndola al dispositivo. El problema se registra desde hace dos d\u00edas y dificulta el uso habitual","canonical_url":"https:\/\/larealidaddelaplata.com.ar\/index.php\/2026\/09\/03\/falla-la-sube-y-complica-a-los-pasajeros-en-la-plata-no-se-pueden-acreditar-recargas-desde-el-celular\/","robots":"max-snippet:-1, max-image-preview:large, max-video-preview:-1","keywords":"","webmasterTools":{"miscellaneous":""},"schema":{"@context":"https:\/\/schema.org","@graph":[{"@type":"Article","@id":"https:\/\/larealidaddelaplata.com.ar\/index.php\/2026\/09\/03\/falla-la-sube-y-complica-a-los-pasajeros-en-la-plata-no-se-pueden-acreditar-recargas-desde-el-celular\/#article","name":"Falla la SUBE y complica a los pasajeros en la plata: no se pueden acreditar recargas desde el celular | larealidaddelaplata.com.ar","headline":"Falla la SUBE \u00a0y complica a los pasajeros en la plata: no se pueden acreditar recargas desde el celular","author":{"@id":"https:\/\/larealidaddelaplata.com.ar\/index.php\/author\/riso\/#author"},"publisher":{"@id":"https:\/\/larealidaddelaplata.com.ar\/#organization"},"image":{"@type":"ImageObject","url":"https:\/\/larealidaddelaplata.com.ar\/wp-content\/uploads\/2020\/12\/thumb-grande1570047681-Infoltica-Tren-Roca-Se-encuentra-en-las-etapas-finales-la-construccin-de-la-subestacin-Quilmes-e1608649094676.jpg","width":800,"height":535},"datePublished":"2026-09-03T15:26:00-03:00","dateModified":"2026-09-03T15:26:02-03:00","inLanguage":"es-AR","mainEntityOfPage":{"@id":"https:\/\/larealidaddelaplata.com.ar\/index.php\/2026\/09\/03\/falla-la-sube-y-complica-a-los-pasajeros-en-la-plata-no-se-pueden-acreditar-recargas-desde-el-celular\/#webpage"},"isPartOf":{"@id":"https:\/\/larealidaddelaplata.com.ar\/index.php\/2026\/09\/03\/falla-la-sube-y-complica-a-los-pasajeros-en-la-plata-no-se-pueden-acreditar-recargas-desde-el-celular\/#webpage"},"articleSection":"Provincia"},{"@type":"BreadcrumbList","@id":"https:\/\/larealidaddelaplata.com.ar\/index.php\/2026\/09\/03\/falla-la-sube-y-complica-a-los-pasajeros-en-la-plata-no-se-pueden-acreditar-recargas-desde-el-celular\/#breadcrumblist","itemListElement":[{"@type":"ListItem","@id":"https:\/\/larealidaddelaplata.com.ar#listItem","position":1,"name":"Home","item":"https:\/\/larealidaddelaplata.com.ar","nextItem":{"@type":"ListItem","@id":"https:\/\/larealidaddelaplata.com.ar\/index.php\/category\/provincia\/#listItem","name":"Provincia"}},{"@type":"ListItem","@id":"https:\/\/larealidaddelaplata.com.ar\/index.php\/category\/provincia\/#listItem","position":2,"name":"Provincia","item":"https:\/\/larealidaddelaplata.com.ar\/index.php\/category\/provincia\/","nextItem":{"@type":"ListItem","@id":"https:\/\/larealidaddelaplata.com.ar\/index.php\/2026\/09\/03\/falla-la-sube-y-complica-a-los-pasajeros-en-la-plata-no-se-pueden-acreditar-recargas-desde-el-celular\/#listItem","name":"Falla la SUBE \u00a0y complica a los pasajeros en la plata: no se pueden acreditar recargas desde el celular"},"previousItem":{"@type":"ListItem","@id":"https:\/\/larealidaddelaplata.com.ar#listItem","name":"Home"}},{"@type":"ListItem","@id":"https:\/\/larealidaddelaplata.com.ar\/index.php\/2026\/09\/03\/falla-la-sube-y-complica-a-los-pasajeros-en-la-plata-no-se-pueden-acreditar-recargas-desde-el-celular\/#listItem","position":3,"name":"Falla la SUBE \u00a0y complica a los pasajeros en la plata: no se pueden acreditar recargas desde el celular","previousItem":{"@type":"ListItem","@id":"https:\/\/larealidaddelaplata.com.ar\/index.php\/category\/provincia\/#listItem","name":"Provincia"}}]},{"@type":"Organization","@id":"https:\/\/larealidaddelaplata.com.ar\/#organization","name":"La Realidad de La Plata","description":"Tu portal de noticias sobre la realidad la Provincia de Buenos Aires y La Plata","url":"https:\/\/larealidaddelaplata.com.ar\/","logo":{"@type":"ImageObject","url":"https:\/\/larealidaddelaplata.com.ar\/wp-content\/uploads\/2021\/01\/cropped-Diseno-sin-titulo-1-1.png","@id":"https:\/\/larealidaddelaplata.com.ar\/index.php\/2026\/09\/03\/falla-la-sube-y-complica-a-los-pasajeros-en-la-plata-no-se-pueden-acreditar-recargas-desde-el-celular\/#organizationLogo","width":1920,"height":355},"image":{"@id":"https:\/\/larealidaddelaplata.com.ar\/index.php\/2026\/09\/03\/falla-la-sube-y-complica-a-los-pasajeros-en-la-plata-no-se-pueden-acreditar-recargas-desde-el-celular\/#organizationLogo"}},{"@type":"Person","@id":"https:\/\/larealidaddelaplata.com.ar\/index.php\/author\/riso\/#author","url":"https:\/\/larealidaddelaplata.com.ar\/index.php\/author\/riso\/","name":"Riso","image":{"@type":"ImageObject","@id":"https:\/\/larealidaddelaplata.com.ar\/index.php\/2026\/09\/03\/falla-la-sube-y-complica-a-los-pasajeros-en-la-plata-no-se-pueden-acreditar-recargas-desde-el-celular\/#authorImage","url":"https:\/\/secure.gravatar.com\/avatar\/b8a29b1cb80c18109fbc4f4f76150b29d5a28fa492bc41c870351ccfbbabbeef?s=96&d=mm&r=g","width":96,"height":96,"caption":"Riso"}},{"@type":"WebPage","@id":"https:\/\/larealidaddelaplata.com.ar\/index.php\/2026\/09\/03\/falla-la-sube-y-complica-a-los-pasajeros-en-la-plata-no-se-pueden-acreditar-recargas-desde-el-celular\/#webpage","url":"https:\/\/larealidaddelaplata.com.ar\/index.php\/2026\/09\/03\/falla-la-sube-y-complica-a-los-pasajeros-en-la-plata-no-se-pueden-acreditar-recargas-desde-el-celular\/","name":"Falla la SUBE y complica a los pasajeros en la plata: no se pueden acreditar recargas desde el celular | larealidaddelaplata.com.ar","description":"Usuarios de la tarjeta SUBE en La Plata comenzaron a reportar inconvenientes para acreditar desde el celular las recargas realizadas previamente. La falla afecta a quienes utilizan tel\u00e9fonos con tecnolog\u00eda NFC, que permite transferir el saldo a la tarjeta acerc\u00e1ndola al dispositivo. El problema se registra desde hace dos d\u00edas y dificulta el uso habitual","inLanguage":"es-AR","isPartOf":{"@id":"https:\/\/larealidaddelaplata.com.ar\/#website"},"breadcrumb":{"@id":"https:\/\/larealidaddelaplata.com.ar\/index.php\/2026\/09\/03\/falla-la-sube-y-complica-a-los-pasajeros-en-la-plata-no-se-pueden-acreditar-recargas-desde-el-celular\/#breadcrumblist"},"author":{"@id":"https:\/\/larealidaddelaplata.com.ar\/index.php\/author\/riso\/#author"},"creator":{"@id":"https:\/\/larealidaddelaplata.com.ar\/index.php\/author\/riso\/#author"},"image":{"@type":"ImageObject","url":"https:\/\/larealidaddelaplata.com.ar\/wp-content\/uploads\/2020\/12\/thumb-grande1570047681-Infoltica-Tren-Roca-Se-encuentra-en-las-etapas-finales-la-construccin-de-la-subestacin-Quilmes-e1608649094676.jpg","@id":"https:\/\/larealidaddelaplata.com.ar\/index.php\/2026\/09\/03\/falla-la-sube-y-complica-a-los-pasajeros-en-la-plata-no-se-pueden-acreditar-recargas-desde-el-celular\/#mainImage","width":800,"height":535},"primaryImageOfPage":{"@id":"https:\/\/larealidaddelaplata.com.ar\/index.php\/2026\/09\/03\/falla-la-sube-y-complica-a-los-pasajeros-en-la-plata-no-se-pueden-acreditar-recargas-desde-el-celular\/#mainImage"},"datePublished":"2026-09-03T15:26:00-03:00","dateModified":"2026-09-03T15:26:02-03:00"},{"@type":"WebSite","@id":"https:\/\/larealidaddelaplata.com.ar\/#website","url":"https:\/\/larealidaddelaplata.com.ar\/","name":"La Realidad de La Plata","description":"Tu portal de noticias sobre la realidad la Provincia de Buenos Aires y La Plata","inLanguage":"es-AR","publisher":{"@id":"https:\/\/larealidaddelaplata.com.ar\/#organization"}}]}},"aioseo_meta_data":{"post_id":"43621","title":null,"description":null,"keywords":null,"keyphrases":{"focus":{"keyphrase":"","score":0,"analysis":{"keyphraseInTitle":{"score":0,"maxScore":9,"error":1}}},"additional":[]},"primary_term":null,"canonical_url":null,"og_title":null,"og_description":null,"og_object_type":"default","og_image_type":"default","og_image_url":null,"og_image_width":null,"og_image_height":null,"og_image_custom_url":null,"og_image_custom_fields":null,"og_video":"","og_custom_url":null,"og_article_section":null,"og_article_tags":null,"twitter_use_og":false,"twitter_card":"default","twitter_image_type":"default","twitter_image_url":null,"twitter_image_custom_url":null,"twitter_image_custom_fields":null,"twitter_title":null,"twitter_description":null,"schema":{"blockGraphs":[],"customGraphs":[],"default":{"data":{"Article":[],"Course":[],"Dataset":[],"FAQPage":[],"Movie":[],"Person":[],"Product":[],"ProductReview":[],"Car":[],"Recipe":[],"Service":[],"SoftwareApplication":[],"WebPage":[]},"graphName":"Article","isEnabled":true},"graphs":[]},"schema_type":"default","schema_type_options":null,"pillar_content":false,"robots_default":true,"robots_noindex":false,"robots_noarchive":false,"robots_nosnippet":false,"robots_nofollow":false,"robots_noimageindex":false,"robots_noodp":false,"robots_notranslate":false,"robots_max_snippet":"-1","robots_max_videopreview":"-1","robots_max_imagepreview":"large","priority":null,"frequency":"default","location":null,"local_seo":null,"breadcrumb_settings":null,"limit_modified_date":false,"ai":{"faqs":[],"keyPoints":[],"schemas":[],"titles":[],"descriptions":[],"socialPosts":{"email":{"subject":"","preview":"","content":""},"linkedin":[],"twitter":[],"facebook":[],"instagram":[]}},"created":"2026-09-03 16:29:03","updated":"2026-09-03 18:26:03","seo_analyzer_scan_date":null,"focus_keyword":null,"additional_keywords":null,"truseo_locale":null},"_links":{"self":[{"href":"https:\/\/larealidaddelaplata.com.ar\/index.php\/wp-json\/wp\/v2\/posts\/43621","targetHints":{"allow":["GET"]}}],"collection":[{"href":"https:\/\/larealidaddelaplata.com.ar\/index.php\/wp-json\/wp\/v2\/posts"}],"about":[{"href":"https:\/\/larealidaddelaplata.com.ar\/index.php\/wp-json\/wp\/v2\/types\/post"}],"author":[{"embeddable":true,"href":"https:\/\/larealidaddelaplata.com.ar\/index.php\/wp-json\/wp\/v2\/users\/3"}],"replies":[{"embeddable":true,"href":"https:\/\/larealidaddelaplata.com.ar\/index.php\/wp-json\/wp\/v2\/comments?post=43621"}],"version-history":[{"count":1,"href":"https:\/\/larealidaddelaplata.com.ar\/index.php\/wp-json\/wp\/v2\/posts\/43621\/revisions"}],"predecessor-version":[{"id":43622,"href":"https:\/\/larealidaddelaplata.com.ar\/index.php\/wp-json\/wp\/v2\/posts\/43621\/revisions\/43622"}],"wp:featuredmedia":[{"embeddable":true,"href":"https:\/\/larealidaddelaplata.com.ar\/index.php\/wp-json\/wp\/v2\/media\/4918"}],"wp:attachment":[{"href":"https:\/\/larealidaddelaplata.com.ar\/index.php\/wp-json\/wp\/v2\/media?parent=43621"}],"wp:term":[{"taxonomy":"category","embeddable":true,"href":"https:\/\/larealidaddelaplata.com.ar\/index.php\/wp-json\/wp\/v2\/categories?post=43621"},{"taxonomy":"post_tag","embeddable":true,"href":"https:\/\/larealidaddelaplata.com.ar\/index.php\/wp-json\/wp\/v2\/tags?post=43621"}],"curies":[{"name":"wp","href":"https:\/\/api.w.org\/{rel}","templated":true}]}}