{"id":43623,"date":"2026-09-03T17:50:07","date_gmt":"2026-09-03T20:50:07","guid":{"rendered":"https:\/\/larealidaddelaplata.com.ar\/?p=43623"},"modified":"2026-09-03T17:50:10","modified_gmt":"2026-09-03T20:50:10","slug":"musimundo-cerro-su-ultima-sucursal-en-la-plata-y-dejo-a-diez-trabajadores-en-la-calle","status":"publish","type":"post","link":"https:\/\/larealidaddelaplata.com.ar\/index.php\/2026\/09\/03\/musimundo-cerro-su-ultima-sucursal-en-la-plata-y-dejo-a-diez-trabajadores-en-la-calle\/","title":{"rendered":"Musimundo cerr\u00f3 su \u00faltima sucursal en La Plata y dej\u00f3 a diez trabajadores en la calle"},"content":{"rendered":"\n<p class=\"wp-block-paragraph\">La crisis comercial sum\u00f3 un nuevo y duro cap\u00edtulo en el centro platense. La cadena de venta de electrodom\u00e9sticos Musimundo cerr\u00f3 definitivamente las puertas de su \u00faltimo local en la ciudad, ubicado en la calle 12 entre 56 y 57. La sorpresiva medida, comunicada el \u00faltimo s\u00e1bado al finalizar la jornada laboral, dej\u00f3 a diez empleados sin su fuente de trabajo, quienes ahora transitan horas de incertidumbre mientras aguardan definiciones sobre el pago de salarios adeudados y sus respectivas liquidaciones finales.<\/p>\n\n\n\n<p class=\"wp-block-paragraph\">El cierre en la capital bonaerense no es un hecho aislado, sino que forma parte de un severo plan de ajuste impulsado por Carsa, la empresa chaque\u00f1a que administra la marca. En simult\u00e1neo, la compa\u00f1\u00eda orden\u00f3 el cierre de otras 20 sucursales distribuidas principalmente en el noreste del pa\u00eds. Esta dr\u00e1stica reducci\u00f3n estructural se produce apenas 60 d\u00edas despu\u00e9s de que la firma presentara un concurso preventivo ante la Comisi\u00f3n Nacional de Valores (CNV) y la Bolsa de Comercio de Buenos Aires, con el objetivo urgente de renegociar y ordenar sus asfixiantes obligaciones financieras.<\/p>\n\n\n\n<p class=\"wp-block-paragraph\">Los n\u00fameros que explican el presente de Carsa reflejan una situaci\u00f3n sumamente cr\u00edtica. A fines de mayo de 2026, los registros del Banco Central expon\u00edan compromisos bancarios por unos 3.060 millones de pesos, a los que se suma una enorme deuda concursal que asciende a 63.500 millones. Entre sus principales acreedores se destacan el Banco Naci\u00f3n, con un saldo negativo de aproximadamente 1.549 millones, y el Nuevo Banco del Chaco, con cerca de 300 millones. Cabe recordar que la empresa ya hab\u00eda recurrido a este mismo salvavidas judicial en junio de 2018, aunque por entonces su pasivo rondaba los 900 millones de pesos.<\/p>\n\n\n\n<p class=\"wp-block-paragraph\">El declive de la presencia territorial de Musimundo tambi\u00e9n encuentra explicaciones en recientes movimientos societarios. Tras adquirir la hist\u00f3rica marca de m\u00fasica y electrodom\u00e9sticos en 2008 junto a Electr\u00f3nica Megatone por 15 millones de d\u00f3lares, ambas compa\u00f1\u00edas compartieron su explotaci\u00f3n comercial durante m\u00e1s de una d\u00e9cada.<\/p>\n\n\n\n<p class=\"wp-block-paragraph\">Sin embargo, esa alianza estrat\u00e9gica lleg\u00f3 a su fin cuando Electr\u00f3nica Megatone decidi\u00f3 avanzar con un <em>rebranding<\/em> y lanz\u00f3 la firma On City, absorbiendo unos 200 locales comerciales bajo esa nueva identidad. Tras esa divisi\u00f3n de bienes, Carsa hab\u00eda quedado al frente exclusivo de las 70 sucursales que a\u00fan conservaban el nombre Musimundo, una red que ahora comienza a encogerse r\u00e1pidamente ante el peso de la crisis financiera.<\/p>\n","protected":false},"excerpt":{"rendered":"<p>La crisis comercial sum\u00f3 un nuevo y duro cap\u00edtulo en el centro platense. La cadena de venta de electrodom\u00e9sticos Musimundo cerr\u00f3 definitivamente las puertas de su \u00faltimo local en la ciudad, ubicado en la calle 12 entre 56 y 57. La sorpresiva medida, comunicada el \u00faltimo s\u00e1bado al finalizar la jornada laboral, dej\u00f3 a diez empleados sin su fuente de trabajo, quienes ahora transitan horas de incertidumbre mientras aguardan definiciones&hellip;<\/p>\n","protected":false},"author":6,"featured_media":43624,"comment_status":"open","ping_status":"open","sticky":false,"template":"","format":"standard","meta":{"_acf_changed":false,"footnotes":""},"categories":[3],"tags":[],"class_list":["post-43623","post","type-post","status-publish","format-standard","has-post-thumbnail","hentry","category-la-plata"],"acf":[],"aioseo_notices":[],"aioseo_head":"\n\t\t<!-- All in One SEO 5.0.1.1 - aioseo.com -->\n\t<meta name=\"description\" content=\"La crisis comercial sum\u00f3 un nuevo y duro cap\u00edtulo en el centro platense. La cadena de venta de electrodom\u00e9sticos Musimundo cerr\u00f3 definitivamente las puertas de su \u00faltimo local en la ciudad, ubicado en la calle 12 entre 56 y 57. La sorpresiva medida, comunicada el \u00faltimo s\u00e1bado al finalizar la jornada laboral, dej\u00f3 a diez\" \/>\n\t<meta name=\"robots\" content=\"max-snippet:-1, max-image-preview:large, max-video-preview:-1\" \/>\n\t<meta name=\"author\" content=\"Julian I\"\/>\n\t<link rel=\"canonical\" href=\"https:\/\/larealidaddelaplata.com.ar\/index.php\/2026\/09\/03\/musimundo-cerro-su-ultima-sucursal-en-la-plata-y-dejo-a-diez-trabajadores-en-la-calle\/\" \/>\n\t<meta name=\"generator\" content=\"All in One SEO (AIOSEO) 5.0.1.1\" \/>\n\t\t<script type=\"application\/ld+json\" class=\"aioseo-schema\">\n\t\t\t{\"@context\":\"https:\\\/\\\/schema.org\",\"@graph\":[{\"@type\":\"Article\",\"@id\":\"https:\\\/\\\/larealidaddelaplata.com.ar\\\/index.php\\\/2026\\\/09\\\/03\\\/musimundo-cerro-su-ultima-sucursal-en-la-plata-y-dejo-a-diez-trabajadores-en-la-calle\\\/#article\",\"name\":\"Musimundo cerr\\u00f3 su \\u00faltima sucursal en La Plata y dej\\u00f3 a diez trabajadores en la calle | larealidaddelaplata.com.ar\",\"headline\":\"Musimundo cerr\\u00f3 su \\u00faltima sucursal en La Plata y dej\\u00f3 a diez trabajadores en la calle\",\"author\":{\"@id\":\"https:\\\/\\\/larealidaddelaplata.com.ar\\\/index.php\\\/author\\\/julian_ibarrola\\\/#author\"},\"publisher\":{\"@id\":\"https:\\\/\\\/larealidaddelaplata.com.ar\\\/#organization\"},\"image\":{\"@type\":\"ImageObject\",\"url\":\"https:\\\/\\\/larealidaddelaplata.com.ar\\\/wp-content\\\/uploads\\\/2026\\\/09\\\/1788387779551-e1788468448105.jpg\",\"width\":800,\"height\":500},\"datePublished\":\"2026-09-03T17:50:07-03:00\",\"dateModified\":\"2026-09-03T17:50:10-03:00\",\"inLanguage\":\"es-AR\",\"mainEntityOfPage\":{\"@id\":\"https:\\\/\\\/larealidaddelaplata.com.ar\\\/index.php\\\/2026\\\/09\\\/03\\\/musimundo-cerro-su-ultima-sucursal-en-la-plata-y-dejo-a-diez-trabajadores-en-la-calle\\\/#webpage\"},\"isPartOf\":{\"@id\":\"https:\\\/\\\/larealidaddelaplata.com.ar\\\/index.php\\\/2026\\\/09\\\/03\\\/musimundo-cerro-su-ultima-sucursal-en-la-plata-y-dejo-a-diez-trabajadores-en-la-calle\\\/#webpage\"},\"articleSection\":\"La Plata\"},{\"@type\":\"BreadcrumbList\",\"@id\":\"https:\\\/\\\/larealidaddelaplata.com.ar\\\/index.php\\\/2026\\\/09\\\/03\\\/musimundo-cerro-su-ultima-sucursal-en-la-plata-y-dejo-a-diez-trabajadores-en-la-calle\\\/#breadcrumblist\",\"itemListElement\":[{\"@type\":\"ListItem\",\"@id\":\"https:\\\/\\\/larealidaddelaplata.com.ar#listItem\",\"position\":1,\"name\":\"Home\",\"item\":\"https:\\\/\\\/larealidaddelaplata.com.ar\",\"nextItem\":{\"@type\":\"ListItem\",\"@id\":\"https:\\\/\\\/larealidaddelaplata.com.ar\\\/index.php\\\/category\\\/la-plata\\\/#listItem\",\"name\":\"La Plata\"}},{\"@type\":\"ListItem\",\"@id\":\"https:\\\/\\\/larealidaddelaplata.com.ar\\\/index.php\\\/category\\\/la-plata\\\/#listItem\",\"position\":2,\"name\":\"La Plata\",\"item\":\"https:\\\/\\\/larealidaddelaplata.com.ar\\\/index.php\\\/category\\\/la-plata\\\/\",\"nextItem\":{\"@type\":\"ListItem\",\"@id\":\"https:\\\/\\\/larealidaddelaplata.com.ar\\\/index.php\\\/2026\\\/09\\\/03\\\/musimundo-cerro-su-ultima-sucursal-en-la-plata-y-dejo-a-diez-trabajadores-en-la-calle\\\/#listItem\",\"name\":\"Musimundo cerr\\u00f3 su \\u00faltima sucursal en La Plata y dej\\u00f3 a diez trabajadores en la calle\"},\"previousItem\":{\"@type\":\"ListItem\",\"@id\":\"https:\\\/\\\/larealidaddelaplata.com.ar#listItem\",\"name\":\"Home\"}},{\"@type\":\"ListItem\",\"@id\":\"https:\\\/\\\/larealidaddelaplata.com.ar\\\/index.php\\\/2026\\\/09\\\/03\\\/musimundo-cerro-su-ultima-sucursal-en-la-plata-y-dejo-a-diez-trabajadores-en-la-calle\\\/#listItem\",\"position\":3,\"name\":\"Musimundo cerr\\u00f3 su \\u00faltima sucursal en La Plata y dej\\u00f3 a diez trabajadores en la calle\",\"previousItem\":{\"@type\":\"ListItem\",\"@id\":\"https:\\\/\\\/larealidaddelaplata.com.ar\\\/index.php\\\/category\\\/la-plata\\\/#listItem\",\"name\":\"La Plata\"}}]},{\"@type\":\"Organization\",\"@id\":\"https:\\\/\\\/larealidaddelaplata.com.ar\\\/#organization\",\"name\":\"La Realidad de La Plata\",\"description\":\"Tu portal de noticias sobre la realidad la Provincia de Buenos Aires y La Plata\",\"url\":\"https:\\\/\\\/larealidaddelaplata.com.ar\\\/\",\"logo\":{\"@type\":\"ImageObject\",\"url\":\"https:\\\/\\\/larealidaddelaplata.com.ar\\\/wp-content\\\/uploads\\\/2021\\\/01\\\/cropped-Diseno-sin-titulo-1-1.png\",\"@id\":\"https:\\\/\\\/larealidaddelaplata.com.ar\\\/index.php\\\/2026\\\/09\\\/03\\\/musimundo-cerro-su-ultima-sucursal-en-la-plata-y-dejo-a-diez-trabajadores-en-la-calle\\\/#organizationLogo\",\"width\":1920,\"height\":355},\"image\":{\"@id\":\"https:\\\/\\\/larealidaddelaplata.com.ar\\\/index.php\\\/2026\\\/09\\\/03\\\/musimundo-cerro-su-ultima-sucursal-en-la-plata-y-dejo-a-diez-trabajadores-en-la-calle\\\/#organizationLogo\"}},{\"@type\":\"Person\",\"@id\":\"https:\\\/\\\/larealidaddelaplata.com.ar\\\/index.php\\\/author\\\/julian_ibarrola\\\/#author\",\"url\":\"https:\\\/\\\/larealidaddelaplata.com.ar\\\/index.php\\\/author\\\/julian_ibarrola\\\/\",\"name\":\"Julian I\",\"image\":{\"@type\":\"ImageObject\",\"@id\":\"https:\\\/\\\/larealidaddelaplata.com.ar\\\/index.php\\\/2026\\\/09\\\/03\\\/musimundo-cerro-su-ultima-sucursal-en-la-plata-y-dejo-a-diez-trabajadores-en-la-calle\\\/#authorImage\",\"url\":\"https:\\\/\\\/secure.gravatar.com\\\/avatar\\\/7771209082b3e5bb400c4977362cbab150b08c7199fffcd6a227c0b2fbe17c9c?s=96&d=mm&r=g\",\"width\":96,\"height\":96,\"caption\":\"Julian I\"}},{\"@type\":\"WebPage\",\"@id\":\"https:\\\/\\\/larealidaddelaplata.com.ar\\\/index.php\\\/2026\\\/09\\\/03\\\/musimundo-cerro-su-ultima-sucursal-en-la-plata-y-dejo-a-diez-trabajadores-en-la-calle\\\/#webpage\",\"url\":\"https:\\\/\\\/larealidaddelaplata.com.ar\\\/index.php\\\/2026\\\/09\\\/03\\\/musimundo-cerro-su-ultima-sucursal-en-la-plata-y-dejo-a-diez-trabajadores-en-la-calle\\\/\",\"name\":\"Musimundo cerr\\u00f3 su \\u00faltima sucursal en La Plata y dej\\u00f3 a diez trabajadores en la calle | larealidaddelaplata.com.ar\",\"description\":\"La crisis comercial sum\\u00f3 un nuevo y duro cap\\u00edtulo en el centro platense. La cadena de venta de electrodom\\u00e9sticos Musimundo cerr\\u00f3 definitivamente las puertas de su \\u00faltimo local en la ciudad, ubicado en la calle 12 entre 56 y 57. La sorpresiva medida, comunicada el \\u00faltimo s\\u00e1bado al finalizar la jornada laboral, dej\\u00f3 a diez\",\"inLanguage\":\"es-AR\",\"isPartOf\":{\"@id\":\"https:\\\/\\\/larealidaddelaplata.com.ar\\\/#website\"},\"breadcrumb\":{\"@id\":\"https:\\\/\\\/larealidaddelaplata.com.ar\\\/index.php\\\/2026\\\/09\\\/03\\\/musimundo-cerro-su-ultima-sucursal-en-la-plata-y-dejo-a-diez-trabajadores-en-la-calle\\\/#breadcrumblist\"},\"author\":{\"@id\":\"https:\\\/\\\/larealidaddelaplata.com.ar\\\/index.php\\\/author\\\/julian_ibarrola\\\/#author\"},\"creator\":{\"@id\":\"https:\\\/\\\/larealidaddelaplata.com.ar\\\/index.php\\\/author\\\/julian_ibarrola\\\/#author\"},\"image\":{\"@type\":\"ImageObject\",\"url\":\"https:\\\/\\\/larealidaddelaplata.com.ar\\\/wp-content\\\/uploads\\\/2026\\\/09\\\/1788387779551-e1788468448105.jpg\",\"@id\":\"https:\\\/\\\/larealidaddelaplata.com.ar\\\/index.php\\\/2026\\\/09\\\/03\\\/musimundo-cerro-su-ultima-sucursal-en-la-plata-y-dejo-a-diez-trabajadores-en-la-calle\\\/#mainImage\",\"width\":800,\"height\":500},\"primaryImageOfPage\":{\"@id\":\"https:\\\/\\\/larealidaddelaplata.com.ar\\\/index.php\\\/2026\\\/09\\\/03\\\/musimundo-cerro-su-ultima-sucursal-en-la-plata-y-dejo-a-diez-trabajadores-en-la-calle\\\/#mainImage\"},\"datePublished\":\"2026-09-03T17:50:07-03:00\",\"dateModified\":\"2026-09-03T17:50:10-03:00\"},{\"@type\":\"WebSite\",\"@id\":\"https:\\\/\\\/larealidaddelaplata.com.ar\\\/#website\",\"url\":\"https:\\\/\\\/larealidaddelaplata.com.ar\\\/\",\"name\":\"La Realidad de La Plata\",\"description\":\"Tu portal de noticias sobre la realidad la Provincia de Buenos Aires y La Plata\",\"inLanguage\":\"es-AR\",\"publisher\":{\"@id\":\"https:\\\/\\\/larealidaddelaplata.com.ar\\\/#organization\"}}]}\n\t\t<\/script>\n\t\t<!-- All in One SEO -->\n\n","aioseo_head_json":{"title":"Musimundo cerr\u00f3 su \u00faltima sucursal en La Plata y dej\u00f3 a diez trabajadores en la calle | larealidaddelaplata.com.ar","description":"La crisis comercial sum\u00f3 un nuevo y duro cap\u00edtulo en el centro platense. La cadena de venta de electrodom\u00e9sticos Musimundo cerr\u00f3 definitivamente las puertas de su \u00faltimo local en la ciudad, ubicado en la calle 12 entre 56 y 57. La sorpresiva medida, comunicada el \u00faltimo s\u00e1bado al finalizar la jornada laboral, dej\u00f3 a diez","canonical_url":"https:\/\/larealidaddelaplata.com.ar\/index.php\/2026\/09\/03\/musimundo-cerro-su-ultima-sucursal-en-la-plata-y-dejo-a-diez-trabajadores-en-la-calle\/","robots":"max-snippet:-1, max-image-preview:large, max-video-preview:-1","keywords":"","webmasterTools":{"miscellaneous":""},"schema":{"@context":"https:\/\/schema.org","@graph":[{"@type":"Article","@id":"https:\/\/larealidaddelaplata.com.ar\/index.php\/2026\/09\/03\/musimundo-cerro-su-ultima-sucursal-en-la-plata-y-dejo-a-diez-trabajadores-en-la-calle\/#article","name":"Musimundo cerr\u00f3 su \u00faltima sucursal en La Plata y dej\u00f3 a diez trabajadores en la calle | larealidaddelaplata.com.ar","headline":"Musimundo cerr\u00f3 su \u00faltima sucursal en La Plata y dej\u00f3 a diez trabajadores en la calle","author":{"@id":"https:\/\/larealidaddelaplata.com.ar\/index.php\/author\/julian_ibarrola\/#author"},"publisher":{"@id":"https:\/\/larealidaddelaplata.com.ar\/#organization"},"image":{"@type":"ImageObject","url":"https:\/\/larealidaddelaplata.com.ar\/wp-content\/uploads\/2026\/09\/1788387779551-e1788468448105.jpg","width":800,"height":500},"datePublished":"2026-09-03T17:50:07-03:00","dateModified":"2026-09-03T17:50:10-03:00","inLanguage":"es-AR","mainEntityOfPage":{"@id":"https:\/\/larealidaddelaplata.com.ar\/index.php\/2026\/09\/03\/musimundo-cerro-su-ultima-sucursal-en-la-plata-y-dejo-a-diez-trabajadores-en-la-calle\/#webpage"},"isPartOf":{"@id":"https:\/\/larealidaddelaplata.com.ar\/index.php\/2026\/09\/03\/musimundo-cerro-su-ultima-sucursal-en-la-plata-y-dejo-a-diez-trabajadores-en-la-calle\/#webpage"},"articleSection":"La Plata"},{"@type":"BreadcrumbList","@id":"https:\/\/larealidaddelaplata.com.ar\/index.php\/2026\/09\/03\/musimundo-cerro-su-ultima-sucursal-en-la-plata-y-dejo-a-diez-trabajadores-en-la-calle\/#breadcrumblist","itemListElement":[{"@type":"ListItem","@id":"https:\/\/larealidaddelaplata.com.ar#listItem","position":1,"name":"Home","item":"https:\/\/larealidaddelaplata.com.ar","nextItem":{"@type":"ListItem","@id":"https:\/\/larealidaddelaplata.com.ar\/index.php\/category\/la-plata\/#listItem","name":"La Plata"}},{"@type":"ListItem","@id":"https:\/\/larealidaddelaplata.com.ar\/index.php\/category\/la-plata\/#listItem","position":2,"name":"La Plata","item":"https:\/\/larealidaddelaplata.com.ar\/index.php\/category\/la-plata\/","nextItem":{"@type":"ListItem","@id":"https:\/\/larealidaddelaplata.com.ar\/index.php\/2026\/09\/03\/musimundo-cerro-su-ultima-sucursal-en-la-plata-y-dejo-a-diez-trabajadores-en-la-calle\/#listItem","name":"Musimundo cerr\u00f3 su \u00faltima sucursal en La Plata y dej\u00f3 a diez trabajadores en la calle"},"previousItem":{"@type":"ListItem","@id":"https:\/\/larealidaddelaplata.com.ar#listItem","name":"Home"}},{"@type":"ListItem","@id":"https:\/\/larealidaddelaplata.com.ar\/index.php\/2026\/09\/03\/musimundo-cerro-su-ultima-sucursal-en-la-plata-y-dejo-a-diez-trabajadores-en-la-calle\/#listItem","position":3,"name":"Musimundo cerr\u00f3 su \u00faltima sucursal en La Plata y dej\u00f3 a diez trabajadores en la calle","previousItem":{"@type":"ListItem","@id":"https:\/\/larealidaddelaplata.com.ar\/index.php\/category\/la-plata\/#listItem","name":"La Plata"}}]},{"@type":"Organization","@id":"https:\/\/larealidaddelaplata.com.ar\/#organization","name":"La Realidad de La Plata","description":"Tu portal de noticias sobre la realidad la Provincia de Buenos Aires y La Plata","url":"https:\/\/larealidaddelaplata.com.ar\/","logo":{"@type":"ImageObject","url":"https:\/\/larealidaddelaplata.com.ar\/wp-content\/uploads\/2021\/01\/cropped-Diseno-sin-titulo-1-1.png","@id":"https:\/\/larealidaddelaplata.com.ar\/index.php\/2026\/09\/03\/musimundo-cerro-su-ultima-sucursal-en-la-plata-y-dejo-a-diez-trabajadores-en-la-calle\/#organizationLogo","width":1920,"height":355},"image":{"@id":"https:\/\/larealidaddelaplata.com.ar\/index.php\/2026\/09\/03\/musimundo-cerro-su-ultima-sucursal-en-la-plata-y-dejo-a-diez-trabajadores-en-la-calle\/#organizationLogo"}},{"@type":"Person","@id":"https:\/\/larealidaddelaplata.com.ar\/index.php\/author\/julian_ibarrola\/#author","url":"https:\/\/larealidaddelaplata.com.ar\/index.php\/author\/julian_ibarrola\/","name":"Julian I","image":{"@type":"ImageObject","@id":"https:\/\/larealidaddelaplata.com.ar\/index.php\/2026\/09\/03\/musimundo-cerro-su-ultima-sucursal-en-la-plata-y-dejo-a-diez-trabajadores-en-la-calle\/#authorImage","url":"https:\/\/secure.gravatar.com\/avatar\/7771209082b3e5bb400c4977362cbab150b08c7199fffcd6a227c0b2fbe17c9c?s=96&d=mm&r=g","width":96,"height":96,"caption":"Julian I"}},{"@type":"WebPage","@id":"https:\/\/larealidaddelaplata.com.ar\/index.php\/2026\/09\/03\/musimundo-cerro-su-ultima-sucursal-en-la-plata-y-dejo-a-diez-trabajadores-en-la-calle\/#webpage","url":"https:\/\/larealidaddelaplata.com.ar\/index.php\/2026\/09\/03\/musimundo-cerro-su-ultima-sucursal-en-la-plata-y-dejo-a-diez-trabajadores-en-la-calle\/","name":"Musimundo cerr\u00f3 su \u00faltima sucursal en La Plata y dej\u00f3 a diez trabajadores en la calle | larealidaddelaplata.com.ar","description":"La crisis comercial sum\u00f3 un nuevo y duro cap\u00edtulo en el centro platense. La cadena de venta de electrodom\u00e9sticos Musimundo cerr\u00f3 definitivamente las puertas de su \u00faltimo local en la ciudad, ubicado en la calle 12 entre 56 y 57. La sorpresiva medida, comunicada el \u00faltimo s\u00e1bado al finalizar la jornada laboral, dej\u00f3 a diez","inLanguage":"es-AR","isPartOf":{"@id":"https:\/\/larealidaddelaplata.com.ar\/#website"},"breadcrumb":{"@id":"https:\/\/larealidaddelaplata.com.ar\/index.php\/2026\/09\/03\/musimundo-cerro-su-ultima-sucursal-en-la-plata-y-dejo-a-diez-trabajadores-en-la-calle\/#breadcrumblist"},"author":{"@id":"https:\/\/larealidaddelaplata.com.ar\/index.php\/author\/julian_ibarrola\/#author"},"creator":{"@id":"https:\/\/larealidaddelaplata.com.ar\/index.php\/author\/julian_ibarrola\/#author"},"image":{"@type":"ImageObject","url":"https:\/\/larealidaddelaplata.com.ar\/wp-content\/uploads\/2026\/09\/1788387779551-e1788468448105.jpg","@id":"https:\/\/larealidaddelaplata.com.ar\/index.php\/2026\/09\/03\/musimundo-cerro-su-ultima-sucursal-en-la-plata-y-dejo-a-diez-trabajadores-en-la-calle\/#mainImage","width":800,"height":500},"primaryImageOfPage":{"@id":"https:\/\/larealidaddelaplata.com.ar\/index.php\/2026\/09\/03\/musimundo-cerro-su-ultima-sucursal-en-la-plata-y-dejo-a-diez-trabajadores-en-la-calle\/#mainImage"},"datePublished":"2026-09-03T17:50:07-03:00","dateModified":"2026-09-03T17:50:10-03:00"},{"@type":"WebSite","@id":"https:\/\/larealidaddelaplata.com.ar\/#website","url":"https:\/\/larealidaddelaplata.com.ar\/","name":"La Realidad de La Plata","description":"Tu portal de noticias sobre la realidad la Provincia de Buenos Aires y La Plata","inLanguage":"es-AR","publisher":{"@id":"https:\/\/larealidaddelaplata.com.ar\/#organization"}}]}},"aioseo_meta_data":{"post_id":"43623","title":null,"description":null,"keywords":null,"keyphrases":{"focus":{"keyphrase":"","score":0,"analysis":{"keyphraseInTitle":{"score":0,"maxScore":9,"error":1}}},"additional":[]},"primary_term":null,"canonical_url":null,"og_title":null,"og_description":null,"og_object_type":"default","og_image_type":"default","og_image_url":null,"og_image_width":null,"og_image_height":null,"og_image_custom_url":null,"og_image_custom_fields":null,"og_video":"","og_custom_url":null,"og_article_section":null,"og_article_tags":null,"twitter_use_og":false,"twitter_card":"default","twitter_image_type":"default","twitter_image_url":null,"twitter_image_custom_url":null,"twitter_image_custom_fields":null,"twitter_title":null,"twitter_description":null,"schema":{"blockGraphs":[],"customGraphs":[],"default":{"data":{"Article":[],"Course":[],"Dataset":[],"FAQPage":[],"Movie":[],"Person":[],"Product":[],"ProductReview":[],"Car":[],"Recipe":[],"Service":[],"SoftwareApplication":[],"WebPage":[]},"graphName":"Article","isEnabled":true},"graphs":[]},"schema_type":"default","schema_type_options":null,"pillar_content":false,"robots_default":true,"robots_noindex":false,"robots_noarchive":false,"robots_nosnippet":false,"robots_nofollow":false,"robots_noimageindex":false,"robots_noodp":false,"robots_notranslate":false,"robots_max_snippet":"-1","robots_max_videopreview":"-1","robots_max_imagepreview":"large","priority":null,"frequency":"default","location":null,"local_seo":null,"breadcrumb_settings":null,"limit_modified_date":false,"ai":{"faqs":[],"keyPoints":[],"schemas":[],"titles":[],"descriptions":[],"socialPosts":{"email":{"subject":"","preview":"","content":""},"linkedin":[],"twitter":[],"facebook":[],"instagram":[]}},"created":"2026-09-03 20:46:21","updated":"2026-09-03 20:50:11","seo_analyzer_scan_date":null,"focus_keyword":null,"additional_keywords":null,"truseo_locale":null},"_links":{"self":[{"href":"https:\/\/larealidaddelaplata.com.ar\/index.php\/wp-json\/wp\/v2\/posts\/43623","targetHints":{"allow":["GET"]}}],"collection":[{"href":"https:\/\/larealidaddelaplata.com.ar\/index.php\/wp-json\/wp\/v2\/posts"}],"about":[{"href":"https:\/\/larealidaddelaplata.com.ar\/index.php\/wp-json\/wp\/v2\/types\/post"}],"author":[{"embeddable":true,"href":"https:\/\/larealidaddelaplata.com.ar\/index.php\/wp-json\/wp\/v2\/users\/6"}],"replies":[{"embeddable":true,"href":"https:\/\/larealidaddelaplata.com.ar\/index.php\/wp-json\/wp\/v2\/comments?post=43623"}],"version-history":[{"count":1,"href":"https:\/\/larealidaddelaplata.com.ar\/index.php\/wp-json\/wp\/v2\/posts\/43623\/revisions"}],"predecessor-version":[{"id":43626,"href":"https:\/\/larealidaddelaplata.com.ar\/index.php\/wp-json\/wp\/v2\/posts\/43623\/revisions\/43626"}],"wp:featuredmedia":[{"embeddable":true,"href":"https:\/\/larealidaddelaplata.com.ar\/index.php\/wp-json\/wp\/v2\/media\/43624"}],"wp:attachment":[{"href":"https:\/\/larealidaddelaplata.com.ar\/index.php\/wp-json\/wp\/v2\/media?parent=43623"}],"wp:term":[{"taxonomy":"category","embeddable":true,"href":"https:\/\/larealidaddelaplata.com.ar\/index.php\/wp-json\/wp\/v2\/categories?post=43623"},{"taxonomy":"post_tag","embeddable":true,"href":"https:\/\/larealidaddelaplata.com.ar\/index.php\/wp-json\/wp\/v2\/tags?post=43623"}],"curies":[{"name":"wp","href":"https:\/\/api.w.org\/{rel}","templated":true}]}}