{"id":43625,"date":"2026-09-03T17:51:35","date_gmt":"2026-09-03T20:51:35","guid":{"rendered":"https:\/\/larealidaddelaplata.com.ar\/?p=43625"},"modified":"2026-09-03T17:53:48","modified_gmt":"2026-09-03T20:53:48","slug":"luquitas-rodriguez-y-el-show-de-paren-la-mano-se-presentan-en-el-club-atenas-de-la-plata","status":"publish","type":"post","link":"https:\/\/larealidaddelaplata.com.ar\/index.php\/2026\/09\/03\/luquitas-rodriguez-y-el-show-de-paren-la-mano-se-presentan-en-el-club-atenas-de-la-plata\/","title":{"rendered":"Una foto podr\u00eda ser la clave para encontrar al estudiante de la UNLP: su familia lo reconoci\u00f3 en C\u00f3rdoba"},"content":{"rendered":"\n<p class=\"wp-block-paragraph\">Mariano Mart\u00ednez, el estudiante de 21 a\u00f1os de la <strong>Universidad Nacional de La Plata (UNLP)<\/strong> que es buscado desde el lunes, podr\u00eda encontrarse en <strong>C\u00f3rdoba<\/strong>. Su familia recibi\u00f3 una fotograf\u00eda en la que reconoci\u00f3 al joven y que ahora es analizada como una posible pista clave para avanzar con la b\u00fasqueda.<\/p>\n\n\n\n<p class=\"wp-block-paragraph\">El dato se conoci\u00f3 este jueves despu\u00e9s de las 14.30, cuando los padres del estudiante contaron que hab\u00edan recibido la imagen desde C\u00f3rdoba. Seg\u00fan explicaron, la fotograf\u00eda habr\u00eda sido tomada el martes y muestra a un joven que ellos identificaron como Mariano.<\/p>\n\n\n\n<p class=\"wp-block-paragraph\">\u201cA m\u00ed me pas\u00f3 la foto nom\u00e1s el de la DDI y me dijo: \u2018S\u00ed, ese es Mariano, el de la foto\u2019\u201d, explic\u00f3 <strong>Gustavo<\/strong>, su padre.<\/p>\n\n\n\n<p class=\"wp-block-paragraph\">Para la familia, la imagen representa <strong>el indicio m\u00e1s concreto que tienen hasta el momento<\/strong> para establecer d\u00f3nde podr\u00eda encontrarse el joven.<\/p>\n\n\n\n<h2 class=\"wp-block-heading\">La foto que lleg\u00f3 desde C\u00f3rdoba<\/h2>\n\n\n\n<p class=\"wp-block-paragraph\">De acuerdo con lo informado por sus padres, la fotograf\u00eda habr\u00eda sido tomada en un <strong>local de sushi de C\u00f3rdoba<\/strong>, donde Mariano habr\u00eda llegado en busca de trabajo.<\/p>\n\n\n\n<p class=\"wp-block-paragraph\">Seg\u00fan la reconstrucci\u00f3n familiar, el estudiante habr\u00eda dejado all\u00ed un curr\u00edculum antes de continuar con su recorrido.<\/p>\n\n\n\n<p class=\"wp-block-paragraph\">La imagen fue entregada a la familia a trav\u00e9s de investigadores de la DDI y los padres aseguran haber reconocido a Mariano en ella. Sin embargo, <strong>todav\u00eda no recibieron informaci\u00f3n oficial que confirme que el joven haya sido localizado<\/strong>.<\/p>\n\n\n\n<p class=\"wp-block-paragraph\">Por eso, la b\u00fasqueda contin\u00faa mientras se intenta determinar d\u00f3nde fue tomada exactamente la fotograf\u00eda y cu\u00e1les fueron los movimientos posteriores del estudiante.<\/p>\n\n\n\n<h2 class=\"wp-block-heading\">El recorrido de Mariano desde que desapareci\u00f3<\/h2>\n\n\n\n<p class=\"wp-block-paragraph\">La b\u00fasqueda comenz\u00f3 el lunes, despu\u00e9s de que Mariano se retirara de la <strong>Facultad de Arquitectura y Urbanismo de la UNLP<\/strong>, donde hab\u00eda asistido para presentar una entrega en la que hab\u00eda trabajado durante todo el fin de semana.<\/p>\n\n\n\n<p class=\"wp-block-paragraph\">Seg\u00fan relataron sus padres, sali\u00f3 de su casa en <strong>Berazategui<\/strong> alrededor de las 8 y lleg\u00f3 a la facultad con un bolso en el que llevaba sus trabajos. Sin embargo, manifest\u00f3 que se sent\u00eda mal y decidi\u00f3 retirarse.<\/p>\n\n\n\n<p class=\"wp-block-paragraph\">Luego se dirigi\u00f3 hacia <strong>Punta Lara<\/strong>, donde fue registrado por c\u00e1maras de seguridad mientras caminaba por la avenida Almirante Brown. Poco despu\u00e9s abord\u00f3 un colectivo de la <strong>L\u00ednea 275<\/strong>.<\/p>\n\n\n\n<p class=\"wp-block-paragraph\">M\u00e1s tarde lleg\u00f3 a La Plata y tom\u00f3 una formaci\u00f3n del <strong>Tren Roca<\/strong> con destino a Constituci\u00f3n. Uno de sus compa\u00f1eros viaj\u00f3 con \u00e9l durante parte del recorrido y descendi\u00f3 en Hudson, mientras Mariano continu\u00f3 hasta la cabecera de la l\u00ednea.<\/p>\n\n\n\n<h2 class=\"wp-block-heading\">El mensaje que hab\u00eda preocupado a su familia<\/h2>\n\n\n\n<p class=\"wp-block-paragraph\">Uno de los elementos que gener\u00f3 mayor preocupaci\u00f3n fue el mensaje que Mariano le envi\u00f3 a su hermano, de 19 a\u00f1os, alrededor de las <strong>14.35 del lunes<\/strong>, cuando se encontraba en Punta Lara.<\/p>\n\n\n\n<p class=\"wp-block-paragraph\">En ese contacto le indic\u00f3 cu\u00e1l era la clave de su computadora. Seg\u00fan cont\u00f3 su padre, le escribi\u00f3: <strong>\u201cPor cualquier cosa, si necesit\u00e1s, la clave es esta\u201d<\/strong>.<\/p>\n\n\n\n<p class=\"wp-block-paragraph\">Desde entonces, sus familiares intentaron reconstruir sus movimientos y establecer qu\u00e9 ocurri\u00f3 despu\u00e9s de su llegada a Constituci\u00f3n.<\/p>\n\n\n\n<p class=\"wp-block-paragraph\">Ahora, la fotograf\u00eda recibida desde C\u00f3rdoba se convirti\u00f3 en <strong>la principal pista de la investigaci\u00f3n<\/strong>.<\/p>\n\n\n\n<p class=\"wp-block-paragraph\">Por el momento, sin embargo, <strong>Mariano Mart\u00ednez no fue encontrado oficialmente y su paradero contin\u00faa sin confirmarse<\/strong>.<\/p>\n\n\n\n<p class=\"wp-block-paragraph\"><\/p>\n","protected":false},"excerpt":{"rendered":"<p>Mariano Mart\u00ednez, el estudiante de 21 a\u00f1os de la Universidad Nacional de La Plata (UNLP) que es buscado desde el lunes, podr\u00eda encontrarse en C\u00f3rdoba. Su familia recibi\u00f3 una fotograf\u00eda en la que reconoci\u00f3 al joven y que ahora es analizada como una posible pista clave para avanzar con la b\u00fasqueda. El dato se conoci\u00f3 este jueves despu\u00e9s de las 14.30, cuando los padres del estudiante contaron que hab\u00edan recibido&hellip;<\/p>\n","protected":false},"author":3,"featured_media":43608,"comment_status":"open","ping_status":"open","sticky":false,"template":"","format":"standard","meta":{"_acf_changed":false,"footnotes":""},"categories":[2],"tags":[],"class_list":["post-43625","post","type-post","status-publish","format-standard","has-post-thumbnail","hentry","category-provincia"],"acf":[],"aioseo_notices":[],"aioseo_head":"\n\t\t<!-- All in One SEO 5.0.1.1 - aioseo.com -->\n\t<meta name=\"description\" content=\"Mariano Mart\u00ednez, el estudiante de 21 a\u00f1os de la Universidad Nacional de La Plata (UNLP) que es buscado desde el lunes, podr\u00eda encontrarse en C\u00f3rdoba. Su familia recibi\u00f3 una fotograf\u00eda en la que reconoci\u00f3 al joven y que ahora es analizada como una posible pista clave para avanzar con la b\u00fasqueda. El dato se conoci\u00f3\" \/>\n\t<meta name=\"robots\" content=\"max-snippet:-1, max-image-preview:large, max-video-preview:-1\" \/>\n\t<meta name=\"author\" content=\"Riso\"\/>\n\t<link rel=\"canonical\" href=\"https:\/\/larealidaddelaplata.com.ar\/index.php\/2026\/09\/03\/luquitas-rodriguez-y-el-show-de-paren-la-mano-se-presentan-en-el-club-atenas-de-la-plata\/\" \/>\n\t<meta name=\"generator\" content=\"All in One SEO (AIOSEO) 5.0.1.1\" \/>\n\t\t<script type=\"application\/ld+json\" class=\"aioseo-schema\">\n\t\t\t{\"@context\":\"https:\\\/\\\/schema.org\",\"@graph\":[{\"@type\":\"Article\",\"@id\":\"https:\\\/\\\/larealidaddelaplata.com.ar\\\/index.php\\\/2026\\\/09\\\/03\\\/luquitas-rodriguez-y-el-show-de-paren-la-mano-se-presentan-en-el-club-atenas-de-la-plata\\\/#article\",\"name\":\"Una foto podr\\u00eda ser la clave para encontrar al estudiante de la UNLP: su familia lo reconoci\\u00f3 en C\\u00f3rdoba | larealidaddelaplata.com.ar\",\"headline\":\"Una foto podr\\u00eda ser la clave para encontrar al estudiante de la UNLP: su familia lo reconoci\\u00f3 en C\\u00f3rdoba\",\"author\":{\"@id\":\"https:\\\/\\\/larealidaddelaplata.com.ar\\\/index.php\\\/author\\\/riso\\\/#author\"},\"publisher\":{\"@id\":\"https:\\\/\\\/larealidaddelaplata.com.ar\\\/#organization\"},\"image\":{\"@type\":\"ImageObject\",\"url\":\"https:\\\/\\\/larealidaddelaplata.com.ar\\\/wp-content\\\/uploads\\\/2026\\\/09\\\/Mariano-Martinez-buscado-en-La-Plata.jpg\",\"width\":1200,\"height\":675},\"datePublished\":\"2026-09-03T17:51:35-03:00\",\"dateModified\":\"2026-09-03T17:53:48-03:00\",\"inLanguage\":\"es-AR\",\"mainEntityOfPage\":{\"@id\":\"https:\\\/\\\/larealidaddelaplata.com.ar\\\/index.php\\\/2026\\\/09\\\/03\\\/luquitas-rodriguez-y-el-show-de-paren-la-mano-se-presentan-en-el-club-atenas-de-la-plata\\\/#webpage\"},\"isPartOf\":{\"@id\":\"https:\\\/\\\/larealidaddelaplata.com.ar\\\/index.php\\\/2026\\\/09\\\/03\\\/luquitas-rodriguez-y-el-show-de-paren-la-mano-se-presentan-en-el-club-atenas-de-la-plata\\\/#webpage\"},\"articleSection\":\"Provincia\"},{\"@type\":\"BreadcrumbList\",\"@id\":\"https:\\\/\\\/larealidaddelaplata.com.ar\\\/index.php\\\/2026\\\/09\\\/03\\\/luquitas-rodriguez-y-el-show-de-paren-la-mano-se-presentan-en-el-club-atenas-de-la-plata\\\/#breadcrumblist\",\"itemListElement\":[{\"@type\":\"ListItem\",\"@id\":\"https:\\\/\\\/larealidaddelaplata.com.ar#listItem\",\"position\":1,\"name\":\"Home\",\"item\":\"https:\\\/\\\/larealidaddelaplata.com.ar\",\"nextItem\":{\"@type\":\"ListItem\",\"@id\":\"https:\\\/\\\/larealidaddelaplata.com.ar\\\/index.php\\\/category\\\/provincia\\\/#listItem\",\"name\":\"Provincia\"}},{\"@type\":\"ListItem\",\"@id\":\"https:\\\/\\\/larealidaddelaplata.com.ar\\\/index.php\\\/category\\\/provincia\\\/#listItem\",\"position\":2,\"name\":\"Provincia\",\"item\":\"https:\\\/\\\/larealidaddelaplata.com.ar\\\/index.php\\\/category\\\/provincia\\\/\",\"nextItem\":{\"@type\":\"ListItem\",\"@id\":\"https:\\\/\\\/larealidaddelaplata.com.ar\\\/index.php\\\/2026\\\/09\\\/03\\\/luquitas-rodriguez-y-el-show-de-paren-la-mano-se-presentan-en-el-club-atenas-de-la-plata\\\/#listItem\",\"name\":\"Una foto podr\\u00eda ser la clave para encontrar al estudiante de la UNLP: su familia lo reconoci\\u00f3 en C\\u00f3rdoba\"},\"previousItem\":{\"@type\":\"ListItem\",\"@id\":\"https:\\\/\\\/larealidaddelaplata.com.ar#listItem\",\"name\":\"Home\"}},{\"@type\":\"ListItem\",\"@id\":\"https:\\\/\\\/larealidaddelaplata.com.ar\\\/index.php\\\/2026\\\/09\\\/03\\\/luquitas-rodriguez-y-el-show-de-paren-la-mano-se-presentan-en-el-club-atenas-de-la-plata\\\/#listItem\",\"position\":3,\"name\":\"Una foto podr\\u00eda ser la clave para encontrar al estudiante de la UNLP: su familia lo reconoci\\u00f3 en C\\u00f3rdoba\",\"previousItem\":{\"@type\":\"ListItem\",\"@id\":\"https:\\\/\\\/larealidaddelaplata.com.ar\\\/index.php\\\/category\\\/provincia\\\/#listItem\",\"name\":\"Provincia\"}}]},{\"@type\":\"Organization\",\"@id\":\"https:\\\/\\\/larealidaddelaplata.com.ar\\\/#organization\",\"name\":\"La Realidad de La Plata\",\"description\":\"Tu portal de noticias sobre la realidad la Provincia de Buenos Aires y La Plata\",\"url\":\"https:\\\/\\\/larealidaddelaplata.com.ar\\\/\",\"logo\":{\"@type\":\"ImageObject\",\"url\":\"https:\\\/\\\/larealidaddelaplata.com.ar\\\/wp-content\\\/uploads\\\/2021\\\/01\\\/cropped-Diseno-sin-titulo-1-1.png\",\"@id\":\"https:\\\/\\\/larealidaddelaplata.com.ar\\\/index.php\\\/2026\\\/09\\\/03\\\/luquitas-rodriguez-y-el-show-de-paren-la-mano-se-presentan-en-el-club-atenas-de-la-plata\\\/#organizationLogo\",\"width\":1920,\"height\":355},\"image\":{\"@id\":\"https:\\\/\\\/larealidaddelaplata.com.ar\\\/index.php\\\/2026\\\/09\\\/03\\\/luquitas-rodriguez-y-el-show-de-paren-la-mano-se-presentan-en-el-club-atenas-de-la-plata\\\/#organizationLogo\"}},{\"@type\":\"Person\",\"@id\":\"https:\\\/\\\/larealidaddelaplata.com.ar\\\/index.php\\\/author\\\/riso\\\/#author\",\"url\":\"https:\\\/\\\/larealidaddelaplata.com.ar\\\/index.php\\\/author\\\/riso\\\/\",\"name\":\"Riso\",\"image\":{\"@type\":\"ImageObject\",\"@id\":\"https:\\\/\\\/larealidaddelaplata.com.ar\\\/index.php\\\/2026\\\/09\\\/03\\\/luquitas-rodriguez-y-el-show-de-paren-la-mano-se-presentan-en-el-club-atenas-de-la-plata\\\/#authorImage\",\"url\":\"https:\\\/\\\/secure.gravatar.com\\\/avatar\\\/b8a29b1cb80c18109fbc4f4f76150b29d5a28fa492bc41c870351ccfbbabbeef?s=96&d=mm&r=g\",\"width\":96,\"height\":96,\"caption\":\"Riso\"}},{\"@type\":\"WebPage\",\"@id\":\"https:\\\/\\\/larealidaddelaplata.com.ar\\\/index.php\\\/2026\\\/09\\\/03\\\/luquitas-rodriguez-y-el-show-de-paren-la-mano-se-presentan-en-el-club-atenas-de-la-plata\\\/#webpage\",\"url\":\"https:\\\/\\\/larealidaddelaplata.com.ar\\\/index.php\\\/2026\\\/09\\\/03\\\/luquitas-rodriguez-y-el-show-de-paren-la-mano-se-presentan-en-el-club-atenas-de-la-plata\\\/\",\"name\":\"Una foto podr\\u00eda ser la clave para encontrar al estudiante de la UNLP: su familia lo reconoci\\u00f3 en C\\u00f3rdoba | larealidaddelaplata.com.ar\",\"description\":\"Mariano Mart\\u00ednez, el estudiante de 21 a\\u00f1os de la Universidad Nacional de La Plata (UNLP) que es buscado desde el lunes, podr\\u00eda encontrarse en C\\u00f3rdoba. Su familia recibi\\u00f3 una fotograf\\u00eda en la que reconoci\\u00f3 al joven y que ahora es analizada como una posible pista clave para avanzar con la b\\u00fasqueda. El dato se conoci\\u00f3\",\"inLanguage\":\"es-AR\",\"isPartOf\":{\"@id\":\"https:\\\/\\\/larealidaddelaplata.com.ar\\\/#website\"},\"breadcrumb\":{\"@id\":\"https:\\\/\\\/larealidaddelaplata.com.ar\\\/index.php\\\/2026\\\/09\\\/03\\\/luquitas-rodriguez-y-el-show-de-paren-la-mano-se-presentan-en-el-club-atenas-de-la-plata\\\/#breadcrumblist\"},\"author\":{\"@id\":\"https:\\\/\\\/larealidaddelaplata.com.ar\\\/index.php\\\/author\\\/riso\\\/#author\"},\"creator\":{\"@id\":\"https:\\\/\\\/larealidaddelaplata.com.ar\\\/index.php\\\/author\\\/riso\\\/#author\"},\"image\":{\"@type\":\"ImageObject\",\"url\":\"https:\\\/\\\/larealidaddelaplata.com.ar\\\/wp-content\\\/uploads\\\/2026\\\/09\\\/Mariano-Martinez-buscado-en-La-Plata.jpg\",\"@id\":\"https:\\\/\\\/larealidaddelaplata.com.ar\\\/index.php\\\/2026\\\/09\\\/03\\\/luquitas-rodriguez-y-el-show-de-paren-la-mano-se-presentan-en-el-club-atenas-de-la-plata\\\/#mainImage\",\"width\":1200,\"height\":675},\"primaryImageOfPage\":{\"@id\":\"https:\\\/\\\/larealidaddelaplata.com.ar\\\/index.php\\\/2026\\\/09\\\/03\\\/luquitas-rodriguez-y-el-show-de-paren-la-mano-se-presentan-en-el-club-atenas-de-la-plata\\\/#mainImage\"},\"datePublished\":\"2026-09-03T17:51:35-03:00\",\"dateModified\":\"2026-09-03T17:53:48-03:00\"},{\"@type\":\"WebSite\",\"@id\":\"https:\\\/\\\/larealidaddelaplata.com.ar\\\/#website\",\"url\":\"https:\\\/\\\/larealidaddelaplata.com.ar\\\/\",\"name\":\"La Realidad de La Plata\",\"description\":\"Tu portal de noticias sobre la realidad la Provincia de Buenos Aires y La Plata\",\"inLanguage\":\"es-AR\",\"publisher\":{\"@id\":\"https:\\\/\\\/larealidaddelaplata.com.ar\\\/#organization\"}}]}\n\t\t<\/script>\n\t\t<!-- All in One SEO -->\n\n","aioseo_head_json":{"title":"Una foto podr\u00eda ser la clave para encontrar al estudiante de la UNLP: su familia lo reconoci\u00f3 en C\u00f3rdoba | larealidaddelaplata.com.ar","description":"Mariano Mart\u00ednez, el estudiante de 21 a\u00f1os de la Universidad Nacional de La Plata (UNLP) que es buscado desde el lunes, podr\u00eda encontrarse en C\u00f3rdoba. Su familia recibi\u00f3 una fotograf\u00eda en la que reconoci\u00f3 al joven y que ahora es analizada como una posible pista clave para avanzar con la b\u00fasqueda. El dato se conoci\u00f3","canonical_url":"https:\/\/larealidaddelaplata.com.ar\/index.php\/2026\/09\/03\/luquitas-rodriguez-y-el-show-de-paren-la-mano-se-presentan-en-el-club-atenas-de-la-plata\/","robots":"max-snippet:-1, max-image-preview:large, max-video-preview:-1","keywords":"","webmasterTools":{"miscellaneous":""},"schema":{"@context":"https:\/\/schema.org","@graph":[{"@type":"Article","@id":"https:\/\/larealidaddelaplata.com.ar\/index.php\/2026\/09\/03\/luquitas-rodriguez-y-el-show-de-paren-la-mano-se-presentan-en-el-club-atenas-de-la-plata\/#article","name":"Una foto podr\u00eda ser la clave para encontrar al estudiante de la UNLP: su familia lo reconoci\u00f3 en C\u00f3rdoba | larealidaddelaplata.com.ar","headline":"Una foto podr\u00eda ser la clave para encontrar al estudiante de la UNLP: su familia lo reconoci\u00f3 en C\u00f3rdoba","author":{"@id":"https:\/\/larealidaddelaplata.com.ar\/index.php\/author\/riso\/#author"},"publisher":{"@id":"https:\/\/larealidaddelaplata.com.ar\/#organization"},"image":{"@type":"ImageObject","url":"https:\/\/larealidaddelaplata.com.ar\/wp-content\/uploads\/2026\/09\/Mariano-Martinez-buscado-en-La-Plata.jpg","width":1200,"height":675},"datePublished":"2026-09-03T17:51:35-03:00","dateModified":"2026-09-03T17:53:48-03:00","inLanguage":"es-AR","mainEntityOfPage":{"@id":"https:\/\/larealidaddelaplata.com.ar\/index.php\/2026\/09\/03\/luquitas-rodriguez-y-el-show-de-paren-la-mano-se-presentan-en-el-club-atenas-de-la-plata\/#webpage"},"isPartOf":{"@id":"https:\/\/larealidaddelaplata.com.ar\/index.php\/2026\/09\/03\/luquitas-rodriguez-y-el-show-de-paren-la-mano-se-presentan-en-el-club-atenas-de-la-plata\/#webpage"},"articleSection":"Provincia"},{"@type":"BreadcrumbList","@id":"https:\/\/larealidaddelaplata.com.ar\/index.php\/2026\/09\/03\/luquitas-rodriguez-y-el-show-de-paren-la-mano-se-presentan-en-el-club-atenas-de-la-plata\/#breadcrumblist","itemListElement":[{"@type":"ListItem","@id":"https:\/\/larealidaddelaplata.com.ar#listItem","position":1,"name":"Home","item":"https:\/\/larealidaddelaplata.com.ar","nextItem":{"@type":"ListItem","@id":"https:\/\/larealidaddelaplata.com.ar\/index.php\/category\/provincia\/#listItem","name":"Provincia"}},{"@type":"ListItem","@id":"https:\/\/larealidaddelaplata.com.ar\/index.php\/category\/provincia\/#listItem","position":2,"name":"Provincia","item":"https:\/\/larealidaddelaplata.com.ar\/index.php\/category\/provincia\/","nextItem":{"@type":"ListItem","@id":"https:\/\/larealidaddelaplata.com.ar\/index.php\/2026\/09\/03\/luquitas-rodriguez-y-el-show-de-paren-la-mano-se-presentan-en-el-club-atenas-de-la-plata\/#listItem","name":"Una foto podr\u00eda ser la clave para encontrar al estudiante de la UNLP: su familia lo reconoci\u00f3 en C\u00f3rdoba"},"previousItem":{"@type":"ListItem","@id":"https:\/\/larealidaddelaplata.com.ar#listItem","name":"Home"}},{"@type":"ListItem","@id":"https:\/\/larealidaddelaplata.com.ar\/index.php\/2026\/09\/03\/luquitas-rodriguez-y-el-show-de-paren-la-mano-se-presentan-en-el-club-atenas-de-la-plata\/#listItem","position":3,"name":"Una foto podr\u00eda ser la clave para encontrar al estudiante de la UNLP: su familia lo reconoci\u00f3 en C\u00f3rdoba","previousItem":{"@type":"ListItem","@id":"https:\/\/larealidaddelaplata.com.ar\/index.php\/category\/provincia\/#listItem","name":"Provincia"}}]},{"@type":"Organization","@id":"https:\/\/larealidaddelaplata.com.ar\/#organization","name":"La Realidad de La Plata","description":"Tu portal de noticias sobre la realidad la Provincia de Buenos Aires y La Plata","url":"https:\/\/larealidaddelaplata.com.ar\/","logo":{"@type":"ImageObject","url":"https:\/\/larealidaddelaplata.com.ar\/wp-content\/uploads\/2021\/01\/cropped-Diseno-sin-titulo-1-1.png","@id":"https:\/\/larealidaddelaplata.com.ar\/index.php\/2026\/09\/03\/luquitas-rodriguez-y-el-show-de-paren-la-mano-se-presentan-en-el-club-atenas-de-la-plata\/#organizationLogo","width":1920,"height":355},"image":{"@id":"https:\/\/larealidaddelaplata.com.ar\/index.php\/2026\/09\/03\/luquitas-rodriguez-y-el-show-de-paren-la-mano-se-presentan-en-el-club-atenas-de-la-plata\/#organizationLogo"}},{"@type":"Person","@id":"https:\/\/larealidaddelaplata.com.ar\/index.php\/author\/riso\/#author","url":"https:\/\/larealidaddelaplata.com.ar\/index.php\/author\/riso\/","name":"Riso","image":{"@type":"ImageObject","@id":"https:\/\/larealidaddelaplata.com.ar\/index.php\/2026\/09\/03\/luquitas-rodriguez-y-el-show-de-paren-la-mano-se-presentan-en-el-club-atenas-de-la-plata\/#authorImage","url":"https:\/\/secure.gravatar.com\/avatar\/b8a29b1cb80c18109fbc4f4f76150b29d5a28fa492bc41c870351ccfbbabbeef?s=96&d=mm&r=g","width":96,"height":96,"caption":"Riso"}},{"@type":"WebPage","@id":"https:\/\/larealidaddelaplata.com.ar\/index.php\/2026\/09\/03\/luquitas-rodriguez-y-el-show-de-paren-la-mano-se-presentan-en-el-club-atenas-de-la-plata\/#webpage","url":"https:\/\/larealidaddelaplata.com.ar\/index.php\/2026\/09\/03\/luquitas-rodriguez-y-el-show-de-paren-la-mano-se-presentan-en-el-club-atenas-de-la-plata\/","name":"Una foto podr\u00eda ser la clave para encontrar al estudiante de la UNLP: su familia lo reconoci\u00f3 en C\u00f3rdoba | larealidaddelaplata.com.ar","description":"Mariano Mart\u00ednez, el estudiante de 21 a\u00f1os de la Universidad Nacional de La Plata (UNLP) que es buscado desde el lunes, podr\u00eda encontrarse en C\u00f3rdoba. Su familia recibi\u00f3 una fotograf\u00eda en la que reconoci\u00f3 al joven y que ahora es analizada como una posible pista clave para avanzar con la b\u00fasqueda. El dato se conoci\u00f3","inLanguage":"es-AR","isPartOf":{"@id":"https:\/\/larealidaddelaplata.com.ar\/#website"},"breadcrumb":{"@id":"https:\/\/larealidaddelaplata.com.ar\/index.php\/2026\/09\/03\/luquitas-rodriguez-y-el-show-de-paren-la-mano-se-presentan-en-el-club-atenas-de-la-plata\/#breadcrumblist"},"author":{"@id":"https:\/\/larealidaddelaplata.com.ar\/index.php\/author\/riso\/#author"},"creator":{"@id":"https:\/\/larealidaddelaplata.com.ar\/index.php\/author\/riso\/#author"},"image":{"@type":"ImageObject","url":"https:\/\/larealidaddelaplata.com.ar\/wp-content\/uploads\/2026\/09\/Mariano-Martinez-buscado-en-La-Plata.jpg","@id":"https:\/\/larealidaddelaplata.com.ar\/index.php\/2026\/09\/03\/luquitas-rodriguez-y-el-show-de-paren-la-mano-se-presentan-en-el-club-atenas-de-la-plata\/#mainImage","width":1200,"height":675},"primaryImageOfPage":{"@id":"https:\/\/larealidaddelaplata.com.ar\/index.php\/2026\/09\/03\/luquitas-rodriguez-y-el-show-de-paren-la-mano-se-presentan-en-el-club-atenas-de-la-plata\/#mainImage"},"datePublished":"2026-09-03T17:51:35-03:00","dateModified":"2026-09-03T17:53:48-03:00"},{"@type":"WebSite","@id":"https:\/\/larealidaddelaplata.com.ar\/#website","url":"https:\/\/larealidaddelaplata.com.ar\/","name":"La Realidad de La Plata","description":"Tu portal de noticias sobre la realidad la Provincia de Buenos Aires y La Plata","inLanguage":"es-AR","publisher":{"@id":"https:\/\/larealidaddelaplata.com.ar\/#organization"}}]}},"aioseo_meta_data":{"post_id":"43625","title":null,"description":null,"keywords":null,"keyphrases":{"focus":{"keyphrase":"","score":0,"analysis":{"keyphraseInTitle":{"score":0,"maxScore":9,"error":1}}},"additional":[]},"primary_term":null,"canonical_url":null,"og_title":null,"og_description":null,"og_object_type":"default","og_image_type":"default","og_image_url":null,"og_image_width":null,"og_image_height":null,"og_image_custom_url":null,"og_image_custom_fields":null,"og_video":"","og_custom_url":null,"og_article_section":null,"og_article_tags":null,"twitter_use_og":false,"twitter_card":"default","twitter_image_type":"default","twitter_image_url":null,"twitter_image_custom_url":null,"twitter_image_custom_fields":null,"twitter_title":null,"twitter_description":null,"schema":{"blockGraphs":[],"customGraphs":[],"default":{"data":{"Article":[],"Course":[],"Dataset":[],"FAQPage":[],"Movie":[],"Person":[],"Product":[],"ProductReview":[],"Car":[],"Recipe":[],"Service":[],"SoftwareApplication":[],"WebPage":[]},"graphName":"Article","isEnabled":true},"graphs":[]},"schema_type":"default","schema_type_options":null,"pillar_content":false,"robots_default":true,"robots_noindex":false,"robots_noarchive":false,"robots_nosnippet":false,"robots_nofollow":false,"robots_noimageindex":false,"robots_noodp":false,"robots_notranslate":false,"robots_max_snippet":"-1","robots_max_videopreview":"-1","robots_max_imagepreview":"large","priority":null,"frequency":"default","location":null,"local_seo":null,"breadcrumb_settings":null,"limit_modified_date":false,"ai":{"faqs":[],"keyPoints":[],"schemas":[],"titles":[],"descriptions":[],"socialPosts":{"email":{"subject":"","preview":"","content":""},"linkedin":[],"twitter":[],"facebook":[],"instagram":[]}},"created":"2026-09-03 20:47:50","updated":"2026-09-03 20:53:49","seo_analyzer_scan_date":null,"focus_keyword":null,"additional_keywords":null,"truseo_locale":null},"_links":{"self":[{"href":"https:\/\/larealidaddelaplata.com.ar\/index.php\/wp-json\/wp\/v2\/posts\/43625","targetHints":{"allow":["GET"]}}],"collection":[{"href":"https:\/\/larealidaddelaplata.com.ar\/index.php\/wp-json\/wp\/v2\/posts"}],"about":[{"href":"https:\/\/larealidaddelaplata.com.ar\/index.php\/wp-json\/wp\/v2\/types\/post"}],"author":[{"embeddable":true,"href":"https:\/\/larealidaddelaplata.com.ar\/index.php\/wp-json\/wp\/v2\/users\/3"}],"replies":[{"embeddable":true,"href":"https:\/\/larealidaddelaplata.com.ar\/index.php\/wp-json\/wp\/v2\/comments?post=43625"}],"version-history":[{"count":2,"href":"https:\/\/larealidaddelaplata.com.ar\/index.php\/wp-json\/wp\/v2\/posts\/43625\/revisions"}],"predecessor-version":[{"id":43631,"href":"https:\/\/larealidaddelaplata.com.ar\/index.php\/wp-json\/wp\/v2\/posts\/43625\/revisions\/43631"}],"wp:featuredmedia":[{"embeddable":true,"href":"https:\/\/larealidaddelaplata.com.ar\/index.php\/wp-json\/wp\/v2\/media\/43608"}],"wp:attachment":[{"href":"https:\/\/larealidaddelaplata.com.ar\/index.php\/wp-json\/wp\/v2\/media?parent=43625"}],"wp:term":[{"taxonomy":"category","embeddable":true,"href":"https:\/\/larealidaddelaplata.com.ar\/index.php\/wp-json\/wp\/v2\/categories?post=43625"},{"taxonomy":"post_tag","embeddable":true,"href":"https:\/\/larealidaddelaplata.com.ar\/index.php\/wp-json\/wp\/v2\/tags?post=43625"}],"curies":[{"name":"wp","href":"https:\/\/api.w.org\/{rel}","templated":true}]}}