{"id":43627,"date":"2026-09-03T17:51:20","date_gmt":"2026-09-03T20:51:20","guid":{"rendered":"https:\/\/larealidaddelaplata.com.ar\/?p=43627"},"modified":"2026-09-03T17:51:22","modified_gmt":"2026-09-03T20:51:22","slug":"venta-millonaria-alan-lescano-es-nuevo-refuerzo-del-vasco-da-gama-y-la-transferencia-beneficia-a-gimnasia","status":"publish","type":"post","link":"https:\/\/larealidaddelaplata.com.ar\/index.php\/2026\/09\/03\/venta-millonaria-alan-lescano-es-nuevo-refuerzo-del-vasco-da-gama-y-la-transferencia-beneficia-a-gimnasia\/","title":{"rendered":"Venta millonaria: Alan Lescano es nuevo refuerzo del Vasco da Gama y la transferencia beneficia a Gimnasia"},"content":{"rendered":"\n<p class=\"wp-block-paragraph\">Alan Lescano se convirti\u00f3 oficialmente en nuevo jugador del Vasco da Gama. Tras varias semanas de intensas negociaciones, Argentinos Juniors acept\u00f3 la \u00faltima propuesta formal del conjunto brasile\u00f1o, que desembolsar\u00e1 7.500.000 d\u00f3lares de base y contemplar\u00e1 otro 1.500.000 sujeto al cumplimiento de objetivos deportivos.<\/p>\n\n\n\n<p class=\"wp-block-paragraph\">El acuerdo definitivo logr\u00f3 destrabarse luego de que la dirigencia carioca mejorara sustancialmente las condiciones de pago. Si bien el monto total se mantuvo siempre en los 9 millones de la moneda estadounidense, el Vasco modific\u00f3 las cl\u00e1usulas de los bonos para que la instituci\u00f3n de La Paternal pueda disponer de ese dinero con mayor rapidez, un factor que result\u00f3 determinante para cerrar la operaci\u00f3n.<\/p>\n\n\n\n<p class=\"wp-block-paragraph\">Esta transferencia millonaria tambi\u00e9n gener\u00f3 un fuerte impacto positivo en las arcas de Gimnasia y Esgrima La Plata. El &#8220;Lobo&#8221;, club donde se form\u00f3 el mediocampista, conservaba una plusval\u00eda del 10% sobre el excedente de una futura venta que superara la barrera de los 6 millones de d\u00f3lares. Ahora, la dirigencia tripera aguarda los detalles finales para saber si ese porcentaje se calcular\u00e1 \u00fanicamente sobre los 7,5 millones fijos o si se incluir\u00e1n tambi\u00e9n los objetivos en la liquidaci\u00f3n.<\/p>\n\n\n\n<p class=\"wp-block-paragraph\">Cabe destacar que la confirmaci\u00f3n del traspaso hab\u00eda sufrido ciertas demoras en los \u00faltimos d\u00edas a ra\u00edz de una urgencia financiera en Brasil. El equipo de R\u00edo de Janeiro necesitaba la autorizaci\u00f3n judicial de un pr\u00e9stamo de 150 millones de reales para poder afrontar los pagos y presentar los avales bancarios que exig\u00eda la comisi\u00f3n directiva del &#8220;Bicho&#8221;.<\/p>\n\n\n\n<p class=\"wp-block-paragraph\">Superado finalmente este obst\u00e1culo burocr\u00e1tico, el camino qued\u00f3 completamente allanado para el cruce de documentos. De esta manera, Lescano armar\u00e1 las valijas para despedirse del f\u00fatbol argentino y rubricar su nuevo contrato por cuatro temporadas con el popular equipo brasile\u00f1o.<\/p>\n","protected":false},"excerpt":{"rendered":"<p>Alan Lescano se convirti\u00f3 oficialmente en nuevo jugador del Vasco da Gama. Tras varias semanas de intensas negociaciones, Argentinos Juniors acept\u00f3 la \u00faltima propuesta formal del conjunto brasile\u00f1o, que desembolsar\u00e1 7.500.000 d\u00f3lares de base y contemplar\u00e1 otro 1.500.000 sujeto al cumplimiento de objetivos deportivos. El acuerdo definitivo logr\u00f3 destrabarse luego de que la dirigencia carioca mejorara sustancialmente las condiciones de pago. Si bien el monto total se mantuvo siempre en&hellip;<\/p>\n","protected":false},"author":6,"featured_media":43628,"comment_status":"open","ping_status":"open","sticky":false,"template":"","format":"standard","meta":{"_acf_changed":false,"footnotes":""},"categories":[10,11],"tags":[],"class_list":["post-43627","post","type-post","status-publish","format-standard","has-post-thumbnail","hentry","category-deportes","category-gimnasia"],"acf":[],"aioseo_notices":[],"aioseo_head":"\n\t\t<!-- All in One SEO 5.0.1.1 - aioseo.com -->\n\t<meta name=\"description\" content=\"Alan Lescano se convirti\u00f3 oficialmente en nuevo jugador del Vasco da Gama. Tras varias semanas de intensas negociaciones, Argentinos Juniors acept\u00f3 la \u00faltima propuesta formal del conjunto brasile\u00f1o, que desembolsar\u00e1 7.500.000 d\u00f3lares de base y contemplar\u00e1 otro 1.500.000 sujeto al cumplimiento de objetivos deportivos. El acuerdo definitivo logr\u00f3 destrabarse luego de que la dirigencia carioca\" \/>\n\t<meta name=\"robots\" content=\"max-snippet:-1, max-image-preview:large, max-video-preview:-1\" \/>\n\t<meta name=\"author\" content=\"Julian I\"\/>\n\t<link rel=\"canonical\" href=\"https:\/\/larealidaddelaplata.com.ar\/index.php\/2026\/09\/03\/venta-millonaria-alan-lescano-es-nuevo-refuerzo-del-vasco-da-gama-y-la-transferencia-beneficia-a-gimnasia\/\" \/>\n\t<meta name=\"generator\" content=\"All in One SEO (AIOSEO) 5.0.1.1\" \/>\n\t\t<script type=\"application\/ld+json\" class=\"aioseo-schema\">\n\t\t\t{\"@context\":\"https:\\\/\\\/schema.org\",\"@graph\":[{\"@type\":\"Article\",\"@id\":\"https:\\\/\\\/larealidaddelaplata.com.ar\\\/index.php\\\/2026\\\/09\\\/03\\\/venta-millonaria-alan-lescano-es-nuevo-refuerzo-del-vasco-da-gama-y-la-transferencia-beneficia-a-gimnasia\\\/#article\",\"name\":\"Venta millonaria: Alan Lescano es nuevo refuerzo del Vasco da Gama y la transferencia beneficia a Gimnasia | larealidaddelaplata.com.ar\",\"headline\":\"Venta millonaria: Alan Lescano es nuevo refuerzo del Vasco da Gama y la transferencia beneficia a Gimnasia\",\"author\":{\"@id\":\"https:\\\/\\\/larealidaddelaplata.com.ar\\\/index.php\\\/author\\\/julian_ibarrola\\\/#author\"},\"publisher\":{\"@id\":\"https:\\\/\\\/larealidaddelaplata.com.ar\\\/#organization\"},\"image\":{\"@type\":\"ImageObject\",\"url\":\"https:\\\/\\\/larealidaddelaplata.com.ar\\\/wp-content\\\/uploads\\\/2026\\\/09\\\/lescano-festejo-gol-argentinos-e1788468675540.webp\",\"width\":800,\"height\":469},\"datePublished\":\"2026-09-03T17:51:20-03:00\",\"dateModified\":\"2026-09-03T17:51:22-03:00\",\"inLanguage\":\"es-AR\",\"mainEntityOfPage\":{\"@id\":\"https:\\\/\\\/larealidaddelaplata.com.ar\\\/index.php\\\/2026\\\/09\\\/03\\\/venta-millonaria-alan-lescano-es-nuevo-refuerzo-del-vasco-da-gama-y-la-transferencia-beneficia-a-gimnasia\\\/#webpage\"},\"isPartOf\":{\"@id\":\"https:\\\/\\\/larealidaddelaplata.com.ar\\\/index.php\\\/2026\\\/09\\\/03\\\/venta-millonaria-alan-lescano-es-nuevo-refuerzo-del-vasco-da-gama-y-la-transferencia-beneficia-a-gimnasia\\\/#webpage\"},\"articleSection\":\"Deportes, Gimnasia\"},{\"@type\":\"BreadcrumbList\",\"@id\":\"https:\\\/\\\/larealidaddelaplata.com.ar\\\/index.php\\\/2026\\\/09\\\/03\\\/venta-millonaria-alan-lescano-es-nuevo-refuerzo-del-vasco-da-gama-y-la-transferencia-beneficia-a-gimnasia\\\/#breadcrumblist\",\"itemListElement\":[{\"@type\":\"ListItem\",\"@id\":\"https:\\\/\\\/larealidaddelaplata.com.ar#listItem\",\"position\":1,\"name\":\"Home\",\"item\":\"https:\\\/\\\/larealidaddelaplata.com.ar\",\"nextItem\":{\"@type\":\"ListItem\",\"@id\":\"https:\\\/\\\/larealidaddelaplata.com.ar\\\/index.php\\\/category\\\/deportes\\\/#listItem\",\"name\":\"Deportes\"}},{\"@type\":\"ListItem\",\"@id\":\"https:\\\/\\\/larealidaddelaplata.com.ar\\\/index.php\\\/category\\\/deportes\\\/#listItem\",\"position\":2,\"name\":\"Deportes\",\"item\":\"https:\\\/\\\/larealidaddelaplata.com.ar\\\/index.php\\\/category\\\/deportes\\\/\",\"nextItem\":{\"@type\":\"ListItem\",\"@id\":\"https:\\\/\\\/larealidaddelaplata.com.ar\\\/index.php\\\/category\\\/deportes\\\/gimnasia\\\/#listItem\",\"name\":\"Gimnasia\"},\"previousItem\":{\"@type\":\"ListItem\",\"@id\":\"https:\\\/\\\/larealidaddelaplata.com.ar#listItem\",\"name\":\"Home\"}},{\"@type\":\"ListItem\",\"@id\":\"https:\\\/\\\/larealidaddelaplata.com.ar\\\/index.php\\\/category\\\/deportes\\\/gimnasia\\\/#listItem\",\"position\":3,\"name\":\"Gimnasia\",\"item\":\"https:\\\/\\\/larealidaddelaplata.com.ar\\\/index.php\\\/category\\\/deportes\\\/gimnasia\\\/\",\"nextItem\":{\"@type\":\"ListItem\",\"@id\":\"https:\\\/\\\/larealidaddelaplata.com.ar\\\/index.php\\\/2026\\\/09\\\/03\\\/venta-millonaria-alan-lescano-es-nuevo-refuerzo-del-vasco-da-gama-y-la-transferencia-beneficia-a-gimnasia\\\/#listItem\",\"name\":\"Venta millonaria: Alan Lescano es nuevo refuerzo del Vasco da Gama y la transferencia beneficia a Gimnasia\"},\"previousItem\":{\"@type\":\"ListItem\",\"@id\":\"https:\\\/\\\/larealidaddelaplata.com.ar\\\/index.php\\\/category\\\/deportes\\\/#listItem\",\"name\":\"Deportes\"}},{\"@type\":\"ListItem\",\"@id\":\"https:\\\/\\\/larealidaddelaplata.com.ar\\\/index.php\\\/2026\\\/09\\\/03\\\/venta-millonaria-alan-lescano-es-nuevo-refuerzo-del-vasco-da-gama-y-la-transferencia-beneficia-a-gimnasia\\\/#listItem\",\"position\":4,\"name\":\"Venta millonaria: Alan Lescano es nuevo refuerzo del Vasco da Gama y la transferencia beneficia a Gimnasia\",\"previousItem\":{\"@type\":\"ListItem\",\"@id\":\"https:\\\/\\\/larealidaddelaplata.com.ar\\\/index.php\\\/category\\\/deportes\\\/gimnasia\\\/#listItem\",\"name\":\"Gimnasia\"}}]},{\"@type\":\"Organization\",\"@id\":\"https:\\\/\\\/larealidaddelaplata.com.ar\\\/#organization\",\"name\":\"La Realidad de La Plata\",\"description\":\"Tu portal de noticias sobre la realidad la Provincia de Buenos Aires y La Plata\",\"url\":\"https:\\\/\\\/larealidaddelaplata.com.ar\\\/\",\"logo\":{\"@type\":\"ImageObject\",\"url\":\"https:\\\/\\\/larealidaddelaplata.com.ar\\\/wp-content\\\/uploads\\\/2021\\\/01\\\/cropped-Diseno-sin-titulo-1-1.png\",\"@id\":\"https:\\\/\\\/larealidaddelaplata.com.ar\\\/index.php\\\/2026\\\/09\\\/03\\\/venta-millonaria-alan-lescano-es-nuevo-refuerzo-del-vasco-da-gama-y-la-transferencia-beneficia-a-gimnasia\\\/#organizationLogo\",\"width\":1920,\"height\":355},\"image\":{\"@id\":\"https:\\\/\\\/larealidaddelaplata.com.ar\\\/index.php\\\/2026\\\/09\\\/03\\\/venta-millonaria-alan-lescano-es-nuevo-refuerzo-del-vasco-da-gama-y-la-transferencia-beneficia-a-gimnasia\\\/#organizationLogo\"}},{\"@type\":\"Person\",\"@id\":\"https:\\\/\\\/larealidaddelaplata.com.ar\\\/index.php\\\/author\\\/julian_ibarrola\\\/#author\",\"url\":\"https:\\\/\\\/larealidaddelaplata.com.ar\\\/index.php\\\/author\\\/julian_ibarrola\\\/\",\"name\":\"Julian I\",\"image\":{\"@type\":\"ImageObject\",\"@id\":\"https:\\\/\\\/larealidaddelaplata.com.ar\\\/index.php\\\/2026\\\/09\\\/03\\\/venta-millonaria-alan-lescano-es-nuevo-refuerzo-del-vasco-da-gama-y-la-transferencia-beneficia-a-gimnasia\\\/#authorImage\",\"url\":\"https:\\\/\\\/secure.gravatar.com\\\/avatar\\\/7771209082b3e5bb400c4977362cbab150b08c7199fffcd6a227c0b2fbe17c9c?s=96&d=mm&r=g\",\"width\":96,\"height\":96,\"caption\":\"Julian I\"}},{\"@type\":\"WebPage\",\"@id\":\"https:\\\/\\\/larealidaddelaplata.com.ar\\\/index.php\\\/2026\\\/09\\\/03\\\/venta-millonaria-alan-lescano-es-nuevo-refuerzo-del-vasco-da-gama-y-la-transferencia-beneficia-a-gimnasia\\\/#webpage\",\"url\":\"https:\\\/\\\/larealidaddelaplata.com.ar\\\/index.php\\\/2026\\\/09\\\/03\\\/venta-millonaria-alan-lescano-es-nuevo-refuerzo-del-vasco-da-gama-y-la-transferencia-beneficia-a-gimnasia\\\/\",\"name\":\"Venta millonaria: Alan Lescano es nuevo refuerzo del Vasco da Gama y la transferencia beneficia a Gimnasia | larealidaddelaplata.com.ar\",\"description\":\"Alan Lescano se convirti\\u00f3 oficialmente en nuevo jugador del Vasco da Gama. Tras varias semanas de intensas negociaciones, Argentinos Juniors acept\\u00f3 la \\u00faltima propuesta formal del conjunto brasile\\u00f1o, que desembolsar\\u00e1 7.500.000 d\\u00f3lares de base y contemplar\\u00e1 otro 1.500.000 sujeto al cumplimiento de objetivos deportivos. El acuerdo definitivo logr\\u00f3 destrabarse luego de que la dirigencia carioca\",\"inLanguage\":\"es-AR\",\"isPartOf\":{\"@id\":\"https:\\\/\\\/larealidaddelaplata.com.ar\\\/#website\"},\"breadcrumb\":{\"@id\":\"https:\\\/\\\/larealidaddelaplata.com.ar\\\/index.php\\\/2026\\\/09\\\/03\\\/venta-millonaria-alan-lescano-es-nuevo-refuerzo-del-vasco-da-gama-y-la-transferencia-beneficia-a-gimnasia\\\/#breadcrumblist\"},\"author\":{\"@id\":\"https:\\\/\\\/larealidaddelaplata.com.ar\\\/index.php\\\/author\\\/julian_ibarrola\\\/#author\"},\"creator\":{\"@id\":\"https:\\\/\\\/larealidaddelaplata.com.ar\\\/index.php\\\/author\\\/julian_ibarrola\\\/#author\"},\"image\":{\"@type\":\"ImageObject\",\"url\":\"https:\\\/\\\/larealidaddelaplata.com.ar\\\/wp-content\\\/uploads\\\/2026\\\/09\\\/lescano-festejo-gol-argentinos-e1788468675540.webp\",\"@id\":\"https:\\\/\\\/larealidaddelaplata.com.ar\\\/index.php\\\/2026\\\/09\\\/03\\\/venta-millonaria-alan-lescano-es-nuevo-refuerzo-del-vasco-da-gama-y-la-transferencia-beneficia-a-gimnasia\\\/#mainImage\",\"width\":800,\"height\":469},\"primaryImageOfPage\":{\"@id\":\"https:\\\/\\\/larealidaddelaplata.com.ar\\\/index.php\\\/2026\\\/09\\\/03\\\/venta-millonaria-alan-lescano-es-nuevo-refuerzo-del-vasco-da-gama-y-la-transferencia-beneficia-a-gimnasia\\\/#mainImage\"},\"datePublished\":\"2026-09-03T17:51:20-03:00\",\"dateModified\":\"2026-09-03T17:51:22-03:00\"},{\"@type\":\"WebSite\",\"@id\":\"https:\\\/\\\/larealidaddelaplata.com.ar\\\/#website\",\"url\":\"https:\\\/\\\/larealidaddelaplata.com.ar\\\/\",\"name\":\"La Realidad de La Plata\",\"description\":\"Tu portal de noticias sobre la realidad la Provincia de Buenos Aires y La Plata\",\"inLanguage\":\"es-AR\",\"publisher\":{\"@id\":\"https:\\\/\\\/larealidaddelaplata.com.ar\\\/#organization\"}}]}\n\t\t<\/script>\n\t\t<!-- All in One SEO -->\n\n","aioseo_head_json":{"title":"Venta millonaria: Alan Lescano es nuevo refuerzo del Vasco da Gama y la transferencia beneficia a Gimnasia | larealidaddelaplata.com.ar","description":"Alan Lescano se convirti\u00f3 oficialmente en nuevo jugador del Vasco da Gama. Tras varias semanas de intensas negociaciones, Argentinos Juniors acept\u00f3 la \u00faltima propuesta formal del conjunto brasile\u00f1o, que desembolsar\u00e1 7.500.000 d\u00f3lares de base y contemplar\u00e1 otro 1.500.000 sujeto al cumplimiento de objetivos deportivos. El acuerdo definitivo logr\u00f3 destrabarse luego de que la dirigencia carioca","canonical_url":"https:\/\/larealidaddelaplata.com.ar\/index.php\/2026\/09\/03\/venta-millonaria-alan-lescano-es-nuevo-refuerzo-del-vasco-da-gama-y-la-transferencia-beneficia-a-gimnasia\/","robots":"max-snippet:-1, max-image-preview:large, max-video-preview:-1","keywords":"","webmasterTools":{"miscellaneous":""},"schema":{"@context":"https:\/\/schema.org","@graph":[{"@type":"Article","@id":"https:\/\/larealidaddelaplata.com.ar\/index.php\/2026\/09\/03\/venta-millonaria-alan-lescano-es-nuevo-refuerzo-del-vasco-da-gama-y-la-transferencia-beneficia-a-gimnasia\/#article","name":"Venta millonaria: Alan Lescano es nuevo refuerzo del Vasco da Gama y la transferencia beneficia a Gimnasia | larealidaddelaplata.com.ar","headline":"Venta millonaria: Alan Lescano es nuevo refuerzo del Vasco da Gama y la transferencia beneficia a Gimnasia","author":{"@id":"https:\/\/larealidaddelaplata.com.ar\/index.php\/author\/julian_ibarrola\/#author"},"publisher":{"@id":"https:\/\/larealidaddelaplata.com.ar\/#organization"},"image":{"@type":"ImageObject","url":"https:\/\/larealidaddelaplata.com.ar\/wp-content\/uploads\/2026\/09\/lescano-festejo-gol-argentinos-e1788468675540.webp","width":800,"height":469},"datePublished":"2026-09-03T17:51:20-03:00","dateModified":"2026-09-03T17:51:22-03:00","inLanguage":"es-AR","mainEntityOfPage":{"@id":"https:\/\/larealidaddelaplata.com.ar\/index.php\/2026\/09\/03\/venta-millonaria-alan-lescano-es-nuevo-refuerzo-del-vasco-da-gama-y-la-transferencia-beneficia-a-gimnasia\/#webpage"},"isPartOf":{"@id":"https:\/\/larealidaddelaplata.com.ar\/index.php\/2026\/09\/03\/venta-millonaria-alan-lescano-es-nuevo-refuerzo-del-vasco-da-gama-y-la-transferencia-beneficia-a-gimnasia\/#webpage"},"articleSection":"Deportes, Gimnasia"},{"@type":"BreadcrumbList","@id":"https:\/\/larealidaddelaplata.com.ar\/index.php\/2026\/09\/03\/venta-millonaria-alan-lescano-es-nuevo-refuerzo-del-vasco-da-gama-y-la-transferencia-beneficia-a-gimnasia\/#breadcrumblist","itemListElement":[{"@type":"ListItem","@id":"https:\/\/larealidaddelaplata.com.ar#listItem","position":1,"name":"Home","item":"https:\/\/larealidaddelaplata.com.ar","nextItem":{"@type":"ListItem","@id":"https:\/\/larealidaddelaplata.com.ar\/index.php\/category\/deportes\/#listItem","name":"Deportes"}},{"@type":"ListItem","@id":"https:\/\/larealidaddelaplata.com.ar\/index.php\/category\/deportes\/#listItem","position":2,"name":"Deportes","item":"https:\/\/larealidaddelaplata.com.ar\/index.php\/category\/deportes\/","nextItem":{"@type":"ListItem","@id":"https:\/\/larealidaddelaplata.com.ar\/index.php\/category\/deportes\/gimnasia\/#listItem","name":"Gimnasia"},"previousItem":{"@type":"ListItem","@id":"https:\/\/larealidaddelaplata.com.ar#listItem","name":"Home"}},{"@type":"ListItem","@id":"https:\/\/larealidaddelaplata.com.ar\/index.php\/category\/deportes\/gimnasia\/#listItem","position":3,"name":"Gimnasia","item":"https:\/\/larealidaddelaplata.com.ar\/index.php\/category\/deportes\/gimnasia\/","nextItem":{"@type":"ListItem","@id":"https:\/\/larealidaddelaplata.com.ar\/index.php\/2026\/09\/03\/venta-millonaria-alan-lescano-es-nuevo-refuerzo-del-vasco-da-gama-y-la-transferencia-beneficia-a-gimnasia\/#listItem","name":"Venta millonaria: Alan Lescano es nuevo refuerzo del Vasco da Gama y la transferencia beneficia a Gimnasia"},"previousItem":{"@type":"ListItem","@id":"https:\/\/larealidaddelaplata.com.ar\/index.php\/category\/deportes\/#listItem","name":"Deportes"}},{"@type":"ListItem","@id":"https:\/\/larealidaddelaplata.com.ar\/index.php\/2026\/09\/03\/venta-millonaria-alan-lescano-es-nuevo-refuerzo-del-vasco-da-gama-y-la-transferencia-beneficia-a-gimnasia\/#listItem","position":4,"name":"Venta millonaria: Alan Lescano es nuevo refuerzo del Vasco da Gama y la transferencia beneficia a Gimnasia","previousItem":{"@type":"ListItem","@id":"https:\/\/larealidaddelaplata.com.ar\/index.php\/category\/deportes\/gimnasia\/#listItem","name":"Gimnasia"}}]},{"@type":"Organization","@id":"https:\/\/larealidaddelaplata.com.ar\/#organization","name":"La Realidad de La Plata","description":"Tu portal de noticias sobre la realidad la Provincia de Buenos Aires y La Plata","url":"https:\/\/larealidaddelaplata.com.ar\/","logo":{"@type":"ImageObject","url":"https:\/\/larealidaddelaplata.com.ar\/wp-content\/uploads\/2021\/01\/cropped-Diseno-sin-titulo-1-1.png","@id":"https:\/\/larealidaddelaplata.com.ar\/index.php\/2026\/09\/03\/venta-millonaria-alan-lescano-es-nuevo-refuerzo-del-vasco-da-gama-y-la-transferencia-beneficia-a-gimnasia\/#organizationLogo","width":1920,"height":355},"image":{"@id":"https:\/\/larealidaddelaplata.com.ar\/index.php\/2026\/09\/03\/venta-millonaria-alan-lescano-es-nuevo-refuerzo-del-vasco-da-gama-y-la-transferencia-beneficia-a-gimnasia\/#organizationLogo"}},{"@type":"Person","@id":"https:\/\/larealidaddelaplata.com.ar\/index.php\/author\/julian_ibarrola\/#author","url":"https:\/\/larealidaddelaplata.com.ar\/index.php\/author\/julian_ibarrola\/","name":"Julian I","image":{"@type":"ImageObject","@id":"https:\/\/larealidaddelaplata.com.ar\/index.php\/2026\/09\/03\/venta-millonaria-alan-lescano-es-nuevo-refuerzo-del-vasco-da-gama-y-la-transferencia-beneficia-a-gimnasia\/#authorImage","url":"https:\/\/secure.gravatar.com\/avatar\/7771209082b3e5bb400c4977362cbab150b08c7199fffcd6a227c0b2fbe17c9c?s=96&d=mm&r=g","width":96,"height":96,"caption":"Julian I"}},{"@type":"WebPage","@id":"https:\/\/larealidaddelaplata.com.ar\/index.php\/2026\/09\/03\/venta-millonaria-alan-lescano-es-nuevo-refuerzo-del-vasco-da-gama-y-la-transferencia-beneficia-a-gimnasia\/#webpage","url":"https:\/\/larealidaddelaplata.com.ar\/index.php\/2026\/09\/03\/venta-millonaria-alan-lescano-es-nuevo-refuerzo-del-vasco-da-gama-y-la-transferencia-beneficia-a-gimnasia\/","name":"Venta millonaria: Alan Lescano es nuevo refuerzo del Vasco da Gama y la transferencia beneficia a Gimnasia | larealidaddelaplata.com.ar","description":"Alan Lescano se convirti\u00f3 oficialmente en nuevo jugador del Vasco da Gama. Tras varias semanas de intensas negociaciones, Argentinos Juniors acept\u00f3 la \u00faltima propuesta formal del conjunto brasile\u00f1o, que desembolsar\u00e1 7.500.000 d\u00f3lares de base y contemplar\u00e1 otro 1.500.000 sujeto al cumplimiento de objetivos deportivos. El acuerdo definitivo logr\u00f3 destrabarse luego de que la dirigencia carioca","inLanguage":"es-AR","isPartOf":{"@id":"https:\/\/larealidaddelaplata.com.ar\/#website"},"breadcrumb":{"@id":"https:\/\/larealidaddelaplata.com.ar\/index.php\/2026\/09\/03\/venta-millonaria-alan-lescano-es-nuevo-refuerzo-del-vasco-da-gama-y-la-transferencia-beneficia-a-gimnasia\/#breadcrumblist"},"author":{"@id":"https:\/\/larealidaddelaplata.com.ar\/index.php\/author\/julian_ibarrola\/#author"},"creator":{"@id":"https:\/\/larealidaddelaplata.com.ar\/index.php\/author\/julian_ibarrola\/#author"},"image":{"@type":"ImageObject","url":"https:\/\/larealidaddelaplata.com.ar\/wp-content\/uploads\/2026\/09\/lescano-festejo-gol-argentinos-e1788468675540.webp","@id":"https:\/\/larealidaddelaplata.com.ar\/index.php\/2026\/09\/03\/venta-millonaria-alan-lescano-es-nuevo-refuerzo-del-vasco-da-gama-y-la-transferencia-beneficia-a-gimnasia\/#mainImage","width":800,"height":469},"primaryImageOfPage":{"@id":"https:\/\/larealidaddelaplata.com.ar\/index.php\/2026\/09\/03\/venta-millonaria-alan-lescano-es-nuevo-refuerzo-del-vasco-da-gama-y-la-transferencia-beneficia-a-gimnasia\/#mainImage"},"datePublished":"2026-09-03T17:51:20-03:00","dateModified":"2026-09-03T17:51:22-03:00"},{"@type":"WebSite","@id":"https:\/\/larealidaddelaplata.com.ar\/#website","url":"https:\/\/larealidaddelaplata.com.ar\/","name":"La Realidad de La Plata","description":"Tu portal de noticias sobre la realidad la Provincia de Buenos Aires y La Plata","inLanguage":"es-AR","publisher":{"@id":"https:\/\/larealidaddelaplata.com.ar\/#organization"}}]}},"aioseo_meta_data":{"post_id":"43627","title":null,"description":null,"keywords":null,"keyphrases":{"focus":{"keyphrase":"","score":0,"analysis":{"keyphraseInTitle":{"score":0,"maxScore":9,"error":1}}},"additional":[]},"primary_term":null,"canonical_url":null,"og_title":null,"og_description":null,"og_object_type":"default","og_image_type":"default","og_image_url":null,"og_image_width":null,"og_image_height":null,"og_image_custom_url":null,"og_image_custom_fields":null,"og_video":"","og_custom_url":null,"og_article_section":null,"og_article_tags":null,"twitter_use_og":false,"twitter_card":"default","twitter_image_type":"default","twitter_image_url":null,"twitter_image_custom_url":null,"twitter_image_custom_fields":null,"twitter_title":null,"twitter_description":null,"schema":{"blockGraphs":[],"customGraphs":[],"default":{"data":{"Article":[],"Course":[],"Dataset":[],"FAQPage":[],"Movie":[],"Person":[],"Product":[],"ProductReview":[],"Car":[],"Recipe":[],"Service":[],"SoftwareApplication":[],"WebPage":[]},"graphName":"Article","isEnabled":true},"graphs":[]},"schema_type":"default","schema_type_options":null,"pillar_content":false,"robots_default":true,"robots_noindex":false,"robots_noarchive":false,"robots_nosnippet":false,"robots_nofollow":false,"robots_noimageindex":false,"robots_noodp":false,"robots_notranslate":false,"robots_max_snippet":"-1","robots_max_videopreview":"-1","robots_max_imagepreview":"large","priority":null,"frequency":"default","location":null,"local_seo":null,"breadcrumb_settings":null,"limit_modified_date":false,"ai":{"faqs":[],"keyPoints":[],"schemas":[],"titles":[],"descriptions":[],"socialPosts":{"email":{"subject":"","preview":"","content":""},"linkedin":[],"twitter":[],"facebook":[],"instagram":[]}},"created":"2026-09-03 20:50:21","updated":"2026-09-03 20:51:23","seo_analyzer_scan_date":null,"focus_keyword":null,"additional_keywords":null,"truseo_locale":null},"_links":{"self":[{"href":"https:\/\/larealidaddelaplata.com.ar\/index.php\/wp-json\/wp\/v2\/posts\/43627","targetHints":{"allow":["GET"]}}],"collection":[{"href":"https:\/\/larealidaddelaplata.com.ar\/index.php\/wp-json\/wp\/v2\/posts"}],"about":[{"href":"https:\/\/larealidaddelaplata.com.ar\/index.php\/wp-json\/wp\/v2\/types\/post"}],"author":[{"embeddable":true,"href":"https:\/\/larealidaddelaplata.com.ar\/index.php\/wp-json\/wp\/v2\/users\/6"}],"replies":[{"embeddable":true,"href":"https:\/\/larealidaddelaplata.com.ar\/index.php\/wp-json\/wp\/v2\/comments?post=43627"}],"version-history":[{"count":1,"href":"https:\/\/larealidaddelaplata.com.ar\/index.php\/wp-json\/wp\/v2\/posts\/43627\/revisions"}],"predecessor-version":[{"id":43629,"href":"https:\/\/larealidaddelaplata.com.ar\/index.php\/wp-json\/wp\/v2\/posts\/43627\/revisions\/43629"}],"wp:featuredmedia":[{"embeddable":true,"href":"https:\/\/larealidaddelaplata.com.ar\/index.php\/wp-json\/wp\/v2\/media\/43628"}],"wp:attachment":[{"href":"https:\/\/larealidaddelaplata.com.ar\/index.php\/wp-json\/wp\/v2\/media?parent=43627"}],"wp:term":[{"taxonomy":"category","embeddable":true,"href":"https:\/\/larealidaddelaplata.com.ar\/index.php\/wp-json\/wp\/v2\/categories?post=43627"},{"taxonomy":"post_tag","embeddable":true,"href":"https:\/\/larealidaddelaplata.com.ar\/index.php\/wp-json\/wp\/v2\/tags?post=43627"}],"curies":[{"name":"wp","href":"https:\/\/api.w.org\/{rel}","templated":true}]}}