{"id":43634,"date":"2026-09-04T09:08:08","date_gmt":"2026-09-04T12:08:08","guid":{"rendered":"https:\/\/larealidaddelaplata.com.ar\/?p=43634"},"modified":"2026-09-04T10:08:16","modified_gmt":"2026-09-04T13:08:16","slug":"arranca-la-fiesta-del-inmigrante-en-berisso-mas-de-un-mes-de-cultura-gastronomia-y-tradiciones","status":"publish","type":"post","link":"https:\/\/larealidaddelaplata.com.ar\/index.php\/2026\/09\/04\/arranca-la-fiesta-del-inmigrante-en-berisso-mas-de-un-mes-de-cultura-gastronomia-y-tradiciones\/","title":{"rendered":"Arranca la fiesta del inmigrante en Berisso: m\u00e1s de un mes de cultura, gastronom\u00eda y tradiciones"},"content":{"rendered":"\n<p class=\"wp-block-paragraph\">Berisso vuelve a celebrar sus ra\u00edces con el inicio de la <strong>49\u00b0 Fiesta Provincial del Inmigrante<\/strong>, un evento que re\u00fane a las colectividades y reivindica las tradiciones que forman parte de la identidad de la ciudad y la Regi\u00f3n.<\/p>\n\n\n\n<p class=\"wp-block-paragraph\">La apertura ser\u00e1 este <strong>viernes 4 de septiembre<\/strong>, a las 19, con una <strong>Celebraci\u00f3n Lit\u00fargica Ecum\u00e9nica<\/strong> en la Parroquia Mar\u00eda Auxiliadora, ubicada en calle 10 N\u00b0 4.450.<\/p>\n\n\n\n<p class=\"wp-block-paragraph\">Las actividades continuar\u00e1n durante el fin de semana. El s\u00e1bado 5 habr\u00e1 una jornada solidaria de <strong>donaci\u00f3n de sangre<\/strong> en el Club Vostok, mientras que el domingo 6, desde las 15, se realizar\u00e1 la tradicional <strong>Posta del Inmigrante<\/strong>, con salida desde la sede de la Colectividad Griega.<\/p>\n\n\n\n<h2 class=\"wp-block-heading\">El tradicional desembarco<\/h2>\n\n\n\n<p class=\"wp-block-paragraph\">Uno de los momentos centrales ser\u00e1 el domingo <strong>13 de septiembre<\/strong>, cuando se realice el tradicional <strong>\u201cdesembarco de los inmigrantes\u201d<\/strong> en la zona de avenida Montevideo y Nueva York, en la Explanada del Puerto La Plata.<\/p>\n\n\n\n<p class=\"wp-block-paragraph\">La celebraci\u00f3n continuar\u00e1 durante las siguientes semanas con propuestas vinculadas a las distintas colectividades, adem\u00e1s de espect\u00e1culos y actividades gastron\u00f3micas.<\/p>\n\n\n\n<h2 class=\"wp-block-heading\">Embajadora y gran desfile<\/h2>\n\n\n\n<p class=\"wp-block-paragraph\">La agenda tendr\u00e1 otro momento destacado el <strong>s\u00e1bado 3 de octubre<\/strong>, cuando el Parque C\u00edvico sea escenario de la elecci\u00f3n de la <strong>Embajadora Cultural Provincial del Inmigrante<\/strong>. La actividad comenzar\u00e1 a las 20.<\/p>\n\n\n\n<p class=\"wp-block-paragraph\">El cierre de la edici\u00f3n ser\u00e1 el <strong>domingo 11 de octubre<\/strong> con el tradicional desfile sobre la avenida Montevideo, previsto para las 15.<\/p>\n\n\n\n<p class=\"wp-block-paragraph\">La jornada finalizar\u00e1 a las 20 con un <strong>show de cierre<\/strong>, que pondr\u00e1 punto final a m\u00e1s de un mes de celebraciones en Berisso.<\/p>\n","protected":false},"excerpt":{"rendered":"<p>Berisso vuelve a celebrar sus ra\u00edces con el inicio de la 49\u00b0 Fiesta Provincial del Inmigrante, un evento que re\u00fane a las colectividades y reivindica las tradiciones que forman parte de la identidad de la ciudad y la Regi\u00f3n. La apertura ser\u00e1 este viernes 4 de septiembre, a las 19, con una Celebraci\u00f3n Lit\u00fargica Ecum\u00e9nica en la Parroquia Mar\u00eda Auxiliadora, ubicada en calle 10 N\u00b0 4.450. Las actividades continuar\u00e1n durante&hellip;<\/p>\n","protected":false},"author":3,"featured_media":2449,"comment_status":"open","ping_status":"open","sticky":false,"template":"","format":"standard","meta":{"_acf_changed":false,"footnotes":""},"categories":[2],"tags":[],"class_list":["post-43634","post","type-post","status-publish","format-standard","has-post-thumbnail","hentry","category-provincia"],"acf":[],"aioseo_notices":[],"aioseo_head":"\n\t\t<!-- All in One SEO 5.0.1.1 - aioseo.com -->\n\t<meta name=\"description\" content=\"Berisso vuelve a celebrar sus ra\u00edces con el inicio de la 49\u00b0 Fiesta Provincial del Inmigrante, un evento que re\u00fane a las colectividades y reivindica las tradiciones que forman parte de la identidad de la ciudad y la Regi\u00f3n. La apertura ser\u00e1 este viernes 4 de septiembre, a las 19, con una Celebraci\u00f3n Lit\u00fargica Ecum\u00e9nica\" \/>\n\t<meta name=\"robots\" content=\"max-snippet:-1, max-image-preview:large, max-video-preview:-1\" \/>\n\t<meta name=\"author\" content=\"Riso\"\/>\n\t<link rel=\"canonical\" href=\"https:\/\/larealidaddelaplata.com.ar\/index.php\/2026\/09\/04\/arranca-la-fiesta-del-inmigrante-en-berisso-mas-de-un-mes-de-cultura-gastronomia-y-tradiciones\/\" \/>\n\t<meta name=\"generator\" content=\"All in One SEO (AIOSEO) 5.0.1.1\" \/>\n\t\t<script type=\"application\/ld+json\" class=\"aioseo-schema\">\n\t\t\t{\"@context\":\"https:\\\/\\\/schema.org\",\"@graph\":[{\"@type\":\"Article\",\"@id\":\"https:\\\/\\\/larealidaddelaplata.com.ar\\\/index.php\\\/2026\\\/09\\\/04\\\/arranca-la-fiesta-del-inmigrante-en-berisso-mas-de-un-mes-de-cultura-gastronomia-y-tradiciones\\\/#article\",\"name\":\"Arranca la fiesta del inmigrante en Berisso: m\\u00e1s de un mes de cultura, gastronom\\u00eda y tradiciones | larealidaddelaplata.com.ar\",\"headline\":\"Arranca la fiesta del inmigrante en Berisso: m\\u00e1s de un mes de cultura, gastronom\\u00eda y tradiciones\",\"author\":{\"@id\":\"https:\\\/\\\/larealidaddelaplata.com.ar\\\/index.php\\\/author\\\/riso\\\/#author\"},\"publisher\":{\"@id\":\"https:\\\/\\\/larealidaddelaplata.com.ar\\\/#organization\"},\"image\":{\"@type\":\"ImageObject\",\"url\":\"https:\\\/\\\/larealidaddelaplata.com.ar\\\/wp-content\\\/uploads\\\/2020\\\/08\\\/Fiesta-del-inmigrante.jpg\",\"width\":800,\"height\":454},\"datePublished\":\"2026-09-04T09:08:08-03:00\",\"dateModified\":\"2026-09-04T10:08:16-03:00\",\"inLanguage\":\"es-AR\",\"mainEntityOfPage\":{\"@id\":\"https:\\\/\\\/larealidaddelaplata.com.ar\\\/index.php\\\/2026\\\/09\\\/04\\\/arranca-la-fiesta-del-inmigrante-en-berisso-mas-de-un-mes-de-cultura-gastronomia-y-tradiciones\\\/#webpage\"},\"isPartOf\":{\"@id\":\"https:\\\/\\\/larealidaddelaplata.com.ar\\\/index.php\\\/2026\\\/09\\\/04\\\/arranca-la-fiesta-del-inmigrante-en-berisso-mas-de-un-mes-de-cultura-gastronomia-y-tradiciones\\\/#webpage\"},\"articleSection\":\"Provincia\"},{\"@type\":\"BreadcrumbList\",\"@id\":\"https:\\\/\\\/larealidaddelaplata.com.ar\\\/index.php\\\/2026\\\/09\\\/04\\\/arranca-la-fiesta-del-inmigrante-en-berisso-mas-de-un-mes-de-cultura-gastronomia-y-tradiciones\\\/#breadcrumblist\",\"itemListElement\":[{\"@type\":\"ListItem\",\"@id\":\"https:\\\/\\\/larealidaddelaplata.com.ar#listItem\",\"position\":1,\"name\":\"Home\",\"item\":\"https:\\\/\\\/larealidaddelaplata.com.ar\",\"nextItem\":{\"@type\":\"ListItem\",\"@id\":\"https:\\\/\\\/larealidaddelaplata.com.ar\\\/index.php\\\/category\\\/provincia\\\/#listItem\",\"name\":\"Provincia\"}},{\"@type\":\"ListItem\",\"@id\":\"https:\\\/\\\/larealidaddelaplata.com.ar\\\/index.php\\\/category\\\/provincia\\\/#listItem\",\"position\":2,\"name\":\"Provincia\",\"item\":\"https:\\\/\\\/larealidaddelaplata.com.ar\\\/index.php\\\/category\\\/provincia\\\/\",\"nextItem\":{\"@type\":\"ListItem\",\"@id\":\"https:\\\/\\\/larealidaddelaplata.com.ar\\\/index.php\\\/2026\\\/09\\\/04\\\/arranca-la-fiesta-del-inmigrante-en-berisso-mas-de-un-mes-de-cultura-gastronomia-y-tradiciones\\\/#listItem\",\"name\":\"Arranca la fiesta del inmigrante en Berisso: m\\u00e1s de un mes de cultura, gastronom\\u00eda y tradiciones\"},\"previousItem\":{\"@type\":\"ListItem\",\"@id\":\"https:\\\/\\\/larealidaddelaplata.com.ar#listItem\",\"name\":\"Home\"}},{\"@type\":\"ListItem\",\"@id\":\"https:\\\/\\\/larealidaddelaplata.com.ar\\\/index.php\\\/2026\\\/09\\\/04\\\/arranca-la-fiesta-del-inmigrante-en-berisso-mas-de-un-mes-de-cultura-gastronomia-y-tradiciones\\\/#listItem\",\"position\":3,\"name\":\"Arranca la fiesta del inmigrante en Berisso: m\\u00e1s de un mes de cultura, gastronom\\u00eda y tradiciones\",\"previousItem\":{\"@type\":\"ListItem\",\"@id\":\"https:\\\/\\\/larealidaddelaplata.com.ar\\\/index.php\\\/category\\\/provincia\\\/#listItem\",\"name\":\"Provincia\"}}]},{\"@type\":\"Organization\",\"@id\":\"https:\\\/\\\/larealidaddelaplata.com.ar\\\/#organization\",\"name\":\"La Realidad de La Plata\",\"description\":\"Tu portal de noticias sobre la realidad la Provincia de Buenos Aires y La Plata\",\"url\":\"https:\\\/\\\/larealidaddelaplata.com.ar\\\/\",\"logo\":{\"@type\":\"ImageObject\",\"url\":\"https:\\\/\\\/larealidaddelaplata.com.ar\\\/wp-content\\\/uploads\\\/2021\\\/01\\\/cropped-Diseno-sin-titulo-1-1.png\",\"@id\":\"https:\\\/\\\/larealidaddelaplata.com.ar\\\/index.php\\\/2026\\\/09\\\/04\\\/arranca-la-fiesta-del-inmigrante-en-berisso-mas-de-un-mes-de-cultura-gastronomia-y-tradiciones\\\/#organizationLogo\",\"width\":1920,\"height\":355},\"image\":{\"@id\":\"https:\\\/\\\/larealidaddelaplata.com.ar\\\/index.php\\\/2026\\\/09\\\/04\\\/arranca-la-fiesta-del-inmigrante-en-berisso-mas-de-un-mes-de-cultura-gastronomia-y-tradiciones\\\/#organizationLogo\"}},{\"@type\":\"Person\",\"@id\":\"https:\\\/\\\/larealidaddelaplata.com.ar\\\/index.php\\\/author\\\/riso\\\/#author\",\"url\":\"https:\\\/\\\/larealidaddelaplata.com.ar\\\/index.php\\\/author\\\/riso\\\/\",\"name\":\"Riso\",\"image\":{\"@type\":\"ImageObject\",\"@id\":\"https:\\\/\\\/larealidaddelaplata.com.ar\\\/index.php\\\/2026\\\/09\\\/04\\\/arranca-la-fiesta-del-inmigrante-en-berisso-mas-de-un-mes-de-cultura-gastronomia-y-tradiciones\\\/#authorImage\",\"url\":\"https:\\\/\\\/secure.gravatar.com\\\/avatar\\\/b8a29b1cb80c18109fbc4f4f76150b29d5a28fa492bc41c870351ccfbbabbeef?s=96&d=mm&r=g\",\"width\":96,\"height\":96,\"caption\":\"Riso\"}},{\"@type\":\"WebPage\",\"@id\":\"https:\\\/\\\/larealidaddelaplata.com.ar\\\/index.php\\\/2026\\\/09\\\/04\\\/arranca-la-fiesta-del-inmigrante-en-berisso-mas-de-un-mes-de-cultura-gastronomia-y-tradiciones\\\/#webpage\",\"url\":\"https:\\\/\\\/larealidaddelaplata.com.ar\\\/index.php\\\/2026\\\/09\\\/04\\\/arranca-la-fiesta-del-inmigrante-en-berisso-mas-de-un-mes-de-cultura-gastronomia-y-tradiciones\\\/\",\"name\":\"Arranca la fiesta del inmigrante en Berisso: m\\u00e1s de un mes de cultura, gastronom\\u00eda y tradiciones | larealidaddelaplata.com.ar\",\"description\":\"Berisso vuelve a celebrar sus ra\\u00edces con el inicio de la 49\\u00b0 Fiesta Provincial del Inmigrante, un evento que re\\u00fane a las colectividades y reivindica las tradiciones que forman parte de la identidad de la ciudad y la Regi\\u00f3n. La apertura ser\\u00e1 este viernes 4 de septiembre, a las 19, con una Celebraci\\u00f3n Lit\\u00fargica Ecum\\u00e9nica\",\"inLanguage\":\"es-AR\",\"isPartOf\":{\"@id\":\"https:\\\/\\\/larealidaddelaplata.com.ar\\\/#website\"},\"breadcrumb\":{\"@id\":\"https:\\\/\\\/larealidaddelaplata.com.ar\\\/index.php\\\/2026\\\/09\\\/04\\\/arranca-la-fiesta-del-inmigrante-en-berisso-mas-de-un-mes-de-cultura-gastronomia-y-tradiciones\\\/#breadcrumblist\"},\"author\":{\"@id\":\"https:\\\/\\\/larealidaddelaplata.com.ar\\\/index.php\\\/author\\\/riso\\\/#author\"},\"creator\":{\"@id\":\"https:\\\/\\\/larealidaddelaplata.com.ar\\\/index.php\\\/author\\\/riso\\\/#author\"},\"image\":{\"@type\":\"ImageObject\",\"url\":\"https:\\\/\\\/larealidaddelaplata.com.ar\\\/wp-content\\\/uploads\\\/2020\\\/08\\\/Fiesta-del-inmigrante.jpg\",\"@id\":\"https:\\\/\\\/larealidaddelaplata.com.ar\\\/index.php\\\/2026\\\/09\\\/04\\\/arranca-la-fiesta-del-inmigrante-en-berisso-mas-de-un-mes-de-cultura-gastronomia-y-tradiciones\\\/#mainImage\",\"width\":800,\"height\":454},\"primaryImageOfPage\":{\"@id\":\"https:\\\/\\\/larealidaddelaplata.com.ar\\\/index.php\\\/2026\\\/09\\\/04\\\/arranca-la-fiesta-del-inmigrante-en-berisso-mas-de-un-mes-de-cultura-gastronomia-y-tradiciones\\\/#mainImage\"},\"datePublished\":\"2026-09-04T09:08:08-03:00\",\"dateModified\":\"2026-09-04T10:08:16-03:00\"},{\"@type\":\"WebSite\",\"@id\":\"https:\\\/\\\/larealidaddelaplata.com.ar\\\/#website\",\"url\":\"https:\\\/\\\/larealidaddelaplata.com.ar\\\/\",\"name\":\"La Realidad de La Plata\",\"description\":\"Tu portal de noticias sobre la realidad la Provincia de Buenos Aires y La Plata\",\"inLanguage\":\"es-AR\",\"publisher\":{\"@id\":\"https:\\\/\\\/larealidaddelaplata.com.ar\\\/#organization\"}}]}\n\t\t<\/script>\n\t\t<!-- All in One SEO -->\n\n","aioseo_head_json":{"title":"Arranca la fiesta del inmigrante en Berisso: m\u00e1s de un mes de cultura, gastronom\u00eda y tradiciones | larealidaddelaplata.com.ar","description":"Berisso vuelve a celebrar sus ra\u00edces con el inicio de la 49\u00b0 Fiesta Provincial del Inmigrante, un evento que re\u00fane a las colectividades y reivindica las tradiciones que forman parte de la identidad de la ciudad y la Regi\u00f3n. La apertura ser\u00e1 este viernes 4 de septiembre, a las 19, con una Celebraci\u00f3n Lit\u00fargica Ecum\u00e9nica","canonical_url":"https:\/\/larealidaddelaplata.com.ar\/index.php\/2026\/09\/04\/arranca-la-fiesta-del-inmigrante-en-berisso-mas-de-un-mes-de-cultura-gastronomia-y-tradiciones\/","robots":"max-snippet:-1, max-image-preview:large, max-video-preview:-1","keywords":"","webmasterTools":{"miscellaneous":""},"schema":{"@context":"https:\/\/schema.org","@graph":[{"@type":"Article","@id":"https:\/\/larealidaddelaplata.com.ar\/index.php\/2026\/09\/04\/arranca-la-fiesta-del-inmigrante-en-berisso-mas-de-un-mes-de-cultura-gastronomia-y-tradiciones\/#article","name":"Arranca la fiesta del inmigrante en Berisso: m\u00e1s de un mes de cultura, gastronom\u00eda y tradiciones | larealidaddelaplata.com.ar","headline":"Arranca la fiesta del inmigrante en Berisso: m\u00e1s de un mes de cultura, gastronom\u00eda y tradiciones","author":{"@id":"https:\/\/larealidaddelaplata.com.ar\/index.php\/author\/riso\/#author"},"publisher":{"@id":"https:\/\/larealidaddelaplata.com.ar\/#organization"},"image":{"@type":"ImageObject","url":"https:\/\/larealidaddelaplata.com.ar\/wp-content\/uploads\/2020\/08\/Fiesta-del-inmigrante.jpg","width":800,"height":454},"datePublished":"2026-09-04T09:08:08-03:00","dateModified":"2026-09-04T10:08:16-03:00","inLanguage":"es-AR","mainEntityOfPage":{"@id":"https:\/\/larealidaddelaplata.com.ar\/index.php\/2026\/09\/04\/arranca-la-fiesta-del-inmigrante-en-berisso-mas-de-un-mes-de-cultura-gastronomia-y-tradiciones\/#webpage"},"isPartOf":{"@id":"https:\/\/larealidaddelaplata.com.ar\/index.php\/2026\/09\/04\/arranca-la-fiesta-del-inmigrante-en-berisso-mas-de-un-mes-de-cultura-gastronomia-y-tradiciones\/#webpage"},"articleSection":"Provincia"},{"@type":"BreadcrumbList","@id":"https:\/\/larealidaddelaplata.com.ar\/index.php\/2026\/09\/04\/arranca-la-fiesta-del-inmigrante-en-berisso-mas-de-un-mes-de-cultura-gastronomia-y-tradiciones\/#breadcrumblist","itemListElement":[{"@type":"ListItem","@id":"https:\/\/larealidaddelaplata.com.ar#listItem","position":1,"name":"Home","item":"https:\/\/larealidaddelaplata.com.ar","nextItem":{"@type":"ListItem","@id":"https:\/\/larealidaddelaplata.com.ar\/index.php\/category\/provincia\/#listItem","name":"Provincia"}},{"@type":"ListItem","@id":"https:\/\/larealidaddelaplata.com.ar\/index.php\/category\/provincia\/#listItem","position":2,"name":"Provincia","item":"https:\/\/larealidaddelaplata.com.ar\/index.php\/category\/provincia\/","nextItem":{"@type":"ListItem","@id":"https:\/\/larealidaddelaplata.com.ar\/index.php\/2026\/09\/04\/arranca-la-fiesta-del-inmigrante-en-berisso-mas-de-un-mes-de-cultura-gastronomia-y-tradiciones\/#listItem","name":"Arranca la fiesta del inmigrante en Berisso: m\u00e1s de un mes de cultura, gastronom\u00eda y tradiciones"},"previousItem":{"@type":"ListItem","@id":"https:\/\/larealidaddelaplata.com.ar#listItem","name":"Home"}},{"@type":"ListItem","@id":"https:\/\/larealidaddelaplata.com.ar\/index.php\/2026\/09\/04\/arranca-la-fiesta-del-inmigrante-en-berisso-mas-de-un-mes-de-cultura-gastronomia-y-tradiciones\/#listItem","position":3,"name":"Arranca la fiesta del inmigrante en Berisso: m\u00e1s de un mes de cultura, gastronom\u00eda y tradiciones","previousItem":{"@type":"ListItem","@id":"https:\/\/larealidaddelaplata.com.ar\/index.php\/category\/provincia\/#listItem","name":"Provincia"}}]},{"@type":"Organization","@id":"https:\/\/larealidaddelaplata.com.ar\/#organization","name":"La Realidad de La Plata","description":"Tu portal de noticias sobre la realidad la Provincia de Buenos Aires y La Plata","url":"https:\/\/larealidaddelaplata.com.ar\/","logo":{"@type":"ImageObject","url":"https:\/\/larealidaddelaplata.com.ar\/wp-content\/uploads\/2021\/01\/cropped-Diseno-sin-titulo-1-1.png","@id":"https:\/\/larealidaddelaplata.com.ar\/index.php\/2026\/09\/04\/arranca-la-fiesta-del-inmigrante-en-berisso-mas-de-un-mes-de-cultura-gastronomia-y-tradiciones\/#organizationLogo","width":1920,"height":355},"image":{"@id":"https:\/\/larealidaddelaplata.com.ar\/index.php\/2026\/09\/04\/arranca-la-fiesta-del-inmigrante-en-berisso-mas-de-un-mes-de-cultura-gastronomia-y-tradiciones\/#organizationLogo"}},{"@type":"Person","@id":"https:\/\/larealidaddelaplata.com.ar\/index.php\/author\/riso\/#author","url":"https:\/\/larealidaddelaplata.com.ar\/index.php\/author\/riso\/","name":"Riso","image":{"@type":"ImageObject","@id":"https:\/\/larealidaddelaplata.com.ar\/index.php\/2026\/09\/04\/arranca-la-fiesta-del-inmigrante-en-berisso-mas-de-un-mes-de-cultura-gastronomia-y-tradiciones\/#authorImage","url":"https:\/\/secure.gravatar.com\/avatar\/b8a29b1cb80c18109fbc4f4f76150b29d5a28fa492bc41c870351ccfbbabbeef?s=96&d=mm&r=g","width":96,"height":96,"caption":"Riso"}},{"@type":"WebPage","@id":"https:\/\/larealidaddelaplata.com.ar\/index.php\/2026\/09\/04\/arranca-la-fiesta-del-inmigrante-en-berisso-mas-de-un-mes-de-cultura-gastronomia-y-tradiciones\/#webpage","url":"https:\/\/larealidaddelaplata.com.ar\/index.php\/2026\/09\/04\/arranca-la-fiesta-del-inmigrante-en-berisso-mas-de-un-mes-de-cultura-gastronomia-y-tradiciones\/","name":"Arranca la fiesta del inmigrante en Berisso: m\u00e1s de un mes de cultura, gastronom\u00eda y tradiciones | larealidaddelaplata.com.ar","description":"Berisso vuelve a celebrar sus ra\u00edces con el inicio de la 49\u00b0 Fiesta Provincial del Inmigrante, un evento que re\u00fane a las colectividades y reivindica las tradiciones que forman parte de la identidad de la ciudad y la Regi\u00f3n. La apertura ser\u00e1 este viernes 4 de septiembre, a las 19, con una Celebraci\u00f3n Lit\u00fargica Ecum\u00e9nica","inLanguage":"es-AR","isPartOf":{"@id":"https:\/\/larealidaddelaplata.com.ar\/#website"},"breadcrumb":{"@id":"https:\/\/larealidaddelaplata.com.ar\/index.php\/2026\/09\/04\/arranca-la-fiesta-del-inmigrante-en-berisso-mas-de-un-mes-de-cultura-gastronomia-y-tradiciones\/#breadcrumblist"},"author":{"@id":"https:\/\/larealidaddelaplata.com.ar\/index.php\/author\/riso\/#author"},"creator":{"@id":"https:\/\/larealidaddelaplata.com.ar\/index.php\/author\/riso\/#author"},"image":{"@type":"ImageObject","url":"https:\/\/larealidaddelaplata.com.ar\/wp-content\/uploads\/2020\/08\/Fiesta-del-inmigrante.jpg","@id":"https:\/\/larealidaddelaplata.com.ar\/index.php\/2026\/09\/04\/arranca-la-fiesta-del-inmigrante-en-berisso-mas-de-un-mes-de-cultura-gastronomia-y-tradiciones\/#mainImage","width":800,"height":454},"primaryImageOfPage":{"@id":"https:\/\/larealidaddelaplata.com.ar\/index.php\/2026\/09\/04\/arranca-la-fiesta-del-inmigrante-en-berisso-mas-de-un-mes-de-cultura-gastronomia-y-tradiciones\/#mainImage"},"datePublished":"2026-09-04T09:08:08-03:00","dateModified":"2026-09-04T10:08:16-03:00"},{"@type":"WebSite","@id":"https:\/\/larealidaddelaplata.com.ar\/#website","url":"https:\/\/larealidaddelaplata.com.ar\/","name":"La Realidad de La Plata","description":"Tu portal de noticias sobre la realidad la Provincia de Buenos Aires y La Plata","inLanguage":"es-AR","publisher":{"@id":"https:\/\/larealidaddelaplata.com.ar\/#organization"}}]}},"aioseo_meta_data":{"post_id":"43634","title":null,"description":null,"keywords":null,"keyphrases":{"focus":{"keyphrase":"","score":0,"analysis":{"keyphraseInTitle":{"score":0,"maxScore":9,"error":1}}},"additional":[]},"primary_term":null,"canonical_url":null,"og_title":null,"og_description":null,"og_object_type":"default","og_image_type":"default","og_image_url":null,"og_image_width":null,"og_image_height":null,"og_image_custom_url":null,"og_image_custom_fields":null,"og_video":"","og_custom_url":null,"og_article_section":null,"og_article_tags":null,"twitter_use_og":false,"twitter_card":"default","twitter_image_type":"default","twitter_image_url":null,"twitter_image_custom_url":null,"twitter_image_custom_fields":null,"twitter_title":null,"twitter_description":null,"schema":{"blockGraphs":[],"customGraphs":[],"default":{"data":{"Article":[],"Course":[],"Dataset":[],"FAQPage":[],"Movie":[],"Person":[],"Product":[],"ProductReview":[],"Car":[],"Recipe":[],"Service":[],"SoftwareApplication":[],"WebPage":[]},"graphName":"Article","isEnabled":true},"graphs":[]},"schema_type":"default","schema_type_options":null,"pillar_content":false,"robots_default":true,"robots_noindex":false,"robots_noarchive":false,"robots_nosnippet":false,"robots_nofollow":false,"robots_noimageindex":false,"robots_noodp":false,"robots_notranslate":false,"robots_max_snippet":"-1","robots_max_videopreview":"-1","robots_max_imagepreview":"large","priority":null,"frequency":"default","location":null,"local_seo":null,"breadcrumb_settings":null,"limit_modified_date":false,"ai":{"faqs":[],"keyPoints":[],"schemas":[],"titles":[],"descriptions":[],"socialPosts":{"email":{"subject":"","preview":"","content":""},"linkedin":[],"twitter":[],"facebook":[],"instagram":[]}},"created":"2026-09-04 12:05:42","updated":"2026-09-04 13:08:17","seo_analyzer_scan_date":null,"focus_keyword":null,"additional_keywords":null,"truseo_locale":null},"_links":{"self":[{"href":"https:\/\/larealidaddelaplata.com.ar\/index.php\/wp-json\/wp\/v2\/posts\/43634","targetHints":{"allow":["GET"]}}],"collection":[{"href":"https:\/\/larealidaddelaplata.com.ar\/index.php\/wp-json\/wp\/v2\/posts"}],"about":[{"href":"https:\/\/larealidaddelaplata.com.ar\/index.php\/wp-json\/wp\/v2\/types\/post"}],"author":[{"embeddable":true,"href":"https:\/\/larealidaddelaplata.com.ar\/index.php\/wp-json\/wp\/v2\/users\/3"}],"replies":[{"embeddable":true,"href":"https:\/\/larealidaddelaplata.com.ar\/index.php\/wp-json\/wp\/v2\/comments?post=43634"}],"version-history":[{"count":1,"href":"https:\/\/larealidaddelaplata.com.ar\/index.php\/wp-json\/wp\/v2\/posts\/43634\/revisions"}],"predecessor-version":[{"id":43635,"href":"https:\/\/larealidaddelaplata.com.ar\/index.php\/wp-json\/wp\/v2\/posts\/43634\/revisions\/43635"}],"wp:featuredmedia":[{"embeddable":true,"href":"https:\/\/larealidaddelaplata.com.ar\/index.php\/wp-json\/wp\/v2\/media\/2449"}],"wp:attachment":[{"href":"https:\/\/larealidaddelaplata.com.ar\/index.php\/wp-json\/wp\/v2\/media?parent=43634"}],"wp:term":[{"taxonomy":"category","embeddable":true,"href":"https:\/\/larealidaddelaplata.com.ar\/index.php\/wp-json\/wp\/v2\/categories?post=43634"},{"taxonomy":"post_tag","embeddable":true,"href":"https:\/\/larealidaddelaplata.com.ar\/index.php\/wp-json\/wp\/v2\/tags?post=43634"}],"curies":[{"name":"wp","href":"https:\/\/api.w.org\/{rel}","templated":true}]}}