{"id":43636,"date":"2026-09-04T10:32:59","date_gmt":"2026-09-04T13:32:59","guid":{"rendered":"https:\/\/larealidaddelaplata.com.ar\/?p=43636"},"modified":"2026-09-04T10:33:01","modified_gmt":"2026-09-04T13:33:01","slug":"te-lo-resumo-fue-distingo-en-la-plata-se-cruzo-con-concejales-y-se-lo-dedico-a-cristina-fernandez-de-kirchner","status":"publish","type":"post","link":"https:\/\/larealidaddelaplata.com.ar\/index.php\/2026\/09\/04\/te-lo-resumo-fue-distingo-en-la-plata-se-cruzo-con-concejales-y-se-lo-dedico-a-cristina-fernandez-de-kirchner\/","title":{"rendered":"&#8220;Te Lo Resumo&#8221;: fue distingo en La Plata, se cruz\u00f3 con concejales y se lo dedic\u00f3 a Cristina Fernandez de Kirchner"},"content":{"rendered":"\n<p class=\"wp-block-paragraph\">El youtuber platense <strong>Jorge Pinarello<\/strong> fue reconocido este jueves por el Concejo Deliberante de La Plata como <strong>\u201cPersonalidad Destacada de la Cultura\u201d<\/strong>. La distinci\u00f3n fue impulsada por la presidenta del bloque de Fuerza Patria, Josefina Bolis, en reconocimiento a su trayectoria como creador de contenidos, cineasta y referente del an\u00e1lisis cinematogr\u00e1fico en redes.<\/p>\n\n\n\n<p class=\"wp-block-paragraph\">Pinarello agradeci\u00f3 a quienes promovieron el homenaje y a los concejales que acompa\u00f1aron la iniciativa. Tambi\u00e9n hizo una referencia al concejal Guillermo Bard\u00f3n, quien desde su banca aclar\u00f3 que su espacio no hab\u00eda votado a favor del reconocimiento.<\/p>\n\n\n\n<p class=\"wp-block-paragraph\">El momento de mayor tensi\u00f3n lleg\u00f3 cuando el creador decidi\u00f3 dedicar la distinci\u00f3n a <strong>Cristina Fern\u00e1ndez de Kirchner<\/strong>. \u201cSe lo dedico a la platense m\u00e1s importante de la historia\u201d, afirm\u00f3, antes de cuestionar al gobierno de Javier Milei y reivindicar a dirigentes del peronismo.<\/p>\n\n\n\n<h2 class=\"wp-block-heading\">El cruce con Nicol\u00e1s Morzone<\/h2>\n\n\n\n<p class=\"wp-block-paragraph\">Mientras Pinarello pronunciaba su discurso, el presidente del bloque PRO, <strong>Nicol\u00e1s Morzone<\/strong>, se levant\u00f3 de su banca y comenz\u00f3 a retirarse del recinto.<\/p>\n\n\n\n<p class=\"wp-block-paragraph\">Al pasar cerca del homenajeado, le manifest\u00f3 que el recinto no era el lugar para ese tipo de expresiones. Pinarello respondi\u00f3 desde el escenario y se\u00f1al\u00f3 que el concejal se retiraba \u201cindignado\u201d porque estaba hablando de pol\u00edtica.<\/p>\n\n\n\n<p class=\"wp-block-paragraph\">El youtuber continu\u00f3 con su discurso y cerr\u00f3 con consignas a favor de <strong>Per\u00f3n, Evita, Cristina, N\u00e9stor Kirchner y Axel Kicillof<\/strong>.<\/p>\n\n\n\n<figure class=\"wp-block-embed is-type-rich is-provider-x wp-block-embed-x\"><div class=\"wp-block-embed__wrapper\">\n<blockquote class=\"twitter-tweet\" data-width=\"550\" data-dnt=\"true\"><p lang=\"es\" dir=\"ltr\">\u201cA la platense m\u00e1s importante de la historia\u201d<br><br>Tras ser nombrado Personalidad Destacada en La Plata, Jorge \u201cTe lo Resumo\u201d Pinarello se lo dedic\u00f3 a Cristina Kirchner y remat\u00f3: \u201cViva Per\u00f3n, viva Evita, viva N\u00e9stor, viva Cristina y viva Axel tambi\u00e9n\u201d. <a href=\"https:\/\/t.co\/VtE7jN3YGP\">pic.twitter.com\/VtE7jN3YGP<\/a><\/p>&mdash; Corta (@somoscorta) <a href=\"https:\/\/x.com\/somoscorta\/status\/2095650085996532139?ref_src=twsrc%5Etfw\">September 3, 2026<\/a><\/blockquote><script async src=\"https:\/\/platform.x.com\/widgets.js\" charset=\"utf-8\"><\/script>\n<\/div><\/figure>\n\n\n\n<h2 class=\"wp-block-heading\">El reconocimiento a Pinarello<\/h2>\n\n\n\n<p class=\"wp-block-paragraph\">La distinci\u00f3n hab\u00eda sido presentada por <strong>Josefina Bolis<\/strong>, quien destac\u00f3 la trayectoria del creador de <em>Te Lo Resumo As\u00ed Nom\u00e1s<\/em> y su v\u00ednculo con La Plata.<\/p>\n\n\n\n<p class=\"wp-block-paragraph\">La concejala resalt\u00f3 su trabajo durante m\u00e1s de una d\u00e9cada y los m\u00e1s de <strong>7 millones de seguidores<\/strong> que re\u00fane su canal. Tambi\u00e9n destac\u00f3 los dos <strong>Mart\u00edn Fierro Digital<\/strong> que recibi\u00f3 Pinarello y su trayectoria como escritor y productor de contenidos.<\/p>\n\n\n\n<p class=\"wp-block-paragraph\">Nacido en el <strong>Barrio Cementerio de La Plata<\/strong>, Pinarello construy\u00f3 su popularidad a trav\u00e9s de contenidos sobre cine y series. <em>Te Lo Resumo As\u00ed Nom\u00e1s<\/em> cuenta actualmente con alrededor de <strong>7,65 millones de suscriptores<\/strong> y se encuentra entre los canales argentinos con mayor cantidad de seguidores.<\/p>\n","protected":false},"excerpt":{"rendered":"<p>El youtuber platense Jorge Pinarello fue reconocido este jueves por el Concejo Deliberante de La Plata como \u201cPersonalidad Destacada de la Cultura\u201d. La distinci\u00f3n fue impulsada por la presidenta del bloque de Fuerza Patria, Josefina Bolis, en reconocimiento a su trayectoria como creador de contenidos, cineasta y referente del an\u00e1lisis cinematogr\u00e1fico en redes. Pinarello agradeci\u00f3 a quienes promovieron el homenaje y a los concejales que acompa\u00f1aron la iniciativa. Tambi\u00e9n hizo&hellip;<\/p>\n","protected":false},"author":3,"featured_media":43637,"comment_status":"open","ping_status":"open","sticky":false,"template":"","format":"standard","meta":{"_acf_changed":false,"footnotes":""},"categories":[2],"tags":[],"class_list":["post-43636","post","type-post","status-publish","format-standard","has-post-thumbnail","hentry","category-provincia"],"acf":[],"aioseo_notices":[],"aioseo_head":"\n\t\t<!-- All in One SEO 5.0.1.1 - aioseo.com -->\n\t<meta name=\"description\" content=\"El youtuber platense Jorge Pinarello fue reconocido este jueves por el Concejo Deliberante de La Plata como \u201cPersonalidad Destacada de la Cultura\u201d. La distinci\u00f3n fue impulsada por la presidenta del bloque de Fuerza Patria, Josefina Bolis, en reconocimiento a su trayectoria como creador de contenidos, cineasta y referente del an\u00e1lisis cinematogr\u00e1fico en redes. Pinarello agradeci\u00f3\" \/>\n\t<meta name=\"robots\" content=\"max-snippet:-1, max-image-preview:large, max-video-preview:-1\" \/>\n\t<meta name=\"author\" content=\"Riso\"\/>\n\t<link rel=\"canonical\" href=\"https:\/\/larealidaddelaplata.com.ar\/index.php\/2026\/09\/04\/te-lo-resumo-fue-distingo-en-la-plata-se-cruzo-con-concejales-y-se-lo-dedico-a-cristina-fernandez-de-kirchner\/\" \/>\n\t<meta name=\"generator\" content=\"All in One SEO (AIOSEO) 5.0.1.1\" \/>\n\t\t<script type=\"application\/ld+json\" class=\"aioseo-schema\">\n\t\t\t{\"@context\":\"https:\\\/\\\/schema.org\",\"@graph\":[{\"@type\":\"Article\",\"@id\":\"https:\\\/\\\/larealidaddelaplata.com.ar\\\/index.php\\\/2026\\\/09\\\/04\\\/te-lo-resumo-fue-distingo-en-la-plata-se-cruzo-con-concejales-y-se-lo-dedico-a-cristina-fernandez-de-kirchner\\\/#article\",\"name\":\"\\u201cTe Lo Resumo\\u201d: fue distingo en La Plata, se cruz\\u00f3 con concejales y se lo dedic\\u00f3 a Cristina Fernandez de Kirchner | larealidaddelaplata.com.ar\",\"headline\":\"&#8220;Te Lo Resumo&#8221;: fue distingo en La Plata, se cruz\\u00f3 con concejales y se lo dedic\\u00f3 a Cristina Fernandez de Kirchner\",\"author\":{\"@id\":\"https:\\\/\\\/larealidaddelaplata.com.ar\\\/index.php\\\/author\\\/riso\\\/#author\"},\"publisher\":{\"@id\":\"https:\\\/\\\/larealidaddelaplata.com.ar\\\/#organization\"},\"image\":{\"@type\":\"ImageObject\",\"url\":\"https:\\\/\\\/larealidaddelaplata.com.ar\\\/wp-content\\\/uploads\\\/2026\\\/09\\\/Te-lo-resumo.jpeg\",\"width\":1400,\"height\":1259},\"datePublished\":\"2026-09-04T10:32:59-03:00\",\"dateModified\":\"2026-09-04T10:33:01-03:00\",\"inLanguage\":\"es-AR\",\"mainEntityOfPage\":{\"@id\":\"https:\\\/\\\/larealidaddelaplata.com.ar\\\/index.php\\\/2026\\\/09\\\/04\\\/te-lo-resumo-fue-distingo-en-la-plata-se-cruzo-con-concejales-y-se-lo-dedico-a-cristina-fernandez-de-kirchner\\\/#webpage\"},\"isPartOf\":{\"@id\":\"https:\\\/\\\/larealidaddelaplata.com.ar\\\/index.php\\\/2026\\\/09\\\/04\\\/te-lo-resumo-fue-distingo-en-la-plata-se-cruzo-con-concejales-y-se-lo-dedico-a-cristina-fernandez-de-kirchner\\\/#webpage\"},\"articleSection\":\"Provincia\"},{\"@type\":\"BreadcrumbList\",\"@id\":\"https:\\\/\\\/larealidaddelaplata.com.ar\\\/index.php\\\/2026\\\/09\\\/04\\\/te-lo-resumo-fue-distingo-en-la-plata-se-cruzo-con-concejales-y-se-lo-dedico-a-cristina-fernandez-de-kirchner\\\/#breadcrumblist\",\"itemListElement\":[{\"@type\":\"ListItem\",\"@id\":\"https:\\\/\\\/larealidaddelaplata.com.ar#listItem\",\"position\":1,\"name\":\"Home\",\"item\":\"https:\\\/\\\/larealidaddelaplata.com.ar\",\"nextItem\":{\"@type\":\"ListItem\",\"@id\":\"https:\\\/\\\/larealidaddelaplata.com.ar\\\/index.php\\\/category\\\/provincia\\\/#listItem\",\"name\":\"Provincia\"}},{\"@type\":\"ListItem\",\"@id\":\"https:\\\/\\\/larealidaddelaplata.com.ar\\\/index.php\\\/category\\\/provincia\\\/#listItem\",\"position\":2,\"name\":\"Provincia\",\"item\":\"https:\\\/\\\/larealidaddelaplata.com.ar\\\/index.php\\\/category\\\/provincia\\\/\",\"nextItem\":{\"@type\":\"ListItem\",\"@id\":\"https:\\\/\\\/larealidaddelaplata.com.ar\\\/index.php\\\/2026\\\/09\\\/04\\\/te-lo-resumo-fue-distingo-en-la-plata-se-cruzo-con-concejales-y-se-lo-dedico-a-cristina-fernandez-de-kirchner\\\/#listItem\",\"name\":\"&#8220;Te Lo Resumo&#8221;: fue distingo en La Plata, se cruz\\u00f3 con concejales y se lo dedic\\u00f3 a Cristina Fernandez de Kirchner\"},\"previousItem\":{\"@type\":\"ListItem\",\"@id\":\"https:\\\/\\\/larealidaddelaplata.com.ar#listItem\",\"name\":\"Home\"}},{\"@type\":\"ListItem\",\"@id\":\"https:\\\/\\\/larealidaddelaplata.com.ar\\\/index.php\\\/2026\\\/09\\\/04\\\/te-lo-resumo-fue-distingo-en-la-plata-se-cruzo-con-concejales-y-se-lo-dedico-a-cristina-fernandez-de-kirchner\\\/#listItem\",\"position\":3,\"name\":\"&#8220;Te Lo Resumo&#8221;: fue distingo en La Plata, se cruz\\u00f3 con concejales y se lo dedic\\u00f3 a Cristina Fernandez de Kirchner\",\"previousItem\":{\"@type\":\"ListItem\",\"@id\":\"https:\\\/\\\/larealidaddelaplata.com.ar\\\/index.php\\\/category\\\/provincia\\\/#listItem\",\"name\":\"Provincia\"}}]},{\"@type\":\"Organization\",\"@id\":\"https:\\\/\\\/larealidaddelaplata.com.ar\\\/#organization\",\"name\":\"La Realidad de La Plata\",\"description\":\"Tu portal de noticias sobre la realidad la Provincia de Buenos Aires y La Plata\",\"url\":\"https:\\\/\\\/larealidaddelaplata.com.ar\\\/\",\"logo\":{\"@type\":\"ImageObject\",\"url\":\"https:\\\/\\\/larealidaddelaplata.com.ar\\\/wp-content\\\/uploads\\\/2021\\\/01\\\/cropped-Diseno-sin-titulo-1-1.png\",\"@id\":\"https:\\\/\\\/larealidaddelaplata.com.ar\\\/index.php\\\/2026\\\/09\\\/04\\\/te-lo-resumo-fue-distingo-en-la-plata-se-cruzo-con-concejales-y-se-lo-dedico-a-cristina-fernandez-de-kirchner\\\/#organizationLogo\",\"width\":1920,\"height\":355},\"image\":{\"@id\":\"https:\\\/\\\/larealidaddelaplata.com.ar\\\/index.php\\\/2026\\\/09\\\/04\\\/te-lo-resumo-fue-distingo-en-la-plata-se-cruzo-con-concejales-y-se-lo-dedico-a-cristina-fernandez-de-kirchner\\\/#organizationLogo\"}},{\"@type\":\"Person\",\"@id\":\"https:\\\/\\\/larealidaddelaplata.com.ar\\\/index.php\\\/author\\\/riso\\\/#author\",\"url\":\"https:\\\/\\\/larealidaddelaplata.com.ar\\\/index.php\\\/author\\\/riso\\\/\",\"name\":\"Riso\",\"image\":{\"@type\":\"ImageObject\",\"@id\":\"https:\\\/\\\/larealidaddelaplata.com.ar\\\/index.php\\\/2026\\\/09\\\/04\\\/te-lo-resumo-fue-distingo-en-la-plata-se-cruzo-con-concejales-y-se-lo-dedico-a-cristina-fernandez-de-kirchner\\\/#authorImage\",\"url\":\"https:\\\/\\\/secure.gravatar.com\\\/avatar\\\/b8a29b1cb80c18109fbc4f4f76150b29d5a28fa492bc41c870351ccfbbabbeef?s=96&d=mm&r=g\",\"width\":96,\"height\":96,\"caption\":\"Riso\"}},{\"@type\":\"WebPage\",\"@id\":\"https:\\\/\\\/larealidaddelaplata.com.ar\\\/index.php\\\/2026\\\/09\\\/04\\\/te-lo-resumo-fue-distingo-en-la-plata-se-cruzo-con-concejales-y-se-lo-dedico-a-cristina-fernandez-de-kirchner\\\/#webpage\",\"url\":\"https:\\\/\\\/larealidaddelaplata.com.ar\\\/index.php\\\/2026\\\/09\\\/04\\\/te-lo-resumo-fue-distingo-en-la-plata-se-cruzo-con-concejales-y-se-lo-dedico-a-cristina-fernandez-de-kirchner\\\/\",\"name\":\"\\u201cTe Lo Resumo\\u201d: fue distingo en La Plata, se cruz\\u00f3 con concejales y se lo dedic\\u00f3 a Cristina Fernandez de Kirchner | larealidaddelaplata.com.ar\",\"description\":\"El youtuber platense Jorge Pinarello fue reconocido este jueves por el Concejo Deliberante de La Plata como \\u201cPersonalidad Destacada de la Cultura\\u201d. La distinci\\u00f3n fue impulsada por la presidenta del bloque de Fuerza Patria, Josefina Bolis, en reconocimiento a su trayectoria como creador de contenidos, cineasta y referente del an\\u00e1lisis cinematogr\\u00e1fico en redes. Pinarello agradeci\\u00f3\",\"inLanguage\":\"es-AR\",\"isPartOf\":{\"@id\":\"https:\\\/\\\/larealidaddelaplata.com.ar\\\/#website\"},\"breadcrumb\":{\"@id\":\"https:\\\/\\\/larealidaddelaplata.com.ar\\\/index.php\\\/2026\\\/09\\\/04\\\/te-lo-resumo-fue-distingo-en-la-plata-se-cruzo-con-concejales-y-se-lo-dedico-a-cristina-fernandez-de-kirchner\\\/#breadcrumblist\"},\"author\":{\"@id\":\"https:\\\/\\\/larealidaddelaplata.com.ar\\\/index.php\\\/author\\\/riso\\\/#author\"},\"creator\":{\"@id\":\"https:\\\/\\\/larealidaddelaplata.com.ar\\\/index.php\\\/author\\\/riso\\\/#author\"},\"image\":{\"@type\":\"ImageObject\",\"url\":\"https:\\\/\\\/larealidaddelaplata.com.ar\\\/wp-content\\\/uploads\\\/2026\\\/09\\\/Te-lo-resumo.jpeg\",\"@id\":\"https:\\\/\\\/larealidaddelaplata.com.ar\\\/index.php\\\/2026\\\/09\\\/04\\\/te-lo-resumo-fue-distingo-en-la-plata-se-cruzo-con-concejales-y-se-lo-dedico-a-cristina-fernandez-de-kirchner\\\/#mainImage\",\"width\":1400,\"height\":1259},\"primaryImageOfPage\":{\"@id\":\"https:\\\/\\\/larealidaddelaplata.com.ar\\\/index.php\\\/2026\\\/09\\\/04\\\/te-lo-resumo-fue-distingo-en-la-plata-se-cruzo-con-concejales-y-se-lo-dedico-a-cristina-fernandez-de-kirchner\\\/#mainImage\"},\"datePublished\":\"2026-09-04T10:32:59-03:00\",\"dateModified\":\"2026-09-04T10:33:01-03:00\"},{\"@type\":\"WebSite\",\"@id\":\"https:\\\/\\\/larealidaddelaplata.com.ar\\\/#website\",\"url\":\"https:\\\/\\\/larealidaddelaplata.com.ar\\\/\",\"name\":\"La Realidad de La Plata\",\"description\":\"Tu portal de noticias sobre la realidad la Provincia de Buenos Aires y La Plata\",\"inLanguage\":\"es-AR\",\"publisher\":{\"@id\":\"https:\\\/\\\/larealidaddelaplata.com.ar\\\/#organization\"}}]}\n\t\t<\/script>\n\t\t<!-- All in One SEO -->\n\n","aioseo_head_json":{"title":"\u201cTe Lo Resumo\u201d: fue distingo en La Plata, se cruz\u00f3 con concejales y se lo dedic\u00f3 a Cristina Fernandez de Kirchner | larealidaddelaplata.com.ar","description":"El youtuber platense Jorge Pinarello fue reconocido este jueves por el Concejo Deliberante de La Plata como \u201cPersonalidad Destacada de la Cultura\u201d. La distinci\u00f3n fue impulsada por la presidenta del bloque de Fuerza Patria, Josefina Bolis, en reconocimiento a su trayectoria como creador de contenidos, cineasta y referente del an\u00e1lisis cinematogr\u00e1fico en redes. Pinarello agradeci\u00f3","canonical_url":"https:\/\/larealidaddelaplata.com.ar\/index.php\/2026\/09\/04\/te-lo-resumo-fue-distingo-en-la-plata-se-cruzo-con-concejales-y-se-lo-dedico-a-cristina-fernandez-de-kirchner\/","robots":"max-snippet:-1, max-image-preview:large, max-video-preview:-1","keywords":"","webmasterTools":{"miscellaneous":""},"schema":{"@context":"https:\/\/schema.org","@graph":[{"@type":"Article","@id":"https:\/\/larealidaddelaplata.com.ar\/index.php\/2026\/09\/04\/te-lo-resumo-fue-distingo-en-la-plata-se-cruzo-con-concejales-y-se-lo-dedico-a-cristina-fernandez-de-kirchner\/#article","name":"\u201cTe Lo Resumo\u201d: fue distingo en La Plata, se cruz\u00f3 con concejales y se lo dedic\u00f3 a Cristina Fernandez de Kirchner | larealidaddelaplata.com.ar","headline":"&#8220;Te Lo Resumo&#8221;: fue distingo en La Plata, se cruz\u00f3 con concejales y se lo dedic\u00f3 a Cristina Fernandez de Kirchner","author":{"@id":"https:\/\/larealidaddelaplata.com.ar\/index.php\/author\/riso\/#author"},"publisher":{"@id":"https:\/\/larealidaddelaplata.com.ar\/#organization"},"image":{"@type":"ImageObject","url":"https:\/\/larealidaddelaplata.com.ar\/wp-content\/uploads\/2026\/09\/Te-lo-resumo.jpeg","width":1400,"height":1259},"datePublished":"2026-09-04T10:32:59-03:00","dateModified":"2026-09-04T10:33:01-03:00","inLanguage":"es-AR","mainEntityOfPage":{"@id":"https:\/\/larealidaddelaplata.com.ar\/index.php\/2026\/09\/04\/te-lo-resumo-fue-distingo-en-la-plata-se-cruzo-con-concejales-y-se-lo-dedico-a-cristina-fernandez-de-kirchner\/#webpage"},"isPartOf":{"@id":"https:\/\/larealidaddelaplata.com.ar\/index.php\/2026\/09\/04\/te-lo-resumo-fue-distingo-en-la-plata-se-cruzo-con-concejales-y-se-lo-dedico-a-cristina-fernandez-de-kirchner\/#webpage"},"articleSection":"Provincia"},{"@type":"BreadcrumbList","@id":"https:\/\/larealidaddelaplata.com.ar\/index.php\/2026\/09\/04\/te-lo-resumo-fue-distingo-en-la-plata-se-cruzo-con-concejales-y-se-lo-dedico-a-cristina-fernandez-de-kirchner\/#breadcrumblist","itemListElement":[{"@type":"ListItem","@id":"https:\/\/larealidaddelaplata.com.ar#listItem","position":1,"name":"Home","item":"https:\/\/larealidaddelaplata.com.ar","nextItem":{"@type":"ListItem","@id":"https:\/\/larealidaddelaplata.com.ar\/index.php\/category\/provincia\/#listItem","name":"Provincia"}},{"@type":"ListItem","@id":"https:\/\/larealidaddelaplata.com.ar\/index.php\/category\/provincia\/#listItem","position":2,"name":"Provincia","item":"https:\/\/larealidaddelaplata.com.ar\/index.php\/category\/provincia\/","nextItem":{"@type":"ListItem","@id":"https:\/\/larealidaddelaplata.com.ar\/index.php\/2026\/09\/04\/te-lo-resumo-fue-distingo-en-la-plata-se-cruzo-con-concejales-y-se-lo-dedico-a-cristina-fernandez-de-kirchner\/#listItem","name":"&#8220;Te Lo Resumo&#8221;: fue distingo en La Plata, se cruz\u00f3 con concejales y se lo dedic\u00f3 a Cristina Fernandez de Kirchner"},"previousItem":{"@type":"ListItem","@id":"https:\/\/larealidaddelaplata.com.ar#listItem","name":"Home"}},{"@type":"ListItem","@id":"https:\/\/larealidaddelaplata.com.ar\/index.php\/2026\/09\/04\/te-lo-resumo-fue-distingo-en-la-plata-se-cruzo-con-concejales-y-se-lo-dedico-a-cristina-fernandez-de-kirchner\/#listItem","position":3,"name":"&#8220;Te Lo Resumo&#8221;: fue distingo en La Plata, se cruz\u00f3 con concejales y se lo dedic\u00f3 a Cristina Fernandez de Kirchner","previousItem":{"@type":"ListItem","@id":"https:\/\/larealidaddelaplata.com.ar\/index.php\/category\/provincia\/#listItem","name":"Provincia"}}]},{"@type":"Organization","@id":"https:\/\/larealidaddelaplata.com.ar\/#organization","name":"La Realidad de La Plata","description":"Tu portal de noticias sobre la realidad la Provincia de Buenos Aires y La Plata","url":"https:\/\/larealidaddelaplata.com.ar\/","logo":{"@type":"ImageObject","url":"https:\/\/larealidaddelaplata.com.ar\/wp-content\/uploads\/2021\/01\/cropped-Diseno-sin-titulo-1-1.png","@id":"https:\/\/larealidaddelaplata.com.ar\/index.php\/2026\/09\/04\/te-lo-resumo-fue-distingo-en-la-plata-se-cruzo-con-concejales-y-se-lo-dedico-a-cristina-fernandez-de-kirchner\/#organizationLogo","width":1920,"height":355},"image":{"@id":"https:\/\/larealidaddelaplata.com.ar\/index.php\/2026\/09\/04\/te-lo-resumo-fue-distingo-en-la-plata-se-cruzo-con-concejales-y-se-lo-dedico-a-cristina-fernandez-de-kirchner\/#organizationLogo"}},{"@type":"Person","@id":"https:\/\/larealidaddelaplata.com.ar\/index.php\/author\/riso\/#author","url":"https:\/\/larealidaddelaplata.com.ar\/index.php\/author\/riso\/","name":"Riso","image":{"@type":"ImageObject","@id":"https:\/\/larealidaddelaplata.com.ar\/index.php\/2026\/09\/04\/te-lo-resumo-fue-distingo-en-la-plata-se-cruzo-con-concejales-y-se-lo-dedico-a-cristina-fernandez-de-kirchner\/#authorImage","url":"https:\/\/secure.gravatar.com\/avatar\/b8a29b1cb80c18109fbc4f4f76150b29d5a28fa492bc41c870351ccfbbabbeef?s=96&d=mm&r=g","width":96,"height":96,"caption":"Riso"}},{"@type":"WebPage","@id":"https:\/\/larealidaddelaplata.com.ar\/index.php\/2026\/09\/04\/te-lo-resumo-fue-distingo-en-la-plata-se-cruzo-con-concejales-y-se-lo-dedico-a-cristina-fernandez-de-kirchner\/#webpage","url":"https:\/\/larealidaddelaplata.com.ar\/index.php\/2026\/09\/04\/te-lo-resumo-fue-distingo-en-la-plata-se-cruzo-con-concejales-y-se-lo-dedico-a-cristina-fernandez-de-kirchner\/","name":"\u201cTe Lo Resumo\u201d: fue distingo en La Plata, se cruz\u00f3 con concejales y se lo dedic\u00f3 a Cristina Fernandez de Kirchner | larealidaddelaplata.com.ar","description":"El youtuber platense Jorge Pinarello fue reconocido este jueves por el Concejo Deliberante de La Plata como \u201cPersonalidad Destacada de la Cultura\u201d. La distinci\u00f3n fue impulsada por la presidenta del bloque de Fuerza Patria, Josefina Bolis, en reconocimiento a su trayectoria como creador de contenidos, cineasta y referente del an\u00e1lisis cinematogr\u00e1fico en redes. Pinarello agradeci\u00f3","inLanguage":"es-AR","isPartOf":{"@id":"https:\/\/larealidaddelaplata.com.ar\/#website"},"breadcrumb":{"@id":"https:\/\/larealidaddelaplata.com.ar\/index.php\/2026\/09\/04\/te-lo-resumo-fue-distingo-en-la-plata-se-cruzo-con-concejales-y-se-lo-dedico-a-cristina-fernandez-de-kirchner\/#breadcrumblist"},"author":{"@id":"https:\/\/larealidaddelaplata.com.ar\/index.php\/author\/riso\/#author"},"creator":{"@id":"https:\/\/larealidaddelaplata.com.ar\/index.php\/author\/riso\/#author"},"image":{"@type":"ImageObject","url":"https:\/\/larealidaddelaplata.com.ar\/wp-content\/uploads\/2026\/09\/Te-lo-resumo.jpeg","@id":"https:\/\/larealidaddelaplata.com.ar\/index.php\/2026\/09\/04\/te-lo-resumo-fue-distingo-en-la-plata-se-cruzo-con-concejales-y-se-lo-dedico-a-cristina-fernandez-de-kirchner\/#mainImage","width":1400,"height":1259},"primaryImageOfPage":{"@id":"https:\/\/larealidaddelaplata.com.ar\/index.php\/2026\/09\/04\/te-lo-resumo-fue-distingo-en-la-plata-se-cruzo-con-concejales-y-se-lo-dedico-a-cristina-fernandez-de-kirchner\/#mainImage"},"datePublished":"2026-09-04T10:32:59-03:00","dateModified":"2026-09-04T10:33:01-03:00"},{"@type":"WebSite","@id":"https:\/\/larealidaddelaplata.com.ar\/#website","url":"https:\/\/larealidaddelaplata.com.ar\/","name":"La Realidad de La Plata","description":"Tu portal de noticias sobre la realidad la Provincia de Buenos Aires y La Plata","inLanguage":"es-AR","publisher":{"@id":"https:\/\/larealidaddelaplata.com.ar\/#organization"}}]}},"aioseo_meta_data":{"post_id":"43636","title":null,"description":null,"keywords":null,"keyphrases":{"focus":{"keyphrase":"","score":0,"analysis":{"keyphraseInTitle":{"score":0,"maxScore":9,"error":1}}},"additional":[]},"primary_term":null,"canonical_url":null,"og_title":null,"og_description":null,"og_object_type":"default","og_image_type":"default","og_image_url":null,"og_image_width":null,"og_image_height":null,"og_image_custom_url":null,"og_image_custom_fields":null,"og_video":"","og_custom_url":null,"og_article_section":null,"og_article_tags":null,"twitter_use_og":false,"twitter_card":"default","twitter_image_type":"default","twitter_image_url":null,"twitter_image_custom_url":null,"twitter_image_custom_fields":null,"twitter_title":null,"twitter_description":null,"schema":{"blockGraphs":[],"customGraphs":[],"default":{"data":{"Article":[],"Course":[],"Dataset":[],"FAQPage":[],"Movie":[],"Person":[],"Product":[],"ProductReview":[],"Car":[],"Recipe":[],"Service":[],"SoftwareApplication":[],"WebPage":[]},"graphName":"Article","isEnabled":true},"graphs":[]},"schema_type":"default","schema_type_options":null,"pillar_content":false,"robots_default":true,"robots_noindex":false,"robots_noarchive":false,"robots_nosnippet":false,"robots_nofollow":false,"robots_noimageindex":false,"robots_noodp":false,"robots_notranslate":false,"robots_max_snippet":"-1","robots_max_videopreview":"-1","robots_max_imagepreview":"large","priority":null,"frequency":"default","location":null,"local_seo":null,"breadcrumb_settings":null,"limit_modified_date":false,"ai":{"faqs":[],"keyPoints":[],"schemas":[],"titles":[],"descriptions":[],"socialPosts":{"email":{"subject":"","preview":"","content":""},"linkedin":[],"twitter":[],"facebook":[],"instagram":[]}},"created":"2026-09-04 13:10:45","updated":"2026-09-04 13:33:03","seo_analyzer_scan_date":null,"focus_keyword":null,"additional_keywords":null,"truseo_locale":null},"_links":{"self":[{"href":"https:\/\/larealidaddelaplata.com.ar\/index.php\/wp-json\/wp\/v2\/posts\/43636","targetHints":{"allow":["GET"]}}],"collection":[{"href":"https:\/\/larealidaddelaplata.com.ar\/index.php\/wp-json\/wp\/v2\/posts"}],"about":[{"href":"https:\/\/larealidaddelaplata.com.ar\/index.php\/wp-json\/wp\/v2\/types\/post"}],"author":[{"embeddable":true,"href":"https:\/\/larealidaddelaplata.com.ar\/index.php\/wp-json\/wp\/v2\/users\/3"}],"replies":[{"embeddable":true,"href":"https:\/\/larealidaddelaplata.com.ar\/index.php\/wp-json\/wp\/v2\/comments?post=43636"}],"version-history":[{"count":1,"href":"https:\/\/larealidaddelaplata.com.ar\/index.php\/wp-json\/wp\/v2\/posts\/43636\/revisions"}],"predecessor-version":[{"id":43638,"href":"https:\/\/larealidaddelaplata.com.ar\/index.php\/wp-json\/wp\/v2\/posts\/43636\/revisions\/43638"}],"wp:featuredmedia":[{"embeddable":true,"href":"https:\/\/larealidaddelaplata.com.ar\/index.php\/wp-json\/wp\/v2\/media\/43637"}],"wp:attachment":[{"href":"https:\/\/larealidaddelaplata.com.ar\/index.php\/wp-json\/wp\/v2\/media?parent=43636"}],"wp:term":[{"taxonomy":"category","embeddable":true,"href":"https:\/\/larealidaddelaplata.com.ar\/index.php\/wp-json\/wp\/v2\/categories?post=43636"},{"taxonomy":"post_tag","embeddable":true,"href":"https:\/\/larealidaddelaplata.com.ar\/index.php\/wp-json\/wp\/v2\/tags?post=43636"}],"curies":[{"name":"wp","href":"https:\/\/api.w.org\/{rel}","templated":true}]}}