{"id":43639,"date":"2026-09-05T19:09:48","date_gmt":"2026-09-05T22:09:48","guid":{"rendered":"https:\/\/larealidaddelaplata.com.ar\/?p=43639"},"modified":"2026-09-05T19:09:51","modified_gmt":"2026-09-05T22:09:51","slug":"etapa-final-de-la-renovacion-de-plaza-espanol","status":"publish","type":"post","link":"https:\/\/larealidaddelaplata.com.ar\/index.php\/2026\/09\/05\/etapa-final-de-la-renovacion-de-plaza-espanol\/","title":{"rendered":"Etapa final de la renovaci\u00f3n de Plaza Espa\u00f1ol"},"content":{"rendered":"\n<p class=\"wp-block-paragraph\">La Municipalidad de La Plata inform\u00f3 que la obra de puesta en valor de Plaza Espa\u00f1a alcanz\u00f3 un 87% de ejecuci\u00f3n y entr\u00f3 en su etapa final. La intervenci\u00f3n busca renovar integralmente el hist\u00f3rico espacio verde ubicado entre las avenidas 7 y 66.<\/p>\n\n\n\n<p class=\"wp-block-paragraph\">Los trabajos forman parte del Plan de Recuperaci\u00f3n del Espacio P\u00fablico que lleva adelante la gesti\u00f3n del intendente Julio Alak y contemplan una reestructuraci\u00f3n del dise\u00f1o de la plaza, mejoras en el paisaje y la renovaci\u00f3n del equipamiento urbano.<\/p>\n\n\n\n<p class=\"wp-block-paragraph\">Actualmente, las cuadrillas trabajan en la colocaci\u00f3n de baldosas sobre el eje de avenida 66 y en la instalaci\u00f3n de c\u00e9sped, que ya alcanza al 70% de la superficie prevista.<\/p>\n\n\n\n<p class=\"wp-block-paragraph\">Al mismo tiempo, avanza la incorporaci\u00f3n de cestos de residuos en el per\u00edmetro, bolardos sobre avenida 7, nuevos juegos infantiles y equipamiento de calistenia. Tambi\u00e9n se instalar\u00e1n luminarias ornamentales para reforzar la iluminaci\u00f3n del espacio.<\/p>\n\n\n\n<p class=\"wp-block-paragraph\">Entre las tareas de infraestructura se encuentran la construcci\u00f3n del banco central, el hormigonado de bases para nuevos bancos, el encofrado de cordones centrales y la colocaci\u00f3n de lajas en el sector destinado al descanso.<\/p>\n\n\n\n<p class=\"wp-block-paragraph\">Adem\u00e1s, se realiza el entoscado del eje de avenida 66 para avanzar posteriormente con el hormigonado y completar las veredas, mientras contin\u00faa el cableado de los bolardos y la instalaci\u00f3n del sistema de riego en los sectores cercanos a calle 8.<\/p>\n\n\n\n<p class=\"wp-block-paragraph\">El proyecto tambi\u00e9n incluye nuevos sumideros, el reacondicionamiento y recalce de cordones, baldosas gran\u00edticas y rampas modulares para mejorar la accesibilidad.<\/p>\n\n\n\n<p class=\"wp-block-paragraph\">Con el 87% de los trabajos ejecutados, la renovaci\u00f3n de Plaza Espa\u00f1a atraviesa as\u00ed su tramo definitivo antes de quedar completamente habilitada con nuevos sectores recreativos, deportivos y de descanso.<\/p>\n","protected":false},"excerpt":{"rendered":"<p>La Municipalidad de La Plata inform\u00f3 que la obra de puesta en valor de Plaza Espa\u00f1a alcanz\u00f3 un 87% de ejecuci\u00f3n y entr\u00f3 en su etapa final. La intervenci\u00f3n busca renovar integralmente el hist\u00f3rico espacio verde ubicado entre las avenidas 7 y 66. Los trabajos forman parte del Plan de Recuperaci\u00f3n del Espacio P\u00fablico que lleva adelante la gesti\u00f3n del intendente Julio Alak y contemplan una reestructuraci\u00f3n del dise\u00f1o de&hellip;<\/p>\n","protected":false},"author":2,"featured_media":43640,"comment_status":"open","ping_status":"open","sticky":false,"template":"","format":"standard","meta":{"_acf_changed":false,"footnotes":""},"categories":[13],"tags":[2619,5714],"class_list":["post-43639","post","type-post","status-publish","format-standard","has-post-thumbnail","hentry","category-sociedad","tag-plaza-espana","tag-recuperacion-del-espacio-publico"],"acf":[],"aioseo_notices":[],"aioseo_head":"\n\t\t<!-- All in One SEO 5.0.1.1 - aioseo.com -->\n\t<meta name=\"description\" content=\"La Municipalidad de La Plata inform\u00f3 que la obra de puesta en valor de Plaza Espa\u00f1a alcanz\u00f3 un 87% de ejecuci\u00f3n y entr\u00f3 en su etapa final. La intervenci\u00f3n busca renovar integralmente el hist\u00f3rico espacio verde ubicado entre las avenidas 7 y 66. Los trabajos forman parte del Plan de Recuperaci\u00f3n del Espacio P\u00fablico que\" \/>\n\t<meta name=\"robots\" content=\"max-snippet:-1, max-image-preview:large, max-video-preview:-1\" \/>\n\t<meta name=\"author\" content=\"manu\"\/>\n\t<meta name=\"keywords\" content=\"plaza espa\u00f1a,recuperaci\u00f3n del espacio p\u00fablico\" \/>\n\t<link rel=\"canonical\" href=\"https:\/\/larealidaddelaplata.com.ar\/index.php\/2026\/09\/05\/etapa-final-de-la-renovacion-de-plaza-espanol\/\" \/>\n\t<meta name=\"generator\" content=\"All in One SEO (AIOSEO) 5.0.1.1\" \/>\n\t\t<script type=\"application\/ld+json\" class=\"aioseo-schema\">\n\t\t\t{\"@context\":\"https:\\\/\\\/schema.org\",\"@graph\":[{\"@type\":\"Article\",\"@id\":\"https:\\\/\\\/larealidaddelaplata.com.ar\\\/index.php\\\/2026\\\/09\\\/05\\\/etapa-final-de-la-renovacion-de-plaza-espanol\\\/#article\",\"name\":\"Etapa final de la renovaci\\u00f3n de Plaza Espa\\u00f1ol | larealidaddelaplata.com.ar\",\"headline\":\"Etapa final de la renovaci\\u00f3n de Plaza Espa\\u00f1ol\",\"author\":{\"@id\":\"https:\\\/\\\/larealidaddelaplata.com.ar\\\/index.php\\\/author\\\/manu\\\/#author\"},\"publisher\":{\"@id\":\"https:\\\/\\\/larealidaddelaplata.com.ar\\\/#organization\"},\"image\":{\"@type\":\"ImageObject\",\"url\":\"https:\\\/\\\/larealidaddelaplata.com.ar\\\/wp-content\\\/uploads\\\/2026\\\/09\\\/Captura-de-pantalla-2026-09-05-190723.png\",\"width\":1186,\"height\":658},\"datePublished\":\"2026-09-05T19:09:48-03:00\",\"dateModified\":\"2026-09-05T19:09:51-03:00\",\"inLanguage\":\"es-AR\",\"mainEntityOfPage\":{\"@id\":\"https:\\\/\\\/larealidaddelaplata.com.ar\\\/index.php\\\/2026\\\/09\\\/05\\\/etapa-final-de-la-renovacion-de-plaza-espanol\\\/#webpage\"},\"isPartOf\":{\"@id\":\"https:\\\/\\\/larealidaddelaplata.com.ar\\\/index.php\\\/2026\\\/09\\\/05\\\/etapa-final-de-la-renovacion-de-plaza-espanol\\\/#webpage\"},\"articleSection\":\"Sociedad, Plaza Espa\\u00f1a, Recuperaci\\u00f3n del Espacio P\\u00fablico\"},{\"@type\":\"BreadcrumbList\",\"@id\":\"https:\\\/\\\/larealidaddelaplata.com.ar\\\/index.php\\\/2026\\\/09\\\/05\\\/etapa-final-de-la-renovacion-de-plaza-espanol\\\/#breadcrumblist\",\"itemListElement\":[{\"@type\":\"ListItem\",\"@id\":\"https:\\\/\\\/larealidaddelaplata.com.ar#listItem\",\"position\":1,\"name\":\"Home\",\"item\":\"https:\\\/\\\/larealidaddelaplata.com.ar\",\"nextItem\":{\"@type\":\"ListItem\",\"@id\":\"https:\\\/\\\/larealidaddelaplata.com.ar\\\/index.php\\\/category\\\/sociedad\\\/#listItem\",\"name\":\"Sociedad\"}},{\"@type\":\"ListItem\",\"@id\":\"https:\\\/\\\/larealidaddelaplata.com.ar\\\/index.php\\\/category\\\/sociedad\\\/#listItem\",\"position\":2,\"name\":\"Sociedad\",\"item\":\"https:\\\/\\\/larealidaddelaplata.com.ar\\\/index.php\\\/category\\\/sociedad\\\/\",\"nextItem\":{\"@type\":\"ListItem\",\"@id\":\"https:\\\/\\\/larealidaddelaplata.com.ar\\\/index.php\\\/2026\\\/09\\\/05\\\/etapa-final-de-la-renovacion-de-plaza-espanol\\\/#listItem\",\"name\":\"Etapa final de la renovaci\\u00f3n de Plaza Espa\\u00f1ol\"},\"previousItem\":{\"@type\":\"ListItem\",\"@id\":\"https:\\\/\\\/larealidaddelaplata.com.ar#listItem\",\"name\":\"Home\"}},{\"@type\":\"ListItem\",\"@id\":\"https:\\\/\\\/larealidaddelaplata.com.ar\\\/index.php\\\/2026\\\/09\\\/05\\\/etapa-final-de-la-renovacion-de-plaza-espanol\\\/#listItem\",\"position\":3,\"name\":\"Etapa final de la renovaci\\u00f3n de Plaza Espa\\u00f1ol\",\"previousItem\":{\"@type\":\"ListItem\",\"@id\":\"https:\\\/\\\/larealidaddelaplata.com.ar\\\/index.php\\\/category\\\/sociedad\\\/#listItem\",\"name\":\"Sociedad\"}}]},{\"@type\":\"Organization\",\"@id\":\"https:\\\/\\\/larealidaddelaplata.com.ar\\\/#organization\",\"name\":\"La Realidad de La Plata\",\"description\":\"Tu portal de noticias sobre la realidad la Provincia de Buenos Aires y La Plata\",\"url\":\"https:\\\/\\\/larealidaddelaplata.com.ar\\\/\",\"logo\":{\"@type\":\"ImageObject\",\"url\":\"https:\\\/\\\/larealidaddelaplata.com.ar\\\/wp-content\\\/uploads\\\/2021\\\/01\\\/cropped-Diseno-sin-titulo-1-1.png\",\"@id\":\"https:\\\/\\\/larealidaddelaplata.com.ar\\\/index.php\\\/2026\\\/09\\\/05\\\/etapa-final-de-la-renovacion-de-plaza-espanol\\\/#organizationLogo\",\"width\":1920,\"height\":355},\"image\":{\"@id\":\"https:\\\/\\\/larealidaddelaplata.com.ar\\\/index.php\\\/2026\\\/09\\\/05\\\/etapa-final-de-la-renovacion-de-plaza-espanol\\\/#organizationLogo\"}},{\"@type\":\"Person\",\"@id\":\"https:\\\/\\\/larealidaddelaplata.com.ar\\\/index.php\\\/author\\\/manu\\\/#author\",\"url\":\"https:\\\/\\\/larealidaddelaplata.com.ar\\\/index.php\\\/author\\\/manu\\\/\",\"name\":\"manu\",\"image\":{\"@type\":\"ImageObject\",\"@id\":\"https:\\\/\\\/larealidaddelaplata.com.ar\\\/index.php\\\/2026\\\/09\\\/05\\\/etapa-final-de-la-renovacion-de-plaza-espanol\\\/#authorImage\",\"url\":\"https:\\\/\\\/secure.gravatar.com\\\/avatar\\\/e973351f0e0e215c85a3c16537dfe6d9f21b4048a9417fe3edecc0c3034bbec6?s=96&d=mm&r=g\",\"width\":96,\"height\":96,\"caption\":\"manu\"}},{\"@type\":\"WebPage\",\"@id\":\"https:\\\/\\\/larealidaddelaplata.com.ar\\\/index.php\\\/2026\\\/09\\\/05\\\/etapa-final-de-la-renovacion-de-plaza-espanol\\\/#webpage\",\"url\":\"https:\\\/\\\/larealidaddelaplata.com.ar\\\/index.php\\\/2026\\\/09\\\/05\\\/etapa-final-de-la-renovacion-de-plaza-espanol\\\/\",\"name\":\"Etapa final de la renovaci\\u00f3n de Plaza Espa\\u00f1ol | larealidaddelaplata.com.ar\",\"description\":\"La Municipalidad de La Plata inform\\u00f3 que la obra de puesta en valor de Plaza Espa\\u00f1a alcanz\\u00f3 un 87% de ejecuci\\u00f3n y entr\\u00f3 en su etapa final. La intervenci\\u00f3n busca renovar integralmente el hist\\u00f3rico espacio verde ubicado entre las avenidas 7 y 66. Los trabajos forman parte del Plan de Recuperaci\\u00f3n del Espacio P\\u00fablico que\",\"inLanguage\":\"es-AR\",\"isPartOf\":{\"@id\":\"https:\\\/\\\/larealidaddelaplata.com.ar\\\/#website\"},\"breadcrumb\":{\"@id\":\"https:\\\/\\\/larealidaddelaplata.com.ar\\\/index.php\\\/2026\\\/09\\\/05\\\/etapa-final-de-la-renovacion-de-plaza-espanol\\\/#breadcrumblist\"},\"author\":{\"@id\":\"https:\\\/\\\/larealidaddelaplata.com.ar\\\/index.php\\\/author\\\/manu\\\/#author\"},\"creator\":{\"@id\":\"https:\\\/\\\/larealidaddelaplata.com.ar\\\/index.php\\\/author\\\/manu\\\/#author\"},\"image\":{\"@type\":\"ImageObject\",\"url\":\"https:\\\/\\\/larealidaddelaplata.com.ar\\\/wp-content\\\/uploads\\\/2026\\\/09\\\/Captura-de-pantalla-2026-09-05-190723.png\",\"@id\":\"https:\\\/\\\/larealidaddelaplata.com.ar\\\/index.php\\\/2026\\\/09\\\/05\\\/etapa-final-de-la-renovacion-de-plaza-espanol\\\/#mainImage\",\"width\":1186,\"height\":658},\"primaryImageOfPage\":{\"@id\":\"https:\\\/\\\/larealidaddelaplata.com.ar\\\/index.php\\\/2026\\\/09\\\/05\\\/etapa-final-de-la-renovacion-de-plaza-espanol\\\/#mainImage\"},\"datePublished\":\"2026-09-05T19:09:48-03:00\",\"dateModified\":\"2026-09-05T19:09:51-03:00\"},{\"@type\":\"WebSite\",\"@id\":\"https:\\\/\\\/larealidaddelaplata.com.ar\\\/#website\",\"url\":\"https:\\\/\\\/larealidaddelaplata.com.ar\\\/\",\"name\":\"La Realidad de La Plata\",\"description\":\"Tu portal de noticias sobre la realidad la Provincia de Buenos Aires y La Plata\",\"inLanguage\":\"es-AR\",\"publisher\":{\"@id\":\"https:\\\/\\\/larealidaddelaplata.com.ar\\\/#organization\"}}]}\n\t\t<\/script>\n\t\t<!-- All in One SEO -->\n\n","aioseo_head_json":{"title":"Etapa final de la renovaci\u00f3n de Plaza Espa\u00f1ol | larealidaddelaplata.com.ar","description":"La Municipalidad de La Plata inform\u00f3 que la obra de puesta en valor de Plaza Espa\u00f1a alcanz\u00f3 un 87% de ejecuci\u00f3n y entr\u00f3 en su etapa final. La intervenci\u00f3n busca renovar integralmente el hist\u00f3rico espacio verde ubicado entre las avenidas 7 y 66. Los trabajos forman parte del Plan de Recuperaci\u00f3n del Espacio P\u00fablico que","canonical_url":"https:\/\/larealidaddelaplata.com.ar\/index.php\/2026\/09\/05\/etapa-final-de-la-renovacion-de-plaza-espanol\/","robots":"max-snippet:-1, max-image-preview:large, max-video-preview:-1","keywords":"plaza espa\u00f1a,recuperaci\u00f3n del espacio p\u00fablico","webmasterTools":{"miscellaneous":""},"schema":{"@context":"https:\/\/schema.org","@graph":[{"@type":"Article","@id":"https:\/\/larealidaddelaplata.com.ar\/index.php\/2026\/09\/05\/etapa-final-de-la-renovacion-de-plaza-espanol\/#article","name":"Etapa final de la renovaci\u00f3n de Plaza Espa\u00f1ol | larealidaddelaplata.com.ar","headline":"Etapa final de la renovaci\u00f3n de Plaza Espa\u00f1ol","author":{"@id":"https:\/\/larealidaddelaplata.com.ar\/index.php\/author\/manu\/#author"},"publisher":{"@id":"https:\/\/larealidaddelaplata.com.ar\/#organization"},"image":{"@type":"ImageObject","url":"https:\/\/larealidaddelaplata.com.ar\/wp-content\/uploads\/2026\/09\/Captura-de-pantalla-2026-09-05-190723.png","width":1186,"height":658},"datePublished":"2026-09-05T19:09:48-03:00","dateModified":"2026-09-05T19:09:51-03:00","inLanguage":"es-AR","mainEntityOfPage":{"@id":"https:\/\/larealidaddelaplata.com.ar\/index.php\/2026\/09\/05\/etapa-final-de-la-renovacion-de-plaza-espanol\/#webpage"},"isPartOf":{"@id":"https:\/\/larealidaddelaplata.com.ar\/index.php\/2026\/09\/05\/etapa-final-de-la-renovacion-de-plaza-espanol\/#webpage"},"articleSection":"Sociedad, Plaza Espa\u00f1a, Recuperaci\u00f3n del Espacio P\u00fablico"},{"@type":"BreadcrumbList","@id":"https:\/\/larealidaddelaplata.com.ar\/index.php\/2026\/09\/05\/etapa-final-de-la-renovacion-de-plaza-espanol\/#breadcrumblist","itemListElement":[{"@type":"ListItem","@id":"https:\/\/larealidaddelaplata.com.ar#listItem","position":1,"name":"Home","item":"https:\/\/larealidaddelaplata.com.ar","nextItem":{"@type":"ListItem","@id":"https:\/\/larealidaddelaplata.com.ar\/index.php\/category\/sociedad\/#listItem","name":"Sociedad"}},{"@type":"ListItem","@id":"https:\/\/larealidaddelaplata.com.ar\/index.php\/category\/sociedad\/#listItem","position":2,"name":"Sociedad","item":"https:\/\/larealidaddelaplata.com.ar\/index.php\/category\/sociedad\/","nextItem":{"@type":"ListItem","@id":"https:\/\/larealidaddelaplata.com.ar\/index.php\/2026\/09\/05\/etapa-final-de-la-renovacion-de-plaza-espanol\/#listItem","name":"Etapa final de la renovaci\u00f3n de Plaza Espa\u00f1ol"},"previousItem":{"@type":"ListItem","@id":"https:\/\/larealidaddelaplata.com.ar#listItem","name":"Home"}},{"@type":"ListItem","@id":"https:\/\/larealidaddelaplata.com.ar\/index.php\/2026\/09\/05\/etapa-final-de-la-renovacion-de-plaza-espanol\/#listItem","position":3,"name":"Etapa final de la renovaci\u00f3n de Plaza Espa\u00f1ol","previousItem":{"@type":"ListItem","@id":"https:\/\/larealidaddelaplata.com.ar\/index.php\/category\/sociedad\/#listItem","name":"Sociedad"}}]},{"@type":"Organization","@id":"https:\/\/larealidaddelaplata.com.ar\/#organization","name":"La Realidad de La Plata","description":"Tu portal de noticias sobre la realidad la Provincia de Buenos Aires y La Plata","url":"https:\/\/larealidaddelaplata.com.ar\/","logo":{"@type":"ImageObject","url":"https:\/\/larealidaddelaplata.com.ar\/wp-content\/uploads\/2021\/01\/cropped-Diseno-sin-titulo-1-1.png","@id":"https:\/\/larealidaddelaplata.com.ar\/index.php\/2026\/09\/05\/etapa-final-de-la-renovacion-de-plaza-espanol\/#organizationLogo","width":1920,"height":355},"image":{"@id":"https:\/\/larealidaddelaplata.com.ar\/index.php\/2026\/09\/05\/etapa-final-de-la-renovacion-de-plaza-espanol\/#organizationLogo"}},{"@type":"Person","@id":"https:\/\/larealidaddelaplata.com.ar\/index.php\/author\/manu\/#author","url":"https:\/\/larealidaddelaplata.com.ar\/index.php\/author\/manu\/","name":"manu","image":{"@type":"ImageObject","@id":"https:\/\/larealidaddelaplata.com.ar\/index.php\/2026\/09\/05\/etapa-final-de-la-renovacion-de-plaza-espanol\/#authorImage","url":"https:\/\/secure.gravatar.com\/avatar\/e973351f0e0e215c85a3c16537dfe6d9f21b4048a9417fe3edecc0c3034bbec6?s=96&d=mm&r=g","width":96,"height":96,"caption":"manu"}},{"@type":"WebPage","@id":"https:\/\/larealidaddelaplata.com.ar\/index.php\/2026\/09\/05\/etapa-final-de-la-renovacion-de-plaza-espanol\/#webpage","url":"https:\/\/larealidaddelaplata.com.ar\/index.php\/2026\/09\/05\/etapa-final-de-la-renovacion-de-plaza-espanol\/","name":"Etapa final de la renovaci\u00f3n de Plaza Espa\u00f1ol | larealidaddelaplata.com.ar","description":"La Municipalidad de La Plata inform\u00f3 que la obra de puesta en valor de Plaza Espa\u00f1a alcanz\u00f3 un 87% de ejecuci\u00f3n y entr\u00f3 en su etapa final. La intervenci\u00f3n busca renovar integralmente el hist\u00f3rico espacio verde ubicado entre las avenidas 7 y 66. Los trabajos forman parte del Plan de Recuperaci\u00f3n del Espacio P\u00fablico que","inLanguage":"es-AR","isPartOf":{"@id":"https:\/\/larealidaddelaplata.com.ar\/#website"},"breadcrumb":{"@id":"https:\/\/larealidaddelaplata.com.ar\/index.php\/2026\/09\/05\/etapa-final-de-la-renovacion-de-plaza-espanol\/#breadcrumblist"},"author":{"@id":"https:\/\/larealidaddelaplata.com.ar\/index.php\/author\/manu\/#author"},"creator":{"@id":"https:\/\/larealidaddelaplata.com.ar\/index.php\/author\/manu\/#author"},"image":{"@type":"ImageObject","url":"https:\/\/larealidaddelaplata.com.ar\/wp-content\/uploads\/2026\/09\/Captura-de-pantalla-2026-09-05-190723.png","@id":"https:\/\/larealidaddelaplata.com.ar\/index.php\/2026\/09\/05\/etapa-final-de-la-renovacion-de-plaza-espanol\/#mainImage","width":1186,"height":658},"primaryImageOfPage":{"@id":"https:\/\/larealidaddelaplata.com.ar\/index.php\/2026\/09\/05\/etapa-final-de-la-renovacion-de-plaza-espanol\/#mainImage"},"datePublished":"2026-09-05T19:09:48-03:00","dateModified":"2026-09-05T19:09:51-03:00"},{"@type":"WebSite","@id":"https:\/\/larealidaddelaplata.com.ar\/#website","url":"https:\/\/larealidaddelaplata.com.ar\/","name":"La Realidad de La Plata","description":"Tu portal de noticias sobre la realidad la Provincia de Buenos Aires y La Plata","inLanguage":"es-AR","publisher":{"@id":"https:\/\/larealidaddelaplata.com.ar\/#organization"}}]}},"aioseo_meta_data":{"post_id":"43639","title":null,"description":null,"keywords":null,"keyphrases":{"focus":{"keyphrase":"","score":0,"analysis":{"keyphraseInTitle":{"score":0,"maxScore":9,"error":1}}},"additional":[]},"primary_term":null,"canonical_url":null,"og_title":null,"og_description":null,"og_object_type":"default","og_image_type":"default","og_image_url":null,"og_image_width":null,"og_image_height":null,"og_image_custom_url":null,"og_image_custom_fields":null,"og_video":"","og_custom_url":null,"og_article_section":null,"og_article_tags":null,"twitter_use_og":false,"twitter_card":"default","twitter_image_type":"default","twitter_image_url":null,"twitter_image_custom_url":null,"twitter_image_custom_fields":null,"twitter_title":null,"twitter_description":null,"schema":{"blockGraphs":[],"customGraphs":[],"default":{"data":{"Article":[],"Course":[],"Dataset":[],"FAQPage":[],"Movie":[],"Person":[],"Product":[],"ProductReview":[],"Car":[],"Recipe":[],"Service":[],"SoftwareApplication":[],"WebPage":[]},"graphName":"Article","isEnabled":true},"graphs":[]},"schema_type":"default","schema_type_options":null,"pillar_content":false,"robots_default":true,"robots_noindex":false,"robots_noarchive":false,"robots_nosnippet":false,"robots_nofollow":false,"robots_noimageindex":false,"robots_noodp":false,"robots_notranslate":false,"robots_max_snippet":"-1","robots_max_videopreview":"-1","robots_max_imagepreview":"large","priority":null,"frequency":"default","location":null,"local_seo":null,"breadcrumb_settings":null,"limit_modified_date":false,"ai":{"faqs":[],"keyPoints":[],"schemas":[],"titles":[],"descriptions":[],"socialPosts":{"email":{"subject":"","preview":"","content":""},"linkedin":[],"twitter":[],"facebook":[],"instagram":[]}},"created":"2026-09-05 22:05:20","updated":"2026-09-05 22:09:52","seo_analyzer_scan_date":null,"focus_keyword":null,"additional_keywords":null,"truseo_locale":null},"_links":{"self":[{"href":"https:\/\/larealidaddelaplata.com.ar\/index.php\/wp-json\/wp\/v2\/posts\/43639","targetHints":{"allow":["GET"]}}],"collection":[{"href":"https:\/\/larealidaddelaplata.com.ar\/index.php\/wp-json\/wp\/v2\/posts"}],"about":[{"href":"https:\/\/larealidaddelaplata.com.ar\/index.php\/wp-json\/wp\/v2\/types\/post"}],"author":[{"embeddable":true,"href":"https:\/\/larealidaddelaplata.com.ar\/index.php\/wp-json\/wp\/v2\/users\/2"}],"replies":[{"embeddable":true,"href":"https:\/\/larealidaddelaplata.com.ar\/index.php\/wp-json\/wp\/v2\/comments?post=43639"}],"version-history":[{"count":1,"href":"https:\/\/larealidaddelaplata.com.ar\/index.php\/wp-json\/wp\/v2\/posts\/43639\/revisions"}],"predecessor-version":[{"id":43641,"href":"https:\/\/larealidaddelaplata.com.ar\/index.php\/wp-json\/wp\/v2\/posts\/43639\/revisions\/43641"}],"wp:featuredmedia":[{"embeddable":true,"href":"https:\/\/larealidaddelaplata.com.ar\/index.php\/wp-json\/wp\/v2\/media\/43640"}],"wp:attachment":[{"href":"https:\/\/larealidaddelaplata.com.ar\/index.php\/wp-json\/wp\/v2\/media?parent=43639"}],"wp:term":[{"taxonomy":"category","embeddable":true,"href":"https:\/\/larealidaddelaplata.com.ar\/index.php\/wp-json\/wp\/v2\/categories?post=43639"},{"taxonomy":"post_tag","embeddable":true,"href":"https:\/\/larealidaddelaplata.com.ar\/index.php\/wp-json\/wp\/v2\/tags?post=43639"}],"curies":[{"name":"wp","href":"https:\/\/api.w.org\/{rel}","templated":true}]}}