{"id":43642,"date":"2026-09-05T19:17:11","date_gmt":"2026-09-05T22:17:11","guid":{"rendered":"https:\/\/larealidaddelaplata.com.ar\/?p=43642"},"modified":"2026-09-05T19:17:15","modified_gmt":"2026-09-05T22:17:15","slug":"las-leonas-platenses-majo-y-vicky-granatto-fuerondeclaradas-ciudadanas-ilustres-de-la-plata","status":"publish","type":"post","link":"https:\/\/larealidaddelaplata.com.ar\/index.php\/2026\/09\/05\/las-leonas-platenses-majo-y-vicky-granatto-fuerondeclaradas-ciudadanas-ilustres-de-la-plata\/","title":{"rendered":"Las Leonas platenses, Majo y Vicky Granatto, fuerondeclaradas ciudadanas ilustres de La Plata"},"content":{"rendered":"\n<p class=\"wp-block-paragraph\">El intendente de La Plata, Julio Alak, distingui\u00f3 como ciudadanas ilustres a Mar\u00eda Jos\u00e9 \u201cMajo\u201d Granatto y Victoria \u201cVicky\u201d Granatto y les entreg\u00f3 la llave de la ciudad luego de la hist\u00f3rica consagraci\u00f3n de Las Leonas en el Mundial de hockey sobre c\u00e9sped.<\/p>\n\n\n\n<p class=\"wp-block-paragraph\">El reconocimiento se realiz\u00f3 en un Sal\u00f3n Dorado colmado y cont\u00f3 tambi\u00e9n con la presencia del presidente del Concejo Deliberante, Marcelo Galland. All\u00ed, las deportistas platenses recibieron uno de los m\u00e1ximos homenajes de la capital bonaerense tras regresar con la Copa del Mundo.<\/p>\n\n\n\n<p class=\"wp-block-paragraph\">\u201cPara la ciudad es muy importante porque, adem\u00e1s de ser una ciudad del conocimiento, de la educaci\u00f3n y de la ciencia, es una ciudad que apuesta tambi\u00e9n al deporte y ha sido una cuna enorme de deportistas\u201d, expres\u00f3 Alak. Y celebr\u00f3: \u201cNos dieron esa alegr\u00eda. \u00a1Hicieron a la ciudad tapa de todos los diarios del mundo!\u201d.<\/p>\n\n\n\n<p class=\"wp-block-paragraph\">El jefe comunal asegur\u00f3 adem\u00e1s que el logro de Las Leonas debe servir para profundizar las pol\u00edticas deportivas. \u201cSituaciones como esta redoblan el compromiso del Estado argentino en hacer m\u00e1s cosas para la promoci\u00f3n del deporte\u201d, sostuvo.<\/p>\n\n\n\n<p class=\"wp-block-paragraph\">Por su parte, Vicky Granatto destac\u00f3 el significado del reconocimiento: \u201cEs muy importante para la ciudad tener campeones del mundo, en el deporte que sea. Estamos agradecidas a las autoridades. Es un gran orgullo ser platenses y esta distinci\u00f3n profundiza ese sentimiento\u201d.<\/p>\n\n\n\n<p class=\"wp-block-paragraph\">Majo Granatto tambi\u00e9n se mostr\u00f3 emocionada por regresar a su ciudad con el t\u00edtulo: \u201cPoder traer la Copa del Mundo a nuestra ciudad y festejarla con nuestra gente es impresionante\u201d. Adem\u00e1s, expres\u00f3 su deseo de que la conquista impulse el crecimiento del deporte local y permita que \u201chaya m\u00e1s Majos y Vickys que puedan lograrlo\u201d.<\/p>\n\n\n\n<p class=\"wp-block-paragraph\">Las Leonas se consagraron campeonas del mundo el \u00faltimo s\u00e1bado al derrotar a Pa\u00edses Bajos y consiguieron la tercera estrella mundial de su historia. La conquista tuvo un fuerte sello platense por la participaci\u00f3n de las hermanas Granatto.<\/p>\n\n\n\n<p class=\"wp-block-paragraph\">Antes del comienzo del torneo, Alak hab\u00eda recibido a las jugadoras en el Palacio Municipal junto a Agostina Alonso y el entrenador Fernando Ferrara. La Selecci\u00f3n tambi\u00e9n realiz\u00f3 parte de su preparaci\u00f3n en La Plata, donde llev\u00f3 adelante entrenamientos y partidos amistosos antes de partir rumbo a la competencia.<\/p>\n","protected":false},"excerpt":{"rendered":"<p>El intendente de La Plata, Julio Alak, distingui\u00f3 como ciudadanas ilustres a Mar\u00eda Jos\u00e9 \u201cMajo\u201d Granatto y Victoria \u201cVicky\u201d Granatto y les entreg\u00f3 la llave de la ciudad luego de la hist\u00f3rica consagraci\u00f3n de Las Leonas en el Mundial de hockey sobre c\u00e9sped. El reconocimiento se realiz\u00f3 en un Sal\u00f3n Dorado colmado y cont\u00f3 tambi\u00e9n con la presencia del presidente del Concejo Deliberante, Marcelo Galland. All\u00ed, las deportistas platenses recibieron&hellip;<\/p>\n","protected":false},"author":2,"featured_media":43643,"comment_status":"open","ping_status":"open","sticky":false,"template":"","format":"standard","meta":{"_acf_changed":false,"footnotes":""},"categories":[13],"tags":[5715],"class_list":["post-43642","post","type-post","status-publish","format-standard","has-post-thumbnail","hentry","category-sociedad","tag-las-leonas"],"acf":[],"aioseo_notices":[],"aioseo_head":"\n\t\t<!-- All in One SEO 5.0.1.1 - aioseo.com -->\n\t<meta name=\"description\" content=\"El intendente de La Plata, Julio Alak, distingui\u00f3 como ciudadanas ilustres a Mar\u00eda Jos\u00e9 \u201cMajo\u201d Granatto y Victoria \u201cVicky\u201d Granatto y les entreg\u00f3 la llave de la ciudad luego de la hist\u00f3rica consagraci\u00f3n de Las Leonas en el Mundial de hockey sobre c\u00e9sped. El reconocimiento se realiz\u00f3 en un Sal\u00f3n Dorado colmado y cont\u00f3 tambi\u00e9n\" \/>\n\t<meta name=\"robots\" content=\"max-snippet:-1, max-image-preview:large, max-video-preview:-1\" \/>\n\t<meta name=\"author\" content=\"manu\"\/>\n\t<meta name=\"keywords\" content=\"las leonas\" \/>\n\t<link rel=\"canonical\" href=\"https:\/\/larealidaddelaplata.com.ar\/index.php\/2026\/09\/05\/las-leonas-platenses-majo-y-vicky-granatto-fuerondeclaradas-ciudadanas-ilustres-de-la-plata\/\" \/>\n\t<meta name=\"generator\" content=\"All in One SEO (AIOSEO) 5.0.1.1\" \/>\n\t\t<script type=\"application\/ld+json\" class=\"aioseo-schema\">\n\t\t\t{\"@context\":\"https:\\\/\\\/schema.org\",\"@graph\":[{\"@type\":\"Article\",\"@id\":\"https:\\\/\\\/larealidaddelaplata.com.ar\\\/index.php\\\/2026\\\/09\\\/05\\\/las-leonas-platenses-majo-y-vicky-granatto-fuerondeclaradas-ciudadanas-ilustres-de-la-plata\\\/#article\",\"name\":\"Las Leonas platenses, Majo y Vicky Granatto, fuerondeclaradas ciudadanas ilustres de La Plata | larealidaddelaplata.com.ar\",\"headline\":\"Las Leonas platenses, Majo y Vicky Granatto, fuerondeclaradas ciudadanas ilustres de La Plata\",\"author\":{\"@id\":\"https:\\\/\\\/larealidaddelaplata.com.ar\\\/index.php\\\/author\\\/manu\\\/#author\"},\"publisher\":{\"@id\":\"https:\\\/\\\/larealidaddelaplata.com.ar\\\/#organization\"},\"image\":{\"@type\":\"ImageObject\",\"url\":\"https:\\\/\\\/larealidaddelaplata.com.ar\\\/wp-content\\\/uploads\\\/2026\\\/09\\\/Captura-de-pantalla-2026-09-05-191620.png\",\"width\":779,\"height\":506},\"datePublished\":\"2026-09-05T19:17:11-03:00\",\"dateModified\":\"2026-09-05T19:17:15-03:00\",\"inLanguage\":\"es-AR\",\"mainEntityOfPage\":{\"@id\":\"https:\\\/\\\/larealidaddelaplata.com.ar\\\/index.php\\\/2026\\\/09\\\/05\\\/las-leonas-platenses-majo-y-vicky-granatto-fuerondeclaradas-ciudadanas-ilustres-de-la-plata\\\/#webpage\"},\"isPartOf\":{\"@id\":\"https:\\\/\\\/larealidaddelaplata.com.ar\\\/index.php\\\/2026\\\/09\\\/05\\\/las-leonas-platenses-majo-y-vicky-granatto-fuerondeclaradas-ciudadanas-ilustres-de-la-plata\\\/#webpage\"},\"articleSection\":\"Sociedad, Las Leonas\"},{\"@type\":\"BreadcrumbList\",\"@id\":\"https:\\\/\\\/larealidaddelaplata.com.ar\\\/index.php\\\/2026\\\/09\\\/05\\\/las-leonas-platenses-majo-y-vicky-granatto-fuerondeclaradas-ciudadanas-ilustres-de-la-plata\\\/#breadcrumblist\",\"itemListElement\":[{\"@type\":\"ListItem\",\"@id\":\"https:\\\/\\\/larealidaddelaplata.com.ar#listItem\",\"position\":1,\"name\":\"Home\",\"item\":\"https:\\\/\\\/larealidaddelaplata.com.ar\",\"nextItem\":{\"@type\":\"ListItem\",\"@id\":\"https:\\\/\\\/larealidaddelaplata.com.ar\\\/index.php\\\/category\\\/sociedad\\\/#listItem\",\"name\":\"Sociedad\"}},{\"@type\":\"ListItem\",\"@id\":\"https:\\\/\\\/larealidaddelaplata.com.ar\\\/index.php\\\/category\\\/sociedad\\\/#listItem\",\"position\":2,\"name\":\"Sociedad\",\"item\":\"https:\\\/\\\/larealidaddelaplata.com.ar\\\/index.php\\\/category\\\/sociedad\\\/\",\"nextItem\":{\"@type\":\"ListItem\",\"@id\":\"https:\\\/\\\/larealidaddelaplata.com.ar\\\/index.php\\\/2026\\\/09\\\/05\\\/las-leonas-platenses-majo-y-vicky-granatto-fuerondeclaradas-ciudadanas-ilustres-de-la-plata\\\/#listItem\",\"name\":\"Las Leonas platenses, Majo y Vicky Granatto, fuerondeclaradas ciudadanas ilustres de La Plata\"},\"previousItem\":{\"@type\":\"ListItem\",\"@id\":\"https:\\\/\\\/larealidaddelaplata.com.ar#listItem\",\"name\":\"Home\"}},{\"@type\":\"ListItem\",\"@id\":\"https:\\\/\\\/larealidaddelaplata.com.ar\\\/index.php\\\/2026\\\/09\\\/05\\\/las-leonas-platenses-majo-y-vicky-granatto-fuerondeclaradas-ciudadanas-ilustres-de-la-plata\\\/#listItem\",\"position\":3,\"name\":\"Las Leonas platenses, Majo y Vicky Granatto, fuerondeclaradas ciudadanas ilustres de La Plata\",\"previousItem\":{\"@type\":\"ListItem\",\"@id\":\"https:\\\/\\\/larealidaddelaplata.com.ar\\\/index.php\\\/category\\\/sociedad\\\/#listItem\",\"name\":\"Sociedad\"}}]},{\"@type\":\"Organization\",\"@id\":\"https:\\\/\\\/larealidaddelaplata.com.ar\\\/#organization\",\"name\":\"La Realidad de La Plata\",\"description\":\"Tu portal de noticias sobre la realidad la Provincia de Buenos Aires y La Plata\",\"url\":\"https:\\\/\\\/larealidaddelaplata.com.ar\\\/\",\"logo\":{\"@type\":\"ImageObject\",\"url\":\"https:\\\/\\\/larealidaddelaplata.com.ar\\\/wp-content\\\/uploads\\\/2021\\\/01\\\/cropped-Diseno-sin-titulo-1-1.png\",\"@id\":\"https:\\\/\\\/larealidaddelaplata.com.ar\\\/index.php\\\/2026\\\/09\\\/05\\\/las-leonas-platenses-majo-y-vicky-granatto-fuerondeclaradas-ciudadanas-ilustres-de-la-plata\\\/#organizationLogo\",\"width\":1920,\"height\":355},\"image\":{\"@id\":\"https:\\\/\\\/larealidaddelaplata.com.ar\\\/index.php\\\/2026\\\/09\\\/05\\\/las-leonas-platenses-majo-y-vicky-granatto-fuerondeclaradas-ciudadanas-ilustres-de-la-plata\\\/#organizationLogo\"}},{\"@type\":\"Person\",\"@id\":\"https:\\\/\\\/larealidaddelaplata.com.ar\\\/index.php\\\/author\\\/manu\\\/#author\",\"url\":\"https:\\\/\\\/larealidaddelaplata.com.ar\\\/index.php\\\/author\\\/manu\\\/\",\"name\":\"manu\",\"image\":{\"@type\":\"ImageObject\",\"@id\":\"https:\\\/\\\/larealidaddelaplata.com.ar\\\/index.php\\\/2026\\\/09\\\/05\\\/las-leonas-platenses-majo-y-vicky-granatto-fuerondeclaradas-ciudadanas-ilustres-de-la-plata\\\/#authorImage\",\"url\":\"https:\\\/\\\/secure.gravatar.com\\\/avatar\\\/e973351f0e0e215c85a3c16537dfe6d9f21b4048a9417fe3edecc0c3034bbec6?s=96&d=mm&r=g\",\"width\":96,\"height\":96,\"caption\":\"manu\"}},{\"@type\":\"WebPage\",\"@id\":\"https:\\\/\\\/larealidaddelaplata.com.ar\\\/index.php\\\/2026\\\/09\\\/05\\\/las-leonas-platenses-majo-y-vicky-granatto-fuerondeclaradas-ciudadanas-ilustres-de-la-plata\\\/#webpage\",\"url\":\"https:\\\/\\\/larealidaddelaplata.com.ar\\\/index.php\\\/2026\\\/09\\\/05\\\/las-leonas-platenses-majo-y-vicky-granatto-fuerondeclaradas-ciudadanas-ilustres-de-la-plata\\\/\",\"name\":\"Las Leonas platenses, Majo y Vicky Granatto, fuerondeclaradas ciudadanas ilustres de La Plata | larealidaddelaplata.com.ar\",\"description\":\"El intendente de La Plata, Julio Alak, distingui\\u00f3 como ciudadanas ilustres a Mar\\u00eda Jos\\u00e9 \\u201cMajo\\u201d Granatto y Victoria \\u201cVicky\\u201d Granatto y les entreg\\u00f3 la llave de la ciudad luego de la hist\\u00f3rica consagraci\\u00f3n de Las Leonas en el Mundial de hockey sobre c\\u00e9sped. El reconocimiento se realiz\\u00f3 en un Sal\\u00f3n Dorado colmado y cont\\u00f3 tambi\\u00e9n\",\"inLanguage\":\"es-AR\",\"isPartOf\":{\"@id\":\"https:\\\/\\\/larealidaddelaplata.com.ar\\\/#website\"},\"breadcrumb\":{\"@id\":\"https:\\\/\\\/larealidaddelaplata.com.ar\\\/index.php\\\/2026\\\/09\\\/05\\\/las-leonas-platenses-majo-y-vicky-granatto-fuerondeclaradas-ciudadanas-ilustres-de-la-plata\\\/#breadcrumblist\"},\"author\":{\"@id\":\"https:\\\/\\\/larealidaddelaplata.com.ar\\\/index.php\\\/author\\\/manu\\\/#author\"},\"creator\":{\"@id\":\"https:\\\/\\\/larealidaddelaplata.com.ar\\\/index.php\\\/author\\\/manu\\\/#author\"},\"image\":{\"@type\":\"ImageObject\",\"url\":\"https:\\\/\\\/larealidaddelaplata.com.ar\\\/wp-content\\\/uploads\\\/2026\\\/09\\\/Captura-de-pantalla-2026-09-05-191620.png\",\"@id\":\"https:\\\/\\\/larealidaddelaplata.com.ar\\\/index.php\\\/2026\\\/09\\\/05\\\/las-leonas-platenses-majo-y-vicky-granatto-fuerondeclaradas-ciudadanas-ilustres-de-la-plata\\\/#mainImage\",\"width\":779,\"height\":506},\"primaryImageOfPage\":{\"@id\":\"https:\\\/\\\/larealidaddelaplata.com.ar\\\/index.php\\\/2026\\\/09\\\/05\\\/las-leonas-platenses-majo-y-vicky-granatto-fuerondeclaradas-ciudadanas-ilustres-de-la-plata\\\/#mainImage\"},\"datePublished\":\"2026-09-05T19:17:11-03:00\",\"dateModified\":\"2026-09-05T19:17:15-03:00\"},{\"@type\":\"WebSite\",\"@id\":\"https:\\\/\\\/larealidaddelaplata.com.ar\\\/#website\",\"url\":\"https:\\\/\\\/larealidaddelaplata.com.ar\\\/\",\"name\":\"La Realidad de La Plata\",\"description\":\"Tu portal de noticias sobre la realidad la Provincia de Buenos Aires y La Plata\",\"inLanguage\":\"es-AR\",\"publisher\":{\"@id\":\"https:\\\/\\\/larealidaddelaplata.com.ar\\\/#organization\"}}]}\n\t\t<\/script>\n\t\t<!-- All in One SEO -->\n\n","aioseo_head_json":{"title":"Las Leonas platenses, Majo y Vicky Granatto, fuerondeclaradas ciudadanas ilustres de La Plata | larealidaddelaplata.com.ar","description":"El intendente de La Plata, Julio Alak, distingui\u00f3 como ciudadanas ilustres a Mar\u00eda Jos\u00e9 \u201cMajo\u201d Granatto y Victoria \u201cVicky\u201d Granatto y les entreg\u00f3 la llave de la ciudad luego de la hist\u00f3rica consagraci\u00f3n de Las Leonas en el Mundial de hockey sobre c\u00e9sped. El reconocimiento se realiz\u00f3 en un Sal\u00f3n Dorado colmado y cont\u00f3 tambi\u00e9n","canonical_url":"https:\/\/larealidaddelaplata.com.ar\/index.php\/2026\/09\/05\/las-leonas-platenses-majo-y-vicky-granatto-fuerondeclaradas-ciudadanas-ilustres-de-la-plata\/","robots":"max-snippet:-1, max-image-preview:large, max-video-preview:-1","keywords":"las leonas","webmasterTools":{"miscellaneous":""},"schema":{"@context":"https:\/\/schema.org","@graph":[{"@type":"Article","@id":"https:\/\/larealidaddelaplata.com.ar\/index.php\/2026\/09\/05\/las-leonas-platenses-majo-y-vicky-granatto-fuerondeclaradas-ciudadanas-ilustres-de-la-plata\/#article","name":"Las Leonas platenses, Majo y Vicky Granatto, fuerondeclaradas ciudadanas ilustres de La Plata | larealidaddelaplata.com.ar","headline":"Las Leonas platenses, Majo y Vicky Granatto, fuerondeclaradas ciudadanas ilustres de La Plata","author":{"@id":"https:\/\/larealidaddelaplata.com.ar\/index.php\/author\/manu\/#author"},"publisher":{"@id":"https:\/\/larealidaddelaplata.com.ar\/#organization"},"image":{"@type":"ImageObject","url":"https:\/\/larealidaddelaplata.com.ar\/wp-content\/uploads\/2026\/09\/Captura-de-pantalla-2026-09-05-191620.png","width":779,"height":506},"datePublished":"2026-09-05T19:17:11-03:00","dateModified":"2026-09-05T19:17:15-03:00","inLanguage":"es-AR","mainEntityOfPage":{"@id":"https:\/\/larealidaddelaplata.com.ar\/index.php\/2026\/09\/05\/las-leonas-platenses-majo-y-vicky-granatto-fuerondeclaradas-ciudadanas-ilustres-de-la-plata\/#webpage"},"isPartOf":{"@id":"https:\/\/larealidaddelaplata.com.ar\/index.php\/2026\/09\/05\/las-leonas-platenses-majo-y-vicky-granatto-fuerondeclaradas-ciudadanas-ilustres-de-la-plata\/#webpage"},"articleSection":"Sociedad, Las Leonas"},{"@type":"BreadcrumbList","@id":"https:\/\/larealidaddelaplata.com.ar\/index.php\/2026\/09\/05\/las-leonas-platenses-majo-y-vicky-granatto-fuerondeclaradas-ciudadanas-ilustres-de-la-plata\/#breadcrumblist","itemListElement":[{"@type":"ListItem","@id":"https:\/\/larealidaddelaplata.com.ar#listItem","position":1,"name":"Home","item":"https:\/\/larealidaddelaplata.com.ar","nextItem":{"@type":"ListItem","@id":"https:\/\/larealidaddelaplata.com.ar\/index.php\/category\/sociedad\/#listItem","name":"Sociedad"}},{"@type":"ListItem","@id":"https:\/\/larealidaddelaplata.com.ar\/index.php\/category\/sociedad\/#listItem","position":2,"name":"Sociedad","item":"https:\/\/larealidaddelaplata.com.ar\/index.php\/category\/sociedad\/","nextItem":{"@type":"ListItem","@id":"https:\/\/larealidaddelaplata.com.ar\/index.php\/2026\/09\/05\/las-leonas-platenses-majo-y-vicky-granatto-fuerondeclaradas-ciudadanas-ilustres-de-la-plata\/#listItem","name":"Las Leonas platenses, Majo y Vicky Granatto, fuerondeclaradas ciudadanas ilustres de La Plata"},"previousItem":{"@type":"ListItem","@id":"https:\/\/larealidaddelaplata.com.ar#listItem","name":"Home"}},{"@type":"ListItem","@id":"https:\/\/larealidaddelaplata.com.ar\/index.php\/2026\/09\/05\/las-leonas-platenses-majo-y-vicky-granatto-fuerondeclaradas-ciudadanas-ilustres-de-la-plata\/#listItem","position":3,"name":"Las Leonas platenses, Majo y Vicky Granatto, fuerondeclaradas ciudadanas ilustres de La Plata","previousItem":{"@type":"ListItem","@id":"https:\/\/larealidaddelaplata.com.ar\/index.php\/category\/sociedad\/#listItem","name":"Sociedad"}}]},{"@type":"Organization","@id":"https:\/\/larealidaddelaplata.com.ar\/#organization","name":"La Realidad de La Plata","description":"Tu portal de noticias sobre la realidad la Provincia de Buenos Aires y La Plata","url":"https:\/\/larealidaddelaplata.com.ar\/","logo":{"@type":"ImageObject","url":"https:\/\/larealidaddelaplata.com.ar\/wp-content\/uploads\/2021\/01\/cropped-Diseno-sin-titulo-1-1.png","@id":"https:\/\/larealidaddelaplata.com.ar\/index.php\/2026\/09\/05\/las-leonas-platenses-majo-y-vicky-granatto-fuerondeclaradas-ciudadanas-ilustres-de-la-plata\/#organizationLogo","width":1920,"height":355},"image":{"@id":"https:\/\/larealidaddelaplata.com.ar\/index.php\/2026\/09\/05\/las-leonas-platenses-majo-y-vicky-granatto-fuerondeclaradas-ciudadanas-ilustres-de-la-plata\/#organizationLogo"}},{"@type":"Person","@id":"https:\/\/larealidaddelaplata.com.ar\/index.php\/author\/manu\/#author","url":"https:\/\/larealidaddelaplata.com.ar\/index.php\/author\/manu\/","name":"manu","image":{"@type":"ImageObject","@id":"https:\/\/larealidaddelaplata.com.ar\/index.php\/2026\/09\/05\/las-leonas-platenses-majo-y-vicky-granatto-fuerondeclaradas-ciudadanas-ilustres-de-la-plata\/#authorImage","url":"https:\/\/secure.gravatar.com\/avatar\/e973351f0e0e215c85a3c16537dfe6d9f21b4048a9417fe3edecc0c3034bbec6?s=96&d=mm&r=g","width":96,"height":96,"caption":"manu"}},{"@type":"WebPage","@id":"https:\/\/larealidaddelaplata.com.ar\/index.php\/2026\/09\/05\/las-leonas-platenses-majo-y-vicky-granatto-fuerondeclaradas-ciudadanas-ilustres-de-la-plata\/#webpage","url":"https:\/\/larealidaddelaplata.com.ar\/index.php\/2026\/09\/05\/las-leonas-platenses-majo-y-vicky-granatto-fuerondeclaradas-ciudadanas-ilustres-de-la-plata\/","name":"Las Leonas platenses, Majo y Vicky Granatto, fuerondeclaradas ciudadanas ilustres de La Plata | larealidaddelaplata.com.ar","description":"El intendente de La Plata, Julio Alak, distingui\u00f3 como ciudadanas ilustres a Mar\u00eda Jos\u00e9 \u201cMajo\u201d Granatto y Victoria \u201cVicky\u201d Granatto y les entreg\u00f3 la llave de la ciudad luego de la hist\u00f3rica consagraci\u00f3n de Las Leonas en el Mundial de hockey sobre c\u00e9sped. El reconocimiento se realiz\u00f3 en un Sal\u00f3n Dorado colmado y cont\u00f3 tambi\u00e9n","inLanguage":"es-AR","isPartOf":{"@id":"https:\/\/larealidaddelaplata.com.ar\/#website"},"breadcrumb":{"@id":"https:\/\/larealidaddelaplata.com.ar\/index.php\/2026\/09\/05\/las-leonas-platenses-majo-y-vicky-granatto-fuerondeclaradas-ciudadanas-ilustres-de-la-plata\/#breadcrumblist"},"author":{"@id":"https:\/\/larealidaddelaplata.com.ar\/index.php\/author\/manu\/#author"},"creator":{"@id":"https:\/\/larealidaddelaplata.com.ar\/index.php\/author\/manu\/#author"},"image":{"@type":"ImageObject","url":"https:\/\/larealidaddelaplata.com.ar\/wp-content\/uploads\/2026\/09\/Captura-de-pantalla-2026-09-05-191620.png","@id":"https:\/\/larealidaddelaplata.com.ar\/index.php\/2026\/09\/05\/las-leonas-platenses-majo-y-vicky-granatto-fuerondeclaradas-ciudadanas-ilustres-de-la-plata\/#mainImage","width":779,"height":506},"primaryImageOfPage":{"@id":"https:\/\/larealidaddelaplata.com.ar\/index.php\/2026\/09\/05\/las-leonas-platenses-majo-y-vicky-granatto-fuerondeclaradas-ciudadanas-ilustres-de-la-plata\/#mainImage"},"datePublished":"2026-09-05T19:17:11-03:00","dateModified":"2026-09-05T19:17:15-03:00"},{"@type":"WebSite","@id":"https:\/\/larealidaddelaplata.com.ar\/#website","url":"https:\/\/larealidaddelaplata.com.ar\/","name":"La Realidad de La Plata","description":"Tu portal de noticias sobre la realidad la Provincia de Buenos Aires y La Plata","inLanguage":"es-AR","publisher":{"@id":"https:\/\/larealidaddelaplata.com.ar\/#organization"}}]}},"aioseo_meta_data":{"post_id":"43642","title":null,"description":null,"keywords":null,"keyphrases":{"focus":{"keyphrase":"","score":0,"analysis":{"keyphraseInTitle":{"score":0,"maxScore":9,"error":1}}},"additional":[]},"primary_term":null,"canonical_url":null,"og_title":null,"og_description":null,"og_object_type":"default","og_image_type":"default","og_image_url":null,"og_image_width":null,"og_image_height":null,"og_image_custom_url":null,"og_image_custom_fields":null,"og_video":"","og_custom_url":null,"og_article_section":null,"og_article_tags":null,"twitter_use_og":false,"twitter_card":"default","twitter_image_type":"default","twitter_image_url":null,"twitter_image_custom_url":null,"twitter_image_custom_fields":null,"twitter_title":null,"twitter_description":null,"schema":{"blockGraphs":[],"customGraphs":[],"default":{"data":{"Article":[],"Course":[],"Dataset":[],"FAQPage":[],"Movie":[],"Person":[],"Product":[],"ProductReview":[],"Car":[],"Recipe":[],"Service":[],"SoftwareApplication":[],"WebPage":[]},"graphName":"Article","isEnabled":true},"graphs":[]},"schema_type":"default","schema_type_options":null,"pillar_content":false,"robots_default":true,"robots_noindex":false,"robots_noarchive":false,"robots_nosnippet":false,"robots_nofollow":false,"robots_noimageindex":false,"robots_noodp":false,"robots_notranslate":false,"robots_max_snippet":"-1","robots_max_videopreview":"-1","robots_max_imagepreview":"large","priority":null,"frequency":"default","location":null,"local_seo":null,"breadcrumb_settings":null,"limit_modified_date":false,"ai":{"faqs":[],"keyPoints":[],"schemas":[],"titles":[],"descriptions":[],"socialPosts":{"email":{"subject":"","preview":"","content":""},"linkedin":[],"twitter":[],"facebook":[],"instagram":[]}},"created":"2026-09-05 22:10:50","updated":"2026-09-05 22:17:16","seo_analyzer_scan_date":null,"focus_keyword":null,"additional_keywords":null,"truseo_locale":null},"_links":{"self":[{"href":"https:\/\/larealidaddelaplata.com.ar\/index.php\/wp-json\/wp\/v2\/posts\/43642","targetHints":{"allow":["GET"]}}],"collection":[{"href":"https:\/\/larealidaddelaplata.com.ar\/index.php\/wp-json\/wp\/v2\/posts"}],"about":[{"href":"https:\/\/larealidaddelaplata.com.ar\/index.php\/wp-json\/wp\/v2\/types\/post"}],"author":[{"embeddable":true,"href":"https:\/\/larealidaddelaplata.com.ar\/index.php\/wp-json\/wp\/v2\/users\/2"}],"replies":[{"embeddable":true,"href":"https:\/\/larealidaddelaplata.com.ar\/index.php\/wp-json\/wp\/v2\/comments?post=43642"}],"version-history":[{"count":1,"href":"https:\/\/larealidaddelaplata.com.ar\/index.php\/wp-json\/wp\/v2\/posts\/43642\/revisions"}],"predecessor-version":[{"id":43644,"href":"https:\/\/larealidaddelaplata.com.ar\/index.php\/wp-json\/wp\/v2\/posts\/43642\/revisions\/43644"}],"wp:featuredmedia":[{"embeddable":true,"href":"https:\/\/larealidaddelaplata.com.ar\/index.php\/wp-json\/wp\/v2\/media\/43643"}],"wp:attachment":[{"href":"https:\/\/larealidaddelaplata.com.ar\/index.php\/wp-json\/wp\/v2\/media?parent=43642"}],"wp:term":[{"taxonomy":"category","embeddable":true,"href":"https:\/\/larealidaddelaplata.com.ar\/index.php\/wp-json\/wp\/v2\/categories?post=43642"},{"taxonomy":"post_tag","embeddable":true,"href":"https:\/\/larealidaddelaplata.com.ar\/index.php\/wp-json\/wp\/v2\/tags?post=43642"}],"curies":[{"name":"wp","href":"https:\/\/api.w.org\/{rel}","templated":true}]}}