{"id":5439,"date":"2021-01-19T18:41:12","date_gmt":"2021-01-19T21:41:12","guid":{"rendered":"http:\/\/larealidaddelaplata.com.ar\/?p=5439"},"modified":"2021-01-19T18:44:43","modified_gmt":"2021-01-19T21:44:43","slug":"carolina-piparo-los-unicos-que-salen-de-caceria-son-los-delincuentes","status":"publish","type":"post","link":"https:\/\/larealidaddelaplata.com.ar\/index.php\/2021\/01\/19\/carolina-piparo-los-unicos-que-salen-de-caceria-son-los-delincuentes\/","title":{"rendered":"Carolina P\u00edparo: &#8220;Los \u00fanicos que salen de cacer\u00eda son los delincuentes&#8221;"},"content":{"rendered":"\n<p>Este martes 19 de enero, declar\u00f3 la diputada provincial, Carolina P\u00edparo y su hermano, Mat\u00edas. Ambos fueron citados por la fiscal Mar\u00eda Eugenia Di Lorenzo, quien investiga la responsabilidad de Juan Ignacio Buzali, sobre los hechos ocurridos en las primeras horas de a\u00f1o nuevo. <\/p>\n\n\n\n<p>Cuando sali\u00f3 de la sede Judicial de la calle 54 entre 6 y 7, P\u00edparo respondi\u00f3 a las declaraciones realizadas por el abogado de las v\u00edctimas: <strong>&#8220;Entiendo su tarea como defensor pero ac\u00e1 los \u00fanicos que salen de cacer\u00eda son los delincuentes&#8221;. <\/strong><\/p>\n\n\n\n<p>Asimismo la funcionaria platense defendi\u00f3 a su marido y aseguro que &#8220;es una persona incapaz de da\u00f1ar a alguien&#8221;, y agreg\u00f3: &#8220;Espero que la justicia pueda resolver su situaci\u00f3n&#8221;. <\/p>\n\n\n\n<p>La primera en declarar fue la diputa y en segundo lugar su hermano. Luego de que P\u00edparo hiciera el descargo, el abogado de una de las victimas, Mart\u00edn de Vargas, brind\u00f3 declaraciones a la prensa. <\/p>\n\n\n\n<figure class=\"wp-block-image size-large\"><img loading=\"lazy\" decoding=\"async\" width=\"1024\" height=\"776\" src=\"http:\/\/34.121.140.25\/wp-content\/uploads\/2021\/01\/Martin-de-Vargas-1024x776.jpg\" alt=\"\" class=\"wp-image-5451\" srcset=\"https:\/\/larealidaddelaplata.com.ar\/wp-content\/uploads\/2021\/01\/Martin-de-Vargas-1024x776.jpg 1024w, https:\/\/larealidaddelaplata.com.ar\/wp-content\/uploads\/2021\/01\/Martin-de-Vargas-300x227.jpg 300w, https:\/\/larealidaddelaplata.com.ar\/wp-content\/uploads\/2021\/01\/Martin-de-Vargas-768x582.jpg 768w, https:\/\/larealidaddelaplata.com.ar\/wp-content\/uploads\/2021\/01\/Martin-de-Vargas.jpg 1500w\" sizes=\"(max-width: 1024px) 100vw, 1024px\" \/><\/figure>\n\n\n\n<p><strong>&#8220;Vamos a presentar la denuncia por falso testimonio. Hay una falsedad en cuanto a los domicilios que dan\u201d<\/strong>, sostuvo el abogado y asegur\u00f3 que P\u00edpara &#8220;no se mostr\u00f3 arrepentida&#8221;. <\/p>\n\n\n\n<p>Cabe recordar que Juan Ignacio Buzali, est\u00e1 imputado y  detenido por la car\u00e1tula de &#8220;tentativa de homicidio&#8221;. <\/p>\n\n\n\n<p>  <\/p>\n","protected":false},"excerpt":{"rendered":"<p>Este martes 19 de enero, declar\u00f3 la diputada provincial, Carolina P\u00edparo y su hermano, Mat\u00edas. Ambos fueron citados por la fiscal Mar\u00eda Eugenia Di Lorenzo, quien investiga la responsabilidad de Juan Ignacio Buzali, sobre los hechos ocurridos en las primeras horas de a\u00f1o nuevo. Cuando sali\u00f3 de la sede Judicial de la calle 54 entre 6 y 7, P\u00edparo respondi\u00f3 a las declaraciones realizadas por el abogado de las v\u00edctimas:&hellip;<\/p>\n","protected":false},"author":3,"featured_media":5447,"comment_status":"open","ping_status":"open","sticky":false,"template":"","format":"standard","meta":{"_acf_changed":false,"footnotes":""},"categories":[2],"tags":[932,936],"class_list":["post-5439","post","type-post","status-publish","format-standard","has-post-thumbnail","hentry","category-provincia","tag-carolina-piparo","tag-juan-ignacio-buzali"],"acf":[],"aioseo_notices":[],"_links":{"self":[{"href":"https:\/\/larealidaddelaplata.com.ar\/index.php\/wp-json\/wp\/v2\/posts\/5439"}],"collection":[{"href":"https:\/\/larealidaddelaplata.com.ar\/index.php\/wp-json\/wp\/v2\/posts"}],"about":[{"href":"https:\/\/larealidaddelaplata.com.ar\/index.php\/wp-json\/wp\/v2\/types\/post"}],"author":[{"embeddable":true,"href":"https:\/\/larealidaddelaplata.com.ar\/index.php\/wp-json\/wp\/v2\/users\/3"}],"replies":[{"embeddable":true,"href":"https:\/\/larealidaddelaplata.com.ar\/index.php\/wp-json\/wp\/v2\/comments?post=5439"}],"version-history":[{"count":0,"href":"https:\/\/larealidaddelaplata.com.ar\/index.php\/wp-json\/wp\/v2\/posts\/5439\/revisions"}],"wp:featuredmedia":[{"embeddable":true,"href":"https:\/\/larealidaddelaplata.com.ar\/index.php\/wp-json\/wp\/v2\/media\/5447"}],"wp:attachment":[{"href":"https:\/\/larealidaddelaplata.com.ar\/index.php\/wp-json\/wp\/v2\/media?parent=5439"}],"wp:term":[{"taxonomy":"category","embeddable":true,"href":"https:\/\/larealidaddelaplata.com.ar\/index.php\/wp-json\/wp\/v2\/categories?post=5439"},{"taxonomy":"post_tag","embeddable":true,"href":"https:\/\/larealidaddelaplata.com.ar\/index.php\/wp-json\/wp\/v2\/tags?post=5439"}],"curies":[{"name":"wp","href":"https:\/\/api.w.org\/{rel}","templated":true}]}}