{"id":6222,"date":"2021-02-16T13:08:25","date_gmt":"2021-02-16T16:08:25","guid":{"rendered":"http:\/\/larealidaddelaplata.com.ar\/?p=6222"},"modified":"2021-02-16T13:08:26","modified_gmt":"2021-02-16T16:08:26","slug":"record-de-turistas-en-la-provincia","status":"publish","type":"post","link":"https:\/\/larealidaddelaplata.com.ar\/index.php\/2021\/02\/16\/record-de-turistas-en-la-provincia\/","title":{"rendered":"R\u00e9cord de turistas en la provincia"},"content":{"rendered":"\n<p>Durante este fin de semana de Carnaval, la temporada de verano alcanz\u00f3 un nuevo pico de turistas en la provincia de Buenos Aires. Se estima que se movilizaron\u00a0casi\u00a0800 mil personas.<\/p>\n\n\n\n<p>Fue este domingo 14 de febrero, cuando 779.982 personas se encontraban presentes en los distintos destinos tur\u00edsticos bonaerenses, superando el r\u00e9cord que se hab\u00eda alcanzado el 23 de enero pasado. De esta manera, la temporada extendida se acerca a los 5 millones de visitantes en toda la Provincia.<\/p>\n\n\n\n<p>Asimismo, a partir de los 271.881 certificados que se emitieron a trav\u00e9s de la aplicaci\u00f3n Cuidar Verano, la semana de 8 al 14 de febrero registr\u00f3 el ingreso de 586.640 turistas, dando cuenta de un aumento del 31,5% respecto de la semana anterior.<\/p>\n\n\n\n<p>La ciudad que m\u00e1s creci\u00f3 en t\u00e9rminos de visitas fue Mar del Plata, con un incremento del 47%, en tanto que Mar de Aj\u00f3 se posicion\u00f3 con un aumento del 40%, Las Toninas, con un 39% y Tandil con un 31%.<\/p>\n\n\n\n<p>El partido de La Costa se ha consolidado como el municipio con m\u00e1s cantidad de certificados emitidos y con mayor afluencia, siendo una alternativa elegida por muchos argentinos y argentinas.<\/p>\n\n\n\n<p><strong>La Plata<\/strong><\/p>\n\n\n\n<p>Mientras tanto, la ciudad de La Plata tambi\u00e9n cont\u00f3 con alternativas para las y los visitantes.\u00a0Daniel Loyola, presidente del Ente Municipal para la Actividad Tur\u00edstica (EMATUR) de La Plata, explic\u00f3 que \u201cpese al contexto que estamos atravesando, tanto el Municipio como as\u00ed tambi\u00e9n los emprendimientos privados, se han adaptado a cada una de las normas vigentes y estamos teniendo una temporada de verano con much\u00edsimas propuestas\u201d.<\/p>\n\n\n\n<p>Adem\u00e1s Loyola destac\u00f3 que&nbsp;\u201cEn lo que va de la temporada estival m\u00e1s de&nbsp;<strong>20 mil turistas solicitaron el ingreso<\/strong>&nbsp;a la ciudad a trav\u00e9s de la aplicaci\u00f3n \u2018Cuidar Verano\u2019 y eso sin dudas evidencia que fue muy importante organizarse y adem\u00e1s muestra que La Plata es un punto tur\u00edstico que continuar\u00e1 creciendo\u201d.<\/p>\n","protected":false},"excerpt":{"rendered":"<p>Durante este fin de semana de Carnaval, la temporada de verano alcanz\u00f3 un nuevo pico de turistas en la provincia de Buenos Aires. Se estima que se movilizaron\u00a0casi\u00a0800 mil personas. Fue este domingo 14 de febrero, cuando 779.982 personas se encontraban presentes en los distintos destinos tur\u00edsticos bonaerenses, superando el r\u00e9cord que se hab\u00eda alcanzado el 23 de enero pasado. De esta manera, la temporada extendida se acerca a los&hellip;<\/p>\n","protected":false},"author":3,"featured_media":6226,"comment_status":"open","ping_status":"open","sticky":false,"template":"","format":"standard","meta":{"_acf_changed":false,"footnotes":""},"categories":[2],"tags":[1139,1135,369,1137,1136],"class_list":["post-6222","post","type-post","status-publish","format-standard","has-post-thumbnail","hentry","category-provincia","tag-800-mil-turistas","tag-playa","tag-provincia-de-buenos-aires","tag-record","tag-turistas"],"acf":[],"aioseo_notices":[],"_links":{"self":[{"href":"https:\/\/larealidaddelaplata.com.ar\/index.php\/wp-json\/wp\/v2\/posts\/6222"}],"collection":[{"href":"https:\/\/larealidaddelaplata.com.ar\/index.php\/wp-json\/wp\/v2\/posts"}],"about":[{"href":"https:\/\/larealidaddelaplata.com.ar\/index.php\/wp-json\/wp\/v2\/types\/post"}],"author":[{"embeddable":true,"href":"https:\/\/larealidaddelaplata.com.ar\/index.php\/wp-json\/wp\/v2\/users\/3"}],"replies":[{"embeddable":true,"href":"https:\/\/larealidaddelaplata.com.ar\/index.php\/wp-json\/wp\/v2\/comments?post=6222"}],"version-history":[{"count":0,"href":"https:\/\/larealidaddelaplata.com.ar\/index.php\/wp-json\/wp\/v2\/posts\/6222\/revisions"}],"wp:featuredmedia":[{"embeddable":true,"href":"https:\/\/larealidaddelaplata.com.ar\/index.php\/wp-json\/wp\/v2\/media\/6226"}],"wp:attachment":[{"href":"https:\/\/larealidaddelaplata.com.ar\/index.php\/wp-json\/wp\/v2\/media?parent=6222"}],"wp:term":[{"taxonomy":"category","embeddable":true,"href":"https:\/\/larealidaddelaplata.com.ar\/index.php\/wp-json\/wp\/v2\/categories?post=6222"},{"taxonomy":"post_tag","embeddable":true,"href":"https:\/\/larealidaddelaplata.com.ar\/index.php\/wp-json\/wp\/v2\/tags?post=6222"}],"curies":[{"name":"wp","href":"https:\/\/api.w.org\/{rel}","templated":true}]}}