{"id":8958,"date":"2021-04-29T18:56:42","date_gmt":"2021-04-29T21:56:42","guid":{"rendered":"http:\/\/larealidaddelaplata.com.ar\/?p=8958"},"modified":"2021-04-29T18:59:11","modified_gmt":"2021-04-29T21:59:11","slug":"kicillof-se-reunio-con-los-intendentes-y-la-provincia-avanza-con-las-nuevas-restricciones","status":"publish","type":"post","link":"https:\/\/larealidaddelaplata.com.ar\/index.php\/2021\/04\/29\/kicillof-se-reunio-con-los-intendentes-y-la-provincia-avanza-con-las-nuevas-restricciones\/","title":{"rendered":"Kicillof se reuni\u00f3 con los intendentes y la Provincia avanza con las nuevas restricciones"},"content":{"rendered":"\n<p>En v\u00edsperas de lo que ser\u00e1 el anuncio del presidente, Alberto Fern\u00e1ndez, sobre la continuidad y el endurecimiento de las restricciones, desde el gobierno provincial ya comenzaron a coordinar con los Municipios, las nuevas medidas y los pasos a seguir para el control de las mismas.<\/p>\n\n\n\n<p>El Gobernador, Axel Kicillof, mantuvo hoy una reuni\u00f3n virtual con los distintos intendentes en la que adelant\u00f3 que las clases presenciales permanecer\u00e1n suspendidas y que continuar\u00e1n las restricciones a la circulaci\u00f3n desde las 20 en el AMBA. <\/p>\n\n\n\n<p>Aunque tambi\u00e9n admiti\u00f3 que se esperan medidas a\u00fan m\u00e1s fuertes, de hecho, desde su sector indican que se est\u00e1 estudiando prohibir la circulaci\u00f3n de personas que no son consideradas como esenciales a partir de las 16 o 18 hs.<\/p>\n\n\n\n<p>&#8220;Durante los \u00faltimos d\u00edas hemos mantenido conversaciones con el gobierno nacional y con autoridades de la ciudad de Buenos Aires para seguir articulando medidas en la zona metropolitana. Nuestra vocaci\u00f3n sigue siendo la misma: trabajar en conjunto y acatar las decisiones que tome el Presidente&#8221;, dijo el mandatario.<\/p>\n\n\n\n<p>Del encuentro tambi\u00e9n particip\u00f3 el jefe de Gabinete, Carlos Bianco; la ministra de Gobierno, Teresa Garc\u00eda; la directora general de Cultura y Educaci\u00f3n, Agustina Vila; y el viceministro de Salud, Nicol\u00e1s Kreplak.<\/p>\n\n\n\n<p>En di\u00e1logo con los intendentes, Kicillof coincidi\u00f3 en que &#8220;necesitamos reducir la cantidad de contagios, lo que requiere disminuir la circulaci\u00f3n y, al mismo tiempo, profundizar los cuidados personales y el cumplimiento de los protocolos&#8221;.<\/p>\n\n\n\n<p>Y agreg\u00f3: &#8220;Hemos hecho un esfuerzo muy grande para ampliar el sistema sanitario, pero hemos visto en otros lugares del mundo que no hay capacidad de respuesta que alcance cuando el aumento de los casos es exponencial&#8221;.<\/p>\n\n\n\n<p>Hoy m\u00e1s temprano, en di\u00e1logo con El Destape Radio, el viceministro de Salud Nicol\u00e1s Kreplak hizo hincapi\u00e9 en la importancia de bajar el n\u00famero de casos positivos y alert\u00f3 sobre una tercera ola en invierno si no se toman medidas a tiempo. <\/p>\n\n\n\n<p>\u201cCuando hay una curva de ascenso r\u00e1pido no es lo mismo partir de 200 o 300 casos que de 3000 o de 5000. La velocidad se va a poner geom\u00e9trica seg\u00fan la base de contagios que uno tenga en circulaci\u00f3n comunitaria. Eso nos podr\u00eda exponer en invierno, cuando empiece a bajar la temperatura, a una nueva ola que podr\u00eda ser mucho m\u00e1s potente y sin margen\u201d, advirti\u00f3 el viceministro.<\/p>\n","protected":false},"excerpt":{"rendered":"<p>En v\u00edsperas de lo que ser\u00e1 el anuncio del presidente, Alberto Fern\u00e1ndez, sobre la continuidad y el endurecimiento de las restricciones, desde el gobierno provincial ya comenzaron a coordinar con los Municipios, las nuevas medidas y los pasos a seguir para el control de las mismas. El Gobernador, Axel Kicillof, mantuvo hoy una reuni\u00f3n virtual con los distintos intendentes en la que adelant\u00f3 que las clases presenciales permanecer\u00e1n suspendidas y&hellip;<\/p>\n","protected":false},"author":5,"featured_media":8960,"comment_status":"open","ping_status":"open","sticky":false,"template":"","format":"standard","meta":{"_acf_changed":false,"footnotes":""},"categories":[2],"tags":[17,535,1582,369,1759],"class_list":["post-8958","post","type-post","status-publish","format-standard","has-post-thumbnail","hentry","category-provincia","tag-axel-kicillof","tag-covid-19-2","tag-intendentes","tag-provincia-de-buenos-aires","tag-resticciones"],"acf":[],"aioseo_notices":[],"_links":{"self":[{"href":"https:\/\/larealidaddelaplata.com.ar\/index.php\/wp-json\/wp\/v2\/posts\/8958"}],"collection":[{"href":"https:\/\/larealidaddelaplata.com.ar\/index.php\/wp-json\/wp\/v2\/posts"}],"about":[{"href":"https:\/\/larealidaddelaplata.com.ar\/index.php\/wp-json\/wp\/v2\/types\/post"}],"author":[{"embeddable":true,"href":"https:\/\/larealidaddelaplata.com.ar\/index.php\/wp-json\/wp\/v2\/users\/5"}],"replies":[{"embeddable":true,"href":"https:\/\/larealidaddelaplata.com.ar\/index.php\/wp-json\/wp\/v2\/comments?post=8958"}],"version-history":[{"count":0,"href":"https:\/\/larealidaddelaplata.com.ar\/index.php\/wp-json\/wp\/v2\/posts\/8958\/revisions"}],"wp:featuredmedia":[{"embeddable":true,"href":"https:\/\/larealidaddelaplata.com.ar\/index.php\/wp-json\/wp\/v2\/media\/8960"}],"wp:attachment":[{"href":"https:\/\/larealidaddelaplata.com.ar\/index.php\/wp-json\/wp\/v2\/media?parent=8958"}],"wp:term":[{"taxonomy":"category","embeddable":true,"href":"https:\/\/larealidaddelaplata.com.ar\/index.php\/wp-json\/wp\/v2\/categories?post=8958"},{"taxonomy":"post_tag","embeddable":true,"href":"https:\/\/larealidaddelaplata.com.ar\/index.php\/wp-json\/wp\/v2\/tags?post=8958"}],"curies":[{"name":"wp","href":"https:\/\/api.w.org\/{rel}","templated":true}]}}