{"id":9383,"date":"2021-05-11T15:31:51","date_gmt":"2021-05-11T18:31:51","guid":{"rendered":"http:\/\/larealidaddelaplata.com.ar\/?p=9383"},"modified":"2021-05-11T15:34:21","modified_gmt":"2021-05-11T18:34:21","slug":"los-11-cortes-de-carne-a-precio-accesible-del-nuevo-acuerdo-con-el-gobierno","status":"publish","type":"post","link":"https:\/\/larealidaddelaplata.com.ar\/index.php\/2021\/05\/11\/los-11-cortes-de-carne-a-precio-accesible-del-nuevo-acuerdo-con-el-gobierno\/","title":{"rendered":"Los 11 cortes de carne a precio accesible del nuevo acuerdo del Gobierno"},"content":{"rendered":"\n<p>El Ministerio de Desarrollo Productivo junto con la Secretar\u00eda de Comercio Interior llegaron a un nuevo acuerdo para establecer precios de 11 cortes de carnes a un monto accesible.<\/p>\n\n\n\n<p>Estos cortes estar\u00e1n disponibles los mi\u00e9rcoles, s\u00e1bados y domingos. \u00bfDonde los podes comprar? ser\u00e1n vendidos en las cadenas de supermercados y el Mercado Central de Buenos Aires.<\/p>\n\n\n\n<p>Los precios de la carne var\u00edan&nbsp;<strong>entre $110 y $549<\/strong>&nbsp;por kilo:&nbsp;<\/p>\n\n\n\n<ul class=\"wp-block-list\"><li><strong>Asado: $359&nbsp;<\/strong><\/li><li><strong>Paleta: $485<\/strong><\/li><li><strong>Vac\u00edo: $499<\/strong><\/li><li><strong>Matambre: $549<\/strong><\/li><li><strong>Falda: $229<\/strong><\/li><li><strong>Tapa de asado: $429.<\/strong><\/li><li><strong>Cuadrada o bola de lomo: $489<\/strong><\/li><li><strong>Roast beef: $399<\/strong><\/li><li><strong>Carnaza: $359<\/strong><\/li><li><strong>Espinazo: $110<\/strong><\/li><li><strong>Carne picada: $265<\/strong><\/li><\/ul>\n\n\n\n<p>Las cadenas de supermercado que adhieren son las siguientes:&nbsp;<\/p>\n\n\n\n<ul class=\"wp-block-list\"><li><strong>Jumbo<\/strong><\/li><li><strong>Vea<\/strong><\/li><li><strong>Disco<\/strong><\/li><li><strong>Carrefour<\/strong><\/li><li><strong>Waltmart<\/strong><\/li><li><strong>La An\u00f3nima<\/strong><\/li><li><strong>D\u00eda<\/strong><\/li><li><strong>Friar<\/strong><\/li><li><strong>Coto<\/strong><\/li><li><strong>Libertad<\/strong><\/li><\/ul>\n\n\n\n<p>  <\/p>\n","protected":false},"excerpt":{"rendered":"<p>El Ministerio de Desarrollo Productivo junto con la Secretar\u00eda de Comercio Interior llegaron a un nuevo acuerdo para establecer precios de 11 cortes de carnes a un monto accesible. Estos cortes estar\u00e1n disponibles los mi\u00e9rcoles, s\u00e1bados y domingos. \u00bfDonde los podes comprar? ser\u00e1n vendidos en las cadenas de supermercados y el Mercado Central de Buenos Aires. Los precios de la carne var\u00edan&nbsp;entre $110 y $549&nbsp;por kilo:&nbsp; Asado: $359&nbsp; Paleta: $485&hellip;<\/p>\n","protected":false},"author":6,"featured_media":9384,"comment_status":"open","ping_status":"open","sticky":false,"template":"","format":"standard","meta":{"_acf_changed":false,"footnotes":""},"categories":[2],"tags":[1830],"class_list":["post-9383","post","type-post","status-publish","format-standard","has-post-thumbnail","hentry","category-provincia","tag-carne"],"acf":[],"aioseo_notices":[],"_links":{"self":[{"href":"https:\/\/larealidaddelaplata.com.ar\/index.php\/wp-json\/wp\/v2\/posts\/9383"}],"collection":[{"href":"https:\/\/larealidaddelaplata.com.ar\/index.php\/wp-json\/wp\/v2\/posts"}],"about":[{"href":"https:\/\/larealidaddelaplata.com.ar\/index.php\/wp-json\/wp\/v2\/types\/post"}],"author":[{"embeddable":true,"href":"https:\/\/larealidaddelaplata.com.ar\/index.php\/wp-json\/wp\/v2\/users\/6"}],"replies":[{"embeddable":true,"href":"https:\/\/larealidaddelaplata.com.ar\/index.php\/wp-json\/wp\/v2\/comments?post=9383"}],"version-history":[{"count":0,"href":"https:\/\/larealidaddelaplata.com.ar\/index.php\/wp-json\/wp\/v2\/posts\/9383\/revisions"}],"wp:featuredmedia":[{"embeddable":true,"href":"https:\/\/larealidaddelaplata.com.ar\/index.php\/wp-json\/wp\/v2\/media\/9384"}],"wp:attachment":[{"href":"https:\/\/larealidaddelaplata.com.ar\/index.php\/wp-json\/wp\/v2\/media?parent=9383"}],"wp:term":[{"taxonomy":"category","embeddable":true,"href":"https:\/\/larealidaddelaplata.com.ar\/index.php\/wp-json\/wp\/v2\/categories?post=9383"},{"taxonomy":"post_tag","embeddable":true,"href":"https:\/\/larealidaddelaplata.com.ar\/index.php\/wp-json\/wp\/v2\/tags?post=9383"}],"curies":[{"name":"wp","href":"https:\/\/api.w.org\/{rel}","templated":true}]}}